{"id":6029,"date":"2022-07-19T17:02:27","date_gmt":"2022-07-19T20:02:27","guid":{"rendered":"https:\/\/lrm67.com\/?p=6029"},"modified":"2022-07-19T17:02:27","modified_gmt":"2022-07-19T20:02:27","slug":"arraia-caicara-segue-acontecendo-ate-domingo-24-com-diversas-atracoes-e-culinaria-tradicional-na-rua-da-praia","status":"publish","type":"post","link":"https:\/\/lrm67.com\/index.php\/2022\/07\/19\/arraia-caicara-segue-acontecendo-ate-domingo-24-com-diversas-atracoes-e-culinaria-tradicional-na-rua-da-praia\/","title":{"rendered":"Arrai\u00e1 Cai\u00e7ara segue acontecendo at\u00e9 domingo (24) com diversas atra\u00e7\u00f5es e culin\u00e1ria tradicional na Rua da Praia"},"content":{"rendered":"<p style=\"font-weight: 400;\">O tradicional Arrai\u00e1 Cai\u00e7ara de S\u00e3o Sebasti\u00e3o 2022 segue acontecendo at\u00e9 domingo (24), no Complexo Tur\u00edstico da Rua da Praia. No primeiro fim de semana de festa, cerca de 10 mil pessoas passaram pelo local. O evento tamb\u00e9m est\u00e1 sendo muito elogiado pelos comerciantes participantes, que j\u00e1 arrecadaram cerca de R$ 250 mil reais apenas nos tr\u00eas primeiros dias de Arrai\u00e1.<\/p>\n<p style=\"font-weight: 400;\">\nRealizado pela Prefeitura de S\u00e3o Sebasti\u00e3o, por meio da Secretaria de Turismo (SETUR) e da Funda\u00e7\u00e3o Educacional e Cultural \u201cDeodato Sant\u2019Anna\u201d (Fundass), com patroc\u00ednio da Amstel, o Arrai\u00e1 Cai\u00e7ara conta com uma extensa programa\u00e7\u00e3o, repleta de atividades como apresenta\u00e7\u00f5es e interven\u00e7\u00f5es culturais, shows musicais com artistas locais e regionais, pra\u00e7a de alimenta\u00e7\u00e3o com 48 stands de doces e salgados tradicionais dos festejos juninos e da cultura cai\u00e7ara, food trucks, quadrilha junina de bonecos gigantes e de pernas de pau, orquestras de violas, forr\u00f3 e muito mais, sempre a partir das 17h.<\/p>\n<p style=\"font-weight: 400;\">A R\u00e1dio Morada Litoral est\u00e1 com um est\u00fadio\u00a0no Arrai\u00e1, promovendo\u00a0<em>pocket shows<\/em>\u00a0com talentos locais e entrevistas transmitidas ao vivo.<\/p>\n<p style=\"font-weight: 400;\">No festival, seu animal de estima\u00e7\u00e3o \u00e9 muito bem-vindo, pois o evento ser\u00e1 totalmente\u00a0<em>petfriendly.\u00a0<\/em>O espa\u00e7o estar\u00e1 de portas abertas para os animais de estima\u00e7\u00e3o poderem acompanhar seus donos.<\/p>\n<p style=\"font-weight: 400;\">\n<p style=\"font-weight: 400;\"><strong>Festival Sertanejo<\/strong><\/p>\n<p style=\"font-weight: 400;\">Valorizando os artistas locais e a cultura popular atrav\u00e9s da m\u00fasica sertaneja, nos dias 21 e 22 de julho, a partir das 19h30, acontecer\u00e1 o Festival Sertanejo, um concurso de cantores da regi\u00e3o voltados para\u00a0int\u00e9rpretes profissionais ou amadores.\u00a0No total, 30 participantes concorrer\u00e3o entre as categorias solo e dupla.<\/p>\n<p style=\"font-weight: 400;\">Na fase classificat\u00f3ria ser\u00e3o escolhidas as 10 melhores apresenta\u00e7\u00f5es entre ambas as categorias, que ir\u00e3o para a fase final do Festival concorrendo em categorias diferentes. A Categoria Solo ser\u00e1 premiada com R$2.000,00 ao 1\u00ba lugar; R$1.500,00 ao 2\u00ba lugar; e R$1.000,00 ao 3\u00ba lugar. A Categoria Dupla ser\u00e1 premiada com R$3.000,00 ao 1\u00ba lugar; R$2.000,00 ao 2\u00ba lugar; e R$1.500,00 ao 3\u00ba lugar.<\/p>\n<p style=\"font-weight: 400;\">\n<p style=\"font-weight: 400;\"><strong>Casa Cai\u00e7ara<\/strong><\/p>\n<p style=\"font-weight: 400;\">Para<strong>\u00a0<\/strong>quem quiser relembrar ou conhecer como eram as casas cai\u00e7aras de antigamente, ouvir hist\u00f3rias, apresenta\u00e7\u00f5es culturais e degustar a culin\u00e1ria tradicional como o delicioso caf\u00e9 com garapa, a Casa Cai\u00e7ara estar\u00e1 aberta ao p\u00fablico, sempre das 17h \u00e0s 22h.<\/p>\n<p style=\"font-weight: 400;\">\n<p style=\"font-weight: 400;\"><strong>Estacionamento Solid\u00e1rio<\/strong><\/p>\n<p style=\"font-weight: 400;\">O Fundo Social da Prefeitura de S\u00e3o Sebasti\u00e3o est\u00e1 arrecadando alimentos n\u00e3o perec\u00edveis (exceto sal e a\u00e7\u00facar), no Estacionamento Solid\u00e1rio, durante todo o Arrai\u00e1 Cai\u00e7ara.\u00a0O p\u00fablico tamb\u00e9m poder\u00e1 brincar e se divertir na barraca de pescaria do Fundo Social da Prefeitura de S\u00e3o Sebasti\u00e3o. Toda renda arrecadada ser\u00e1 revertida na compra de alimentos n\u00e3o perec\u00edveis para montagem de kits que ser\u00e3o destinados as fam\u00edlias em situa\u00e7\u00e3o emergencial de vulnerabilidade social no munic\u00edpio.<\/p>\n<p style=\"font-weight: 400;\"><strong>\u00a0<\/strong><\/p>\n<p style=\"font-weight: 400;\"><strong>Programa\u00e7\u00e3o completa do Arrai\u00e1 Cai\u00e7ara:<\/strong><\/p>\n<p><strong>19 de julho (ter\u00e7a-feira)<\/strong><br \/>\n17h \u00e0s 22h \u2013 Casa Cai\u00e7ara, com N\u00e1 Maria<br \/>\n19h \u2013 Correio Elegante<br \/>\n20h \u2013 Odair, o pescador de sonhos<br \/>\n21h30 \u2013 Trio Luar<\/p>\n<p><strong>20 de julho (quarta-feira)<\/strong><br \/>\n17h \u00e0s 22h \u2013 Casa Cai\u00e7ara, com N\u00e1 Maria<br \/>\n19h \u2013 Odair, o pescador de sonhos<br \/>\n20h \u2013 Show com Alex Rodrigues<\/p>\n<p><strong>21 de julho (quinta-feira)<\/strong><br \/>\n17h \u00e0s 22h \u2013 Casa Cai\u00e7ara, com N\u00e1 Maria<br \/>\n19h \u2013 Odair, o pescador de sonhos<br \/>\n19h \u2013 Cadeia e Destacamento Policial de Ribeirinha<br \/>\n19h30 \u2013 Festival Sertanejo 2022 \u2013 Eliminat\u00f3rias<\/p>\n<p><strong>22 de julho (sexta-feira)<\/strong><br \/>\n17h \u00e0s 22h \u2013 Casa Cai\u00e7ara, com Lav\u00ednia de Mattos<br \/>\n19h \u2013 Dixeland Folia<br \/>\n19h \u2013 Talho, o Espantalho<br \/>\n19h30 \u2013 Festival Sertanejo 2022 \u2013 Final<br \/>\n21h30 \u2013 Forr\u00f3 em Giro<\/p>\n<p><strong>23 de julho (s\u00e1bado)<\/strong><br \/>\n17h \u00e0s 22h \u2013 Casa Cai\u00e7ara, com Tune da Sanfona<br \/>\n19h \u2013 Dixeland Folia<br \/>\n19h \u2013 Talho, o Espantalho<br \/>\n20h \u2013 Quadrilha de Bonec\u00f5es da Mantiqueira<br \/>\n22h \u2013 Show Musical com o Grupo Esperan\u00e7a Caipira<\/p>\n<p><strong>24 de julho (domingo)<\/strong><br \/>\n17h \u00e0s 22h \u2013 Casa Cai\u00e7ara, com Sebasti\u00e3o Salom\u00e3o<br \/>\n17h \u2013 Retreta da Banda Municipal \u201cMaestro Manoel Ladislau de Mattos\u201d<br \/>\n19h \u2013 Odair, o pescador de sonhos<br \/>\n20h \u2013 Show com Ruan Marques<br \/>\n21h \u2013 Show com Luciano Mendes<\/p>\n","protected":false},"excerpt":{"rendered":"<p>O tradicional Arrai\u00e1 Cai\u00e7ara de S\u00e3o Sebasti\u00e3o 2022 segue acontecendo at\u00e9 domingo (24), no Complexo Tur\u00edstico da Rua da Praia. No primeiro fim de semana de festa, cerca de 10 mil pessoas passaram pelo local. O evento tamb\u00e9m est\u00e1 sendo muito elogiado pelos comerciantes participantes, que j\u00e1 arrecadaram cerca de R$ 250 mil reais apenas [&hellip;]<\/p>\n","protected":false},"author":26,"featured_media":6030,"comment_status":"open","ping_status":"open","sticky":false,"template":"","format":"standard","meta":{"footnotes":""},"categories":[7,12,2,13],"tags":[],"class_list":["post-6029","post","type-post","status-publish","format-standard","has-post-thumbnail","hentry","category-destaque","category-eventos","category-geral","category-sao-sebastiao"],"aioseo_notices":[],"_links":{"self":[{"href":"https:\/\/lrm67.com\/index.php\/wp-json\/wp\/v2\/posts\/6029","targetHints":{"allow":["GET"]}}],"collection":[{"href":"https:\/\/lrm67.com\/index.php\/wp-json\/wp\/v2\/posts"}],"about":[{"href":"https:\/\/lrm67.com\/index.php\/wp-json\/wp\/v2\/types\/post"}],"author":[{"embeddable":true,"href":"https:\/\/lrm67.com\/index.php\/wp-json\/wp\/v2\/users\/26"}],"replies":[{"embeddable":true,"href":"https:\/\/lrm67.com\/index.php\/wp-json\/wp\/v2\/comments?post=6029"}],"version-history":[{"count":1,"href":"https:\/\/lrm67.com\/index.php\/wp-json\/wp\/v2\/posts\/6029\/revisions"}],"predecessor-version":[{"id":6031,"href":"https:\/\/lrm67.com\/index.php\/wp-json\/wp\/v2\/posts\/6029\/revisions\/6031"}],"wp:featuredmedia":[{"embeddable":true,"href":"https:\/\/lrm67.com\/index.php\/wp-json\/wp\/v2\/media\/6030"}],"wp:attachment":[{"href":"https:\/\/lrm67.com\/index.php\/wp-json\/wp\/v2\/media?parent=6029"}],"wp:term":[{"taxonomy":"category","embeddable":true,"href":"https:\/\/lrm67.com\/index.php\/wp-json\/wp\/v2\/categories?post=6029"},{"taxonomy":"post_tag","embeddable":true,"href":"https:\/\/lrm67.com\/index.php\/wp-json\/wp\/v2\/tags?post=6029"}],"curies":[{"name":"wp","href":"https:\/\/api.w.org\/{rel}","templated":true}]}}