{"id":6016,"date":"2022-07-19T12:22:55","date_gmt":"2022-07-19T15:22:55","guid":{"rendered":"https:\/\/lrm67.com\/?p=6016"},"modified":"2022-07-19T12:22:55","modified_gmt":"2022-07-19T15:22:55","slug":"prefeitura-de-sao-sebastiao-realiza-audiencias-publicas-para-apresentacao-do-projeto-de-concessao-de-limpeza-coleta-e-destinacao-de-residuos-solidos-urbanos","status":"publish","type":"post","link":"https:\/\/lrm67.com\/index.php\/2022\/07\/19\/prefeitura-de-sao-sebastiao-realiza-audiencias-publicas-para-apresentacao-do-projeto-de-concessao-de-limpeza-coleta-e-destinacao-de-residuos-solidos-urbanos\/","title":{"rendered":"Prefeitura de S\u00e3o Sebasti\u00e3o realiza audi\u00eancias p\u00fablicas para apresenta\u00e7\u00e3o do projeto de concess\u00e3o de limpeza, coleta e destina\u00e7\u00e3o de res\u00edduos s\u00f3lidos urbanos"},"content":{"rendered":"<p>A Prefeitura de S\u00e3o Sebasti\u00e3o publicou edital de convoca\u00e7\u00e3o de audi\u00eancias p\u00fablicas para apresenta\u00e7\u00e3o do projeto de concess\u00e3o patrocinada visando a moderniza\u00e7\u00e3o, manuten\u00e7\u00e3o e opera\u00e7\u00e3o integrada dos servi\u00e7os de coleta, tratamento e destina\u00e7\u00e3o final com recupera\u00e7\u00e3o energ\u00e9tica dos res\u00edduos s\u00f3lidos urbanos; e de servi\u00e7os de limpeza urbana do munic\u00edpio.<u><\/u><u><\/u><\/p>\n<p>As audi\u00eancias t\u00eam como objetivo informar a sociedade, esclarecer d\u00favidas e conhecer a opini\u00e3o p\u00fablica, recolhendo cr\u00edticas e sugest\u00f5es a respeito do projeto. Acontecer\u00e3o sempre \u00e0s 19h, nos seguintes dias e locais:<u><\/u><u><\/u><\/p>\n<p><strong>&#8211; 26 de julho (ter\u00e7a-feira) &#8211;<\/strong>\u00a0Costa Sul: Escola Municipal Professor Ant\u00f4nio\u00a0Luiz Monteiro, \u00e0 Estrada do Cascalho, n.\u00ba 1.409, em Boi\u00e7ucanga;<u><\/u><u><\/u><\/p>\n<p><strong>&#8211; 27 de julho (quarta-feira) \u2013<\/strong>\u00a0Regi\u00e3o Central: Espa\u00e7o Cultural Batu\u00edra, \u00e0 Rua Martins Duval, n.\u00ba 81, no bairro S\u00e3o Francisco;<u><\/u><u><\/u><\/p>\n<p><strong>\u00a0&#8211; 28 de julho (quinta-feira) &#8211;<\/strong>\u00a0Costa Norte: Creche Debora Tavares Bahia, \u00e0 Rua Liberato Cardoso de Matos, n.\u00ba 65, no Jaragu\u00e1.<u><\/u><u><\/u><\/p>\n<p><u><\/u>\u00a0<u><\/u>Para que seja resguardada a seguran\u00e7a dos participantes, ser\u00e1 permitida a entrada de pessoas at\u00e9 o limite de lota\u00e7\u00e3o dos respectivos espa\u00e7os. As inscri\u00e7\u00f5es ser\u00e3o feitas em listas apropriadas, garantindo-se ao inscrito conhecer a ordem da sua inscri\u00e7\u00e3o.<u><\/u><u><\/u><\/p>\n<p>Para inscrever-se como representante de entidade da sociedade civil, o interessado dever\u00e1 comprovar a legitimidade de sua representatividade, sendo permitida apenas uma inscri\u00e7\u00e3o para cada entidade.<u><\/u><u><\/u><\/p>\n<p>As inscri\u00e7\u00f5es para fazer uso da palavra dever\u00e3o ser realizadas at\u00e9 15 (quinze) minutos antes o in\u00edcio da audi\u00eancia, no pr\u00f3prio local.<u><\/u><u><\/u><\/p>\n<p>A Prefeitura Municipal disponibiliza no site oficial e no Pa\u00e7o Municipal o projeto de projeto de Parceria P\u00fablico-Privada (PPP) dos servi\u00e7os de coleta e tratamento de res\u00edduos s\u00f3lidos urbanos e limpeza urbana.<u><\/u><u><\/u><\/p>\n<p>Ap\u00f3s o t\u00e9rmino da \u00faltima audi\u00eancia p\u00fablica, ser\u00e3o disponibilizados os estudos t\u00e9cnicos de viabilidade do projeto para consulta e contribui\u00e7\u00f5es p\u00fablicas pelo prazo de 30 dias. As contribui\u00e7\u00f5es poder\u00e3o ser encaminhadas via e-mail\u00a0<a href=\"mailto:pppresiduossolidos@saosebastiao.sp.gov.br\" target=\"_blank\" rel=\"noopener\">pppresiduossolidos@<wbr \/>saosebastiao.sp.gov.br<\/a>.<u><\/u><u><\/u><\/p>\n<p><u><\/u>\u00a0<u><\/u>Para mais informa\u00e7\u00f5es, clique\u00a0<a href=\"http:\/\/www.saosebastiao.sp.gov.br\/audiencias_municipais.asp\" target=\"_blank\" rel=\"noopener\" data-saferedirecturl=\"https:\/\/www.google.com\/url?q=http:\/\/www.saosebastiao.sp.gov.br\/audiencias_municipais.asp&amp;source=gmail&amp;ust=1658329732849000&amp;usg=AOvVaw2IJpkBL-skkJK0RIwOi1Tl\">AQUI<\/a>.<\/p>\n","protected":false},"excerpt":{"rendered":"<p>A Prefeitura de S\u00e3o Sebasti\u00e3o publicou edital de convoca\u00e7\u00e3o de audi\u00eancias p\u00fablicas para apresenta\u00e7\u00e3o do projeto de concess\u00e3o patrocinada visando a moderniza\u00e7\u00e3o, manuten\u00e7\u00e3o e opera\u00e7\u00e3o integrada dos servi\u00e7os de coleta, tratamento e destina\u00e7\u00e3o final com recupera\u00e7\u00e3o energ\u00e9tica dos res\u00edduos s\u00f3lidos urbanos; e de servi\u00e7os de limpeza urbana do munic\u00edpio. As audi\u00eancias t\u00eam como objetivo informar [&hellip;]<\/p>\n","protected":false},"author":26,"featured_media":6017,"comment_status":"open","ping_status":"open","sticky":false,"template":"","format":"standard","meta":{"footnotes":""},"categories":[16,13],"tags":[],"class_list":["post-6016","post","type-post","status-publish","format-standard","has-post-thumbnail","hentry","category-politica","category-sao-sebastiao"],"aioseo_notices":[],"_links":{"self":[{"href":"https:\/\/lrm67.com\/index.php\/wp-json\/wp\/v2\/posts\/6016","targetHints":{"allow":["GET"]}}],"collection":[{"href":"https:\/\/lrm67.com\/index.php\/wp-json\/wp\/v2\/posts"}],"about":[{"href":"https:\/\/lrm67.com\/index.php\/wp-json\/wp\/v2\/types\/post"}],"author":[{"embeddable":true,"href":"https:\/\/lrm67.com\/index.php\/wp-json\/wp\/v2\/users\/26"}],"replies":[{"embeddable":true,"href":"https:\/\/lrm67.com\/index.php\/wp-json\/wp\/v2\/comments?post=6016"}],"version-history":[{"count":1,"href":"https:\/\/lrm67.com\/index.php\/wp-json\/wp\/v2\/posts\/6016\/revisions"}],"predecessor-version":[{"id":6018,"href":"https:\/\/lrm67.com\/index.php\/wp-json\/wp\/v2\/posts\/6016\/revisions\/6018"}],"wp:featuredmedia":[{"embeddable":true,"href":"https:\/\/lrm67.com\/index.php\/wp-json\/wp\/v2\/media\/6017"}],"wp:attachment":[{"href":"https:\/\/lrm67.com\/index.php\/wp-json\/wp\/v2\/media?parent=6016"}],"wp:term":[{"taxonomy":"category","embeddable":true,"href":"https:\/\/lrm67.com\/index.php\/wp-json\/wp\/v2\/categories?post=6016"},{"taxonomy":"post_tag","embeddable":true,"href":"https:\/\/lrm67.com\/index.php\/wp-json\/wp\/v2\/tags?post=6016"}],"curies":[{"name":"wp","href":"https:\/\/api.w.org\/{rel}","templated":true}]}}