{"id":5985,"date":"2022-07-18T17:33:12","date_gmt":"2022-07-18T20:33:12","guid":{"rendered":"https:\/\/lrm67.com\/?p=5985"},"modified":"2022-07-18T17:33:12","modified_gmt":"2022-07-18T20:33:12","slug":"robert-scheidt-lars-grael-e-clinio-de-freitas-confirmam-presenca-na-49a-semana-internacional-de-vela-de-ilhabela","status":"publish","type":"post","link":"https:\/\/lrm67.com\/index.php\/2022\/07\/18\/robert-scheidt-lars-grael-e-clinio-de-freitas-confirmam-presenca-na-49a-semana-internacional-de-vela-de-ilhabela\/","title":{"rendered":"Robert Scheidt, Lars Grael e Cl\u00ednio de Freitas confirmam presen\u00e7a na 49\u00aa Semana Internacional de Vela de Ilhabela"},"content":{"rendered":"<p>Mais tr\u00eas estrelas da vela brasileira confirmaram presen\u00e7a para a disputa da 49\u00aa Semana Internacional de Vela de Ilhabela que ser\u00e1 disputada entre os dias 23 e 30 com realiza\u00e7\u00e3o do Yacht Club de Ilhabela e Prefeitura Municipal de Ilhabela.<\/p>\n<p>Robert Scheidt, bicampe\u00e3o Ol\u00edmpico, estar\u00e1 no barco Caballo Loco na classe C-30. Robert tem enorme curr\u00edculo totalizando cinco medalhas em Olimp\u00edadas, treze t\u00edtulos Mundiais e tr\u00eas Ouros em Pan-Americanos. Ele marca seu retorno \u00e0 competi\u00e7\u00e3o ap\u00f3s onze anos.<\/p>\n<p>&#8220;Participei no HPE em 2011, foi muito bacana, semana muito feliz velejando junto com a equipe Fabio Bociarelli junto com meu irm\u00e3o e a filha do F\u00e1bio, ganhamos. Participei em muitas edi\u00e7\u00f5es no passado em diversos barcos, \u00e9 uma competi\u00e7\u00e3o muito forte e organizada, tenho certeza que esse ano ser\u00e1 de n\u00edvel bem alto, uma das maiores da Am\u00e9rica Latina, se n\u00e3o for a maior. Estou muito contente em voltar e espero participar de muitas pois agora n\u00e3o estou mais com agenda ol\u00edmpica t\u00e3o acirrada&#8221;, disse Scheidt: &#8220;Sempre tive participa\u00e7\u00f5es de Vela de Oceano, n\u00e3o \u00e9 uma classe que dediquei muito de meu tempo, mas fiz v\u00e1rias competi\u00e7\u00f5es, gosto muito de velejar em equipe, \u00e9 uma forma muito bacana de dividir as experi\u00eancias, trabalhar em grupo, \u00e9 bem v\u00e1lido pois aprendemos muito. Velejar em um lugar lindo como Ilhabela \u00e9 sempre um prazer&#8221;.<\/p>\n<p>&#8220;Juninho de Jesus \u00e9 muito amigo do Robert, que do outro lado apoia o Juninho. \u00c9 um bom casamento, pelo menos para o Caballo Loco. \u00c9 uma honra para a SIVI a presen\u00e7a do Robert&#8221;, disse Mauro Dottori, diretor de vela do Yacht Club de Ilhabela e comandante do Caballo Loco.<\/p>\n<p><img fetchpriority=\"high\" decoding=\"async\" class=\"alignnone size-full wp-image-5987\" src=\"https:\/\/lrm67.com\/wp-content\/uploads\/2022\/07\/Semana-de-Vela_130780_181005_dsc_7985_edu_grigaitis.jpg\" alt=\"\" width=\"1788\" height=\"1200\" srcset=\"https:\/\/lrm67.com\/wp-content\/uploads\/2022\/07\/Semana-de-Vela_130780_181005_dsc_7985_edu_grigaitis.jpg 1788w, https:\/\/lrm67.com\/wp-content\/uploads\/2022\/07\/Semana-de-Vela_130780_181005_dsc_7985_edu_grigaitis-300x201.jpg 300w, https:\/\/lrm67.com\/wp-content\/uploads\/2022\/07\/Semana-de-Vela_130780_181005_dsc_7985_edu_grigaitis-1024x687.jpg 1024w, https:\/\/lrm67.com\/wp-content\/uploads\/2022\/07\/Semana-de-Vela_130780_181005_dsc_7985_edu_grigaitis-768x515.jpg 768w, https:\/\/lrm67.com\/wp-content\/uploads\/2022\/07\/Semana-de-Vela_130780_181005_dsc_7985_edu_grigaitis-1536x1031.jpg 1536w\" sizes=\"(max-width: 1788px) 100vw, 1788px\" \/><\/p>\n<p>Lars Grael tamb\u00e9m confirmou presen\u00e7a ao lado do seu parceiro do Bronze Ol\u00edmpico de Seul 1988, Cl\u00ednio de Freitas. Os dois estar\u00e3o no Argos na classe ORC, barco de Ubatuba (SP).<\/p>\n<p>Lars tem outra medalha Ol\u00edmpica em Atlanta 1996, possui t\u00edtulo Mundial e vasto curr\u00edculo no esporte com duas outras medalhas em Mundiais, dois t\u00edtulos da Bacardi Cup entre outras conquistas.<\/p>\n<p>&#8220;Por uma quest\u00e3o de custo elevado e dificuldade de arregimentar uma tripula\u00e7\u00e3o amadora j\u00e1 que ficar\u00edamos dez, onze dias por l\u00e1, n\u00e3o consegui viabilizar a ida do meu barco Avohai. Mas irei atrav\u00e9s do Argos convidado pelo comandante Jaime Cupertino, nunca velejei no barco e na tripula\u00e7\u00e3o. Ele est\u00e1 arrumando o barco e vai comigo meu amigo de vida inteira o Cl\u00ednio de Freitas, at\u00e9 hoje velejamos juntos no Avohai, \u00e9 um dos parceiros de Vela para a vida. Objetivo \u00e9 estar presente, prestigiar, n\u00e3o temos ambi\u00e7\u00e3o de resultado ou t\u00edtulo, \u00e9 encontrar amigos e fortalecer a Vela de Oceano. Pra mim \u00e9 sempre um prazer estar em Ilhabela&#8221;, pontuou Lars Grael.<\/p>\n<p>A SIVI j\u00e1 acumula 115 barcos inscritos e cinco medalhistas ol\u00edmpicos na raia. Al\u00e9m dos tr\u00eas citados acima, Torben Grael e Martine Grael estar\u00e3o na disputa com o veleiro Lady Lou nos cl\u00e1ssicos e o Danad\u00e3o na ORC, respectivamente.<\/p>\n<p>Entre outros grandes nomes do evento, o pentacampe\u00e3o Mundial e bicampe\u00e3o pan-americano, Maur\u00edcio Santa Cruz, o Santinha, estar\u00e1 na raia com o Three Musketeers, na HPE25.<\/p>\n<p>As inscri\u00e7\u00f5es encerram nesta ter\u00e7a-feira, dia 19, e podem ser feitas pelo site https:\/\/www.sivilhabela.com.br\/ para as classes ORC, BRA-RGS, C-30, HPE-25, Cl\u00e1ssicos, Bico de Proa, Mini e Multicasco, e podem ser realizadas no site &#8211; https:\/\/www.sivilhabela.com.br\/. A programa\u00e7\u00e3o da competi\u00e7\u00e3o tamb\u00e9m consta no site do evento &#8211; https:\/\/www.sivilhabela.com.br\/programacao\/ .<\/p>\n<p>A 49\u00aa Semana Internacional de Vela de Ilhabela \u00e9 uma realiza\u00e7\u00e3o do Yacht Club de Ilhabela e da Prefeitura Municipal de Ilhabela com organiza\u00e7\u00e3o de produ\u00e7\u00e3o da Full Time Eventos e Turismo. A competi\u00e7\u00e3o tem o patroc\u00ednio da Mitsubishi Motors, Phytoervas e apoio da Brancante Seguros, Robinson Cruso\u00e9, North Sails e Cerveja Corona. Al\u00e9m dos apoios institucionais do ICMBio, Federa\u00e7\u00e3o de Vela do Estado de S\u00e3o Paulo (FEVESP), CBVELA, ABVO e Marinha do Brasil<\/p>\n","protected":false},"excerpt":{"rendered":"<p>Mais tr\u00eas estrelas da vela brasileira confirmaram presen\u00e7a para a disputa da 49\u00aa Semana Internacional de Vela de Ilhabela que ser\u00e1 disputada entre os dias 23 e 30 com realiza\u00e7\u00e3o do Yacht Club de Ilhabela e Prefeitura Municipal de Ilhabela. Robert Scheidt, bicampe\u00e3o Ol\u00edmpico, estar\u00e1 no barco Caballo Loco na classe C-30. Robert tem enorme [&hellip;]<\/p>\n","protected":false},"author":26,"featured_media":5986,"comment_status":"open","ping_status":"open","sticky":false,"template":"","format":"standard","meta":{"footnotes":""},"categories":[7,11,12,3],"tags":[],"class_list":["post-5985","post","type-post","status-publish","format-standard","has-post-thumbnail","hentry","category-destaque","category-esportes","category-eventos","category-ilhabela"],"aioseo_notices":[],"_links":{"self":[{"href":"https:\/\/lrm67.com\/index.php\/wp-json\/wp\/v2\/posts\/5985","targetHints":{"allow":["GET"]}}],"collection":[{"href":"https:\/\/lrm67.com\/index.php\/wp-json\/wp\/v2\/posts"}],"about":[{"href":"https:\/\/lrm67.com\/index.php\/wp-json\/wp\/v2\/types\/post"}],"author":[{"embeddable":true,"href":"https:\/\/lrm67.com\/index.php\/wp-json\/wp\/v2\/users\/26"}],"replies":[{"embeddable":true,"href":"https:\/\/lrm67.com\/index.php\/wp-json\/wp\/v2\/comments?post=5985"}],"version-history":[{"count":1,"href":"https:\/\/lrm67.com\/index.php\/wp-json\/wp\/v2\/posts\/5985\/revisions"}],"predecessor-version":[{"id":5988,"href":"https:\/\/lrm67.com\/index.php\/wp-json\/wp\/v2\/posts\/5985\/revisions\/5988"}],"wp:featuredmedia":[{"embeddable":true,"href":"https:\/\/lrm67.com\/index.php\/wp-json\/wp\/v2\/media\/5986"}],"wp:attachment":[{"href":"https:\/\/lrm67.com\/index.php\/wp-json\/wp\/v2\/media?parent=5985"}],"wp:term":[{"taxonomy":"category","embeddable":true,"href":"https:\/\/lrm67.com\/index.php\/wp-json\/wp\/v2\/categories?post=5985"},{"taxonomy":"post_tag","embeddable":true,"href":"https:\/\/lrm67.com\/index.php\/wp-json\/wp\/v2\/tags?post=5985"}],"curies":[{"name":"wp","href":"https:\/\/api.w.org\/{rel}","templated":true}]}}