{"id":5877,"date":"2022-07-14T16:55:20","date_gmt":"2022-07-14T19:55:20","guid":{"rendered":"https:\/\/lrm67.com\/?p=5877"},"modified":"2022-07-14T16:55:20","modified_gmt":"2022-07-14T19:55:20","slug":"prefeitura-inicia-atividades-adaptadas-para-idosos-e-pcd","status":"publish","type":"post","link":"https:\/\/lrm67.com\/index.php\/2022\/07\/14\/prefeitura-inicia-atividades-adaptadas-para-idosos-e-pcd\/","title":{"rendered":"Prefeitura inicia atividades adaptadas para idosos e PcD"},"content":{"rendered":"<p style=\"font-weight: 400;\">A Prefeitura de S\u00e3o Sebasti\u00e3o, por meio das secretarias da Pessoa com Defici\u00eancia e do Idoso (SEPEDI), Esportes (SEESP) e Funda\u00e7\u00e3o Educacional e Cultural de S\u00e3o Sebasti\u00e3o Deodato Sant\u00b4Anna (FUNDASS) abriu inscri\u00e7\u00f5es para atividades f\u00edsicas, culturais e projetos especializados descentralizados, voltados a idosos e pessoas com defici\u00eancia (PcD).<\/p>\n<p style=\"font-weight: 400;\">\n<p style=\"font-weight: 400;\">As atividades v\u00e3o ocorrer nos bairros\u00a0Jaragu\u00e1, Pontal da Cruz, Topol\u00e2ndia, Itatinga, Boi\u00e7ucanga e Juquehy e come\u00e7am dia 1\u00ba de agosto, segunda-feira.<\/p>\n<p style=\"font-weight: 400;\">\n<p style=\"font-weight: 400;\">As inscri\u00e7\u00f5es podem ser feitas presencialmente na sede da SEPEDI,\u00a0Avenida Vereador Ant\u00f4nio Borges, 1.905, bairro Praia Grande (Balne\u00e1rio dos Trabalhadores), de segunda a sexta-feira, das 8h \u00e0s 17h, ou pelos\u00a0telefones\u00a03892-4890; 3892-2669 e E-mail:\u00a0<a href=\"mailto:sepedi@saosebastiao.sp.gov.br\">sepedi@saosebastiao.sp.gov.br<\/a>. Os documentos necess\u00e1rios s\u00e3o RG, CPF, atestado m\u00e9dico e comprovante de resid\u00eancia atualizado.<\/p>\n<p style=\"font-weight: 400;\">\n<p style=\"font-weight: 400;\"><strong>Confira o cronograma de atividades<\/strong><\/p>\n<p style=\"font-weight: 400;\"><strong>\u00a0<\/strong><\/p>\n<p style=\"font-weight: 400;\"><strong>Segundas-feiras \u2013\u00a0<\/strong>Unidade de Sa\u00fade da Fam\u00edlia (USF) Jaragu\u00e1,\u00a0Rua das Hort\u00eansias, 117 &#8211; 8h, alongamento; 9h, atividade f\u00edsica adaptada;\u00a0Quadra Poliesportiva da Creche Municipal D\u00e9bora Tavares Bahia, Rua Liberato Cardoso de Campos, 65, bairro Jaragu\u00e1, 10h30 funcional para idosos;\u00a011h, atividade adaptada para pessoas com defici\u00eancia (manh\u00e3);\u00a0Centro de Apoio Educacional (CAE) Pontal da Cruz, Rua Maria Francisca Tavolaro, S\/N \u2013\u00a08h30, alongamento idosos; 10h, projeto de comunica\u00e7\u00e3o inclusiva (surdos); 10h, jogos de cartas e tabuleiros (manh\u00e3); per\u00edodo da tarde, 14h, jogos de cartas e tabuleiros para PcDs; 15h30, jogos de cartas e tabuleiros para idosos. Polo SEPEDI, Rua Ben\u00edcio Jo\u00e3o dos Santos, S\/N, bairro Juquehy \u2013 8h, aulas de viol\u00e3o; 9h, aulas de viol\u00e3o; 9h, alongamento e caminhada; 10h30, alongamento e caminhada (manh\u00e3); 14h, aulas de viol\u00e3o; 15h, aulas de viol\u00e3o (tarde);<\/p>\n<p style=\"font-weight: 400;\">\n<p style=\"font-weight: 400;\"><strong>Ter\u00e7as-feiras \u2013<\/strong>\u00a0Centro de Apoio Educacional (CAE) Pontal da Cruz, Rua Maria Francisca Tavolaro, S\/N \u2013 8h30, jogos de cartas e tabuleiros para idosos; 10h, jogos de cartas e tabuleiros para PcD (manh\u00e3); 13h30, alongamento idosos; 14h45, oficina para PcD; 15h, dan\u00e7a circular (tarde); Quadra Poliesportiva do bairro Itatinga, Rua Francisco In\u00e1cio Brum do Canto, S\/N \u2013 8h, alongamento para idosos; 9h30, funcional idosos; 11h, atividade adaptada para PcD (manh\u00e3); Polo de Boi\u00e7ucanga, Rua Maria Aparecida de Moura, 99 \u2013 17h, aulas de jazz para idosos (tarde); Polo SEPEDI, Rua Ben\u00edcio Jo\u00e3o dos Santos, S\/N, bairro Juquehy \u2013 9h, dan\u00e7a brasileira; 10h, dan\u00e7a brasileira; 10h, atividade adaptada (manh\u00e3); 14h, projeto atividade adaptada para PcD; 15h, projeto atividade adaptada para idosos (tarde);<\/p>\n<p style=\"font-weight: 400;\">\n<p style=\"font-weight: 400;\"><strong>Quartas-feiras \u2013<\/strong>\u00a0Unidade de Sa\u00fade da Fam\u00edlia (USF) Jaragu\u00e1,\u00a0Rua das Hort\u00eansias, 117 &#8211; 8h, alongamento; 9h, atividade f\u00edsica adaptada;\u00a0Quadra Poliesportiva da Creche Municipal D\u00e9bora Tavares Bahia, Rua Liberato Cardoso de Campos, 65, bairro Jaragu\u00e1 \u2013\u00a010h30, funcional para idosos;\u00a0Centro de Apoio Educacional (CAE) Pontal da Cruz, Rua Maria Francisca Tavolaro, S\/N \u2013 8h30, alongamento para PcD; 10h, alongamento idosos (manh\u00e3); 14h, jogos de cartas e tabuleiros para PcD; 15h30, jogos de cartas e tabuleiros para idosos (tarde);\u00a0Centro de Aten\u00e7\u00e3o Psicossocial (CAPS I), Rua Ant\u00f4nio Pereira da Silva, s\/n, bairro Topol\u00e2ndia \u2013 8h, projeto de atividade adaptada (manh\u00e3);\u00a0Polo SEPEDI, Rua Ben\u00edcio Jo\u00e3o dos Santos, S\/N, bairro Juquehy \u2013 9h, alongamento e caminhada; 10h30, alongamento e caminhada (manh\u00e3); 13h,\u00a0projetos especializados, grupo de fam\u00edlias, pessoas com defici\u00eancia,\u00a0transtorno do espectro autista (TEA); 13h, projeto criarte (TEA); 14h, grupo de fam\u00edlias, pessoas com defici\u00eancia,\u00a0(TEA); 14h, projeto criarte (TEA), projetos especializados (tarde);<\/p>\n<p style=\"font-weight: 400;\">\n<p style=\"font-weight: 400;\"><strong>Quintas-feiras \u2013<\/strong>\u00a0Centro de Apoio Educacional (CAE) Pontal da Cruz, Rua Maria Francisca Tavolaro, S\/N \u2013 13h30, projeto roda de conversas com os idosos; 14h45, projeto preven\u00e7\u00e3o de quedas e relaxamento (tarde); Quadra Poliesportiva do bairro Itatinga, Rua Francisco In\u00e1cio Brum do Canto, S\/N \u2013 8h, alongamento para idosos; 9h30, funcional idosos; 11h, atividade adaptada para PcD (manh\u00e3); Polo de Boi\u00e7ucanga, Rua Maria Aparecida de Moura, 99 \u2013 17h, aulas de jazz para idosos (tarde); Polo SEPEDI, Rua Ben\u00edcio Jo\u00e3o dos Santos, S\/N, bairro Juquehy \u2013 9h, dan\u00e7a brasileira; 10h, dan\u00e7a brasileira; 11h alongamento (manh\u00e3); 14h, projeto de estimula\u00e7\u00e3o cognitiva; 14h, cartas e jogos de tabuleiros para PcD; 15h, cartas e jogos de tabuleiros para idosos (tarde);<\/p>\n<p style=\"font-weight: 400;\">\n<p style=\"font-weight: 400;\"><strong>Sextas-feiras \u2013\u00a0<\/strong>Quadra Poliesportiva da Creche Municipal D\u00e9bora Tavares Bahia, Rua Liberato Cardoso de Campos, 65, bairro Jaragu\u00e1 \u2013 8h, projeto atividade adaptada para idosos; 10h, projeto atividade adaptada e jogos recreativos para PcD (manh\u00e3);\u00a0Centro de Aten\u00e7\u00e3o Psicossocial (CAPS I), Rua Ant\u00f4nio Pereira da Silva, s\/n, bairro Topol\u00e2ndia, 8h, projeto de atividade adaptada (manh\u00e3);\u00a0Polo SEPEDI, Rua Ben\u00edcio Jo\u00e3o dos Santos, S\/N, bairro Juquehy \u2013\u00a0 9h, alongamento para idosos; 10h, funcional para idosos; 11h, funcional para PcD (manh\u00e3); 14h, projeto roda de conversa com idosos; 15h30, projeto preven\u00e7\u00e3o de quedas e relaxamento (tarde).<\/p>\n<p style=\"font-weight: 400;\">\n<p style=\"font-weight: 400;\">As atividades f\u00edsicas, culturais e\u00a0projetos especializados descentralizados\u00a0seguem os protocolos sanit\u00e1rios de combate a pandemia do novo coronav\u00edrus (Covid-19) e suas variantes.<\/p>\n","protected":false},"excerpt":{"rendered":"<p>A Prefeitura de S\u00e3o Sebasti\u00e3o, por meio das secretarias da Pessoa com Defici\u00eancia e do Idoso (SEPEDI), Esportes (SEESP) e Funda\u00e7\u00e3o Educacional e Cultural de S\u00e3o Sebasti\u00e3o Deodato Sant\u00b4Anna (FUNDASS) abriu inscri\u00e7\u00f5es para atividades f\u00edsicas, culturais e projetos especializados descentralizados, voltados a idosos e pessoas com defici\u00eancia (PcD). As atividades v\u00e3o ocorrer nos bairros\u00a0Jaragu\u00e1, Pontal [&hellip;]<\/p>\n","protected":false},"author":26,"featured_media":5878,"comment_status":"open","ping_status":"open","sticky":false,"template":"","format":"standard","meta":{"footnotes":""},"categories":[7,2,13],"tags":[],"class_list":["post-5877","post","type-post","status-publish","format-standard","has-post-thumbnail","hentry","category-destaque","category-geral","category-sao-sebastiao"],"aioseo_notices":[],"_links":{"self":[{"href":"https:\/\/lrm67.com\/index.php\/wp-json\/wp\/v2\/posts\/5877","targetHints":{"allow":["GET"]}}],"collection":[{"href":"https:\/\/lrm67.com\/index.php\/wp-json\/wp\/v2\/posts"}],"about":[{"href":"https:\/\/lrm67.com\/index.php\/wp-json\/wp\/v2\/types\/post"}],"author":[{"embeddable":true,"href":"https:\/\/lrm67.com\/index.php\/wp-json\/wp\/v2\/users\/26"}],"replies":[{"embeddable":true,"href":"https:\/\/lrm67.com\/index.php\/wp-json\/wp\/v2\/comments?post=5877"}],"version-history":[{"count":1,"href":"https:\/\/lrm67.com\/index.php\/wp-json\/wp\/v2\/posts\/5877\/revisions"}],"predecessor-version":[{"id":5879,"href":"https:\/\/lrm67.com\/index.php\/wp-json\/wp\/v2\/posts\/5877\/revisions\/5879"}],"wp:featuredmedia":[{"embeddable":true,"href":"https:\/\/lrm67.com\/index.php\/wp-json\/wp\/v2\/media\/5878"}],"wp:attachment":[{"href":"https:\/\/lrm67.com\/index.php\/wp-json\/wp\/v2\/media?parent=5877"}],"wp:term":[{"taxonomy":"category","embeddable":true,"href":"https:\/\/lrm67.com\/index.php\/wp-json\/wp\/v2\/categories?post=5877"},{"taxonomy":"post_tag","embeddable":true,"href":"https:\/\/lrm67.com\/index.php\/wp-json\/wp\/v2\/tags?post=5877"}],"curies":[{"name":"wp","href":"https:\/\/api.w.org\/{rel}","templated":true}]}}