{"id":5860,"date":"2022-07-14T12:12:43","date_gmt":"2022-07-14T15:12:43","guid":{"rendered":"https:\/\/lrm67.com\/?p=5860"},"modified":"2022-07-14T12:12:54","modified_gmt":"2022-07-14T15:12:54","slug":"policia-munici-prende-traficante-na-costa-sul-de-sao-sebastiao","status":"publish","type":"post","link":"https:\/\/lrm67.com\/index.php\/2022\/07\/14\/policia-munici-prende-traficante-na-costa-sul-de-sao-sebastiao\/","title":{"rendered":"Pol\u00edcia Municipal prende traficante na Costa Sul de S\u00e3o Sebasti\u00e3o"},"content":{"rendered":"<p>Marcello Ver\u00edssimo<\/p>\n<p>A Pol\u00edcia Municipal de S\u00e3o Sebasti\u00e3o prendeu em flagrante um homem sob acusa\u00e7\u00e3o de tr\u00e1fico de drogas, em Boi\u00e7ucanga, na costa sul do munic\u00edpio. A pris\u00e3o ocorreu na \u00faltima segunda-feira (11), mas foi divulgado apenas na noite de desta quarta (13).<\/p>\n<p>De acordo com a Pol\u00edcia Municipal de S\u00e3o Sebasti\u00e3o, o flagrante aconteceu na Rua Mogi Gua\u00e7u durante patrulhamento dos agentes pelo bairro. A equipe da Rondas Ostensivas com Motocicletas recebeu uma den\u00fancia sobre um &#8220;vai e vem&#8221; estranho de pessoas no local, caracter\u00edstico do movimento para a compra e venda de drogas.<\/p>\n<p>Ao realizar uma dilig\u00eancia, um suposto traficante, que n\u00e3o teve a identidade revelada tentou fugir assim que percebeu a chegada das motocicletas da Pol\u00edcia Municipal, mas acabou preso. Ele estava com 21 por\u00e7\u00f5es de coca\u00edna, j\u00e1 embaladas para a venda e R$329, em notas mi\u00fadas o que contribui para comprovar o crime de tr\u00e1fico.<\/p>\n<p>O traficante confessou o crime e disse que vendia drogas por enfrentar dificuldades financeiras. Ele foi levado para a Delegacia de Boi\u00e7ucanga.<\/p>\n","protected":false},"excerpt":{"rendered":"<p>Marcello Ver\u00edssimo A Pol\u00edcia Municipal de S\u00e3o Sebasti\u00e3o prendeu em flagrante um homem sob acusa\u00e7\u00e3o de tr\u00e1fico de drogas, em Boi\u00e7ucanga, na costa sul do munic\u00edpio. A pris\u00e3o ocorreu na \u00faltima segunda-feira (11), mas foi divulgado apenas na noite de desta quarta (13). De acordo com a Pol\u00edcia Municipal de S\u00e3o Sebasti\u00e3o, o flagrante aconteceu [&hellip;]<\/p>\n","protected":false},"author":26,"featured_media":5863,"comment_status":"open","ping_status":"open","sticky":false,"template":"","format":"standard","meta":{"footnotes":""},"categories":[7,2,15,13],"tags":[],"class_list":["post-5860","post","type-post","status-publish","format-standard","has-post-thumbnail","hentry","category-destaque","category-geral","category-policia","category-sao-sebastiao"],"aioseo_notices":[],"_links":{"self":[{"href":"https:\/\/lrm67.com\/index.php\/wp-json\/wp\/v2\/posts\/5860","targetHints":{"allow":["GET"]}}],"collection":[{"href":"https:\/\/lrm67.com\/index.php\/wp-json\/wp\/v2\/posts"}],"about":[{"href":"https:\/\/lrm67.com\/index.php\/wp-json\/wp\/v2\/types\/post"}],"author":[{"embeddable":true,"href":"https:\/\/lrm67.com\/index.php\/wp-json\/wp\/v2\/users\/26"}],"replies":[{"embeddable":true,"href":"https:\/\/lrm67.com\/index.php\/wp-json\/wp\/v2\/comments?post=5860"}],"version-history":[{"count":1,"href":"https:\/\/lrm67.com\/index.php\/wp-json\/wp\/v2\/posts\/5860\/revisions"}],"predecessor-version":[{"id":5864,"href":"https:\/\/lrm67.com\/index.php\/wp-json\/wp\/v2\/posts\/5860\/revisions\/5864"}],"wp:featuredmedia":[{"embeddable":true,"href":"https:\/\/lrm67.com\/index.php\/wp-json\/wp\/v2\/media\/5863"}],"wp:attachment":[{"href":"https:\/\/lrm67.com\/index.php\/wp-json\/wp\/v2\/media?parent=5860"}],"wp:term":[{"taxonomy":"category","embeddable":true,"href":"https:\/\/lrm67.com\/index.php\/wp-json\/wp\/v2\/categories?post=5860"},{"taxonomy":"post_tag","embeddable":true,"href":"https:\/\/lrm67.com\/index.php\/wp-json\/wp\/v2\/tags?post=5860"}],"curies":[{"name":"wp","href":"https:\/\/api.w.org\/{rel}","templated":true}]}}