{"id":5855,"date":"2022-07-14T09:56:41","date_gmt":"2022-07-14T12:56:41","guid":{"rendered":"https:\/\/lrm67.com\/?p=5855"},"modified":"2022-07-14T09:57:53","modified_gmt":"2022-07-14T12:57:53","slug":"inscricoes-para-o-44-salao-de-artes-plasticas-waldemar-belisario-sao-prorrogadas","status":"publish","type":"post","link":"https:\/\/lrm67.com\/index.php\/2022\/07\/14\/inscricoes-para-o-44-salao-de-artes-plasticas-waldemar-belisario-sao-prorrogadas\/","title":{"rendered":"Inscri\u00e7\u00f5es para o 44\u00b0 Sal\u00e3o de Artes Pl\u00e1sticas Waldemar Belis\u00e1rio s\u00e3o prorrogadas"},"content":{"rendered":"<p style=\"font-weight: 400;\">A comiss\u00e3o organizadora do 44\u00b0 Sal\u00e3o de Artes Pl\u00e1sticas Waldemar Belis\u00e1rio, prorrogou at\u00e9 o dia 1\u00b0 de agosto, as inscri\u00e7\u00f5es, v\u00e1lido para as categorias de Pintura, Escultura, T\u00e9cnica Mista, Desenho, Fotografia, Gravura e Arte Livre Infanto-Juvenil (artistas de 12 a 18 anos).<\/p>\n<p style=\"font-weight: 400;\">A medida visa atender o maior n\u00famero de artistas para participar do sal\u00e3o. O Regulamento e a Ficha de Inscri\u00e7\u00e3o est\u00e3o dispon\u00edveis no link \u201cExposi\u00e7\u00e3o Waldemar Belis\u00e1rio\u201d no site https\/\/<a href=\"http:\/\/fundaci.org\/\" data-saferedirecturl=\"https:\/\/www.google.com\/url?q=http:\/\/fundaci.org&amp;source=gmail&amp;ust=1657884140610000&amp;usg=AOvVaw2jb6Ti7QXGsWd8WbM0TOr5\">fundaci.org<\/a>, ou no link disponibilizado nas redes sociais: Facebook, nas p\u00e1ginas da Fundaci (www.facebook\/fundaci Ilhabela).<\/p>\n<p style=\"font-weight: 400;\">O evento \u00e9 organizado pela Prefeitura de Ilhabela por meio da Secretaria de Cultura e Funda\u00e7\u00e3o Arte e Cultura de Ilhabela. O valor das premia\u00e7\u00f5es \u00e9 de R$ 600 a R$ 6 mil.<\/p>\n<p style=\"font-weight: 400;\">Mais informa\u00e7\u00f5es podem ser obtidas na Secretaria da Fundaci, que fica localizada na Av. Dr. Carvalho, 80, Vila \u2013 Centro Hist\u00f3rico; pelo e-mail\u00a0<a href=\"mailto:gabinete@fundaci.org\">gabinete@fundaci.org<\/a>\u00a0ou pelo telefone (12) 3896-1747.<\/p>\n<p style=\"font-weight: 400;\">\n","protected":false},"excerpt":{"rendered":"<p>A comiss\u00e3o organizadora do 44\u00b0 Sal\u00e3o de Artes Pl\u00e1sticas Waldemar Belis\u00e1rio, prorrogou at\u00e9 o dia 1\u00b0 de agosto, as inscri\u00e7\u00f5es, v\u00e1lido para as categorias de Pintura, Escultura, T\u00e9cnica Mista, Desenho, Fotografia, Gravura e Arte Livre Infanto-Juvenil (artistas de 12 a 18 anos). A medida visa atender o maior n\u00famero de artistas para participar do sal\u00e3o. [&hellip;]<\/p>\n","protected":false},"author":26,"featured_media":5856,"comment_status":"open","ping_status":"open","sticky":false,"template":"","format":"standard","meta":{"footnotes":""},"categories":[30,2],"tags":[],"class_list":["post-5855","post","type-post","status-publish","format-standard","has-post-thumbnail","hentry","category-cultura","category-geral"],"aioseo_notices":[],"_links":{"self":[{"href":"https:\/\/lrm67.com\/index.php\/wp-json\/wp\/v2\/posts\/5855","targetHints":{"allow":["GET"]}}],"collection":[{"href":"https:\/\/lrm67.com\/index.php\/wp-json\/wp\/v2\/posts"}],"about":[{"href":"https:\/\/lrm67.com\/index.php\/wp-json\/wp\/v2\/types\/post"}],"author":[{"embeddable":true,"href":"https:\/\/lrm67.com\/index.php\/wp-json\/wp\/v2\/users\/26"}],"replies":[{"embeddable":true,"href":"https:\/\/lrm67.com\/index.php\/wp-json\/wp\/v2\/comments?post=5855"}],"version-history":[{"count":1,"href":"https:\/\/lrm67.com\/index.php\/wp-json\/wp\/v2\/posts\/5855\/revisions"}],"predecessor-version":[{"id":5857,"href":"https:\/\/lrm67.com\/index.php\/wp-json\/wp\/v2\/posts\/5855\/revisions\/5857"}],"wp:featuredmedia":[{"embeddable":true,"href":"https:\/\/lrm67.com\/index.php\/wp-json\/wp\/v2\/media\/5856"}],"wp:attachment":[{"href":"https:\/\/lrm67.com\/index.php\/wp-json\/wp\/v2\/media?parent=5855"}],"wp:term":[{"taxonomy":"category","embeddable":true,"href":"https:\/\/lrm67.com\/index.php\/wp-json\/wp\/v2\/categories?post=5855"},{"taxonomy":"post_tag","embeddable":true,"href":"https:\/\/lrm67.com\/index.php\/wp-json\/wp\/v2\/tags?post=5855"}],"curies":[{"name":"wp","href":"https:\/\/api.w.org\/{rel}","templated":true}]}}