{"id":5845,"date":"2022-07-14T09:51:22","date_gmt":"2022-07-14T12:51:22","guid":{"rendered":"https:\/\/lrm67.com\/?p=5845"},"modified":"2022-07-14T09:51:22","modified_gmt":"2022-07-14T12:51:22","slug":"martine-grael-comanda-tripulacao-feminina-ao-lado-de-gabriela-nicolino-na-49a-semana-internacional-de-vela-de-ilhabela","status":"publish","type":"post","link":"https:\/\/lrm67.com\/index.php\/2022\/07\/14\/martine-grael-comanda-tripulacao-feminina-ao-lado-de-gabriela-nicolino-na-49a-semana-internacional-de-vela-de-ilhabela\/","title":{"rendered":"Martine Grael comanda tripula\u00e7\u00e3o feminina ao lado de Gabriela Nicolino na 49\u00aa Semana Internacional de Vela de Ilhabela"},"content":{"rendered":"<p style=\"font-weight: 400;\">Entre os 105 barcos j\u00e1 confirmados, vir\u00e1 o carioca Danad\u00e3o que ser\u00e1 comandado por Martine Grael, bicampe\u00e3 ol\u00edmpica na Rio-2016 e T\u00f3quio-2020. A competi\u00e7\u00e3o \u00e9 uma realiza\u00e7\u00e3o do Yacht Club de Ilhabela em parceria com a Prefeitura Municipal de Ilhabela, e ocorre entre os dias 23 e 30 de julho.<\/p>\n<p style=\"font-weight: 400;\">Martine vem embalada ap\u00f3s a conquista do bicampeonato do Europeu da classe\u00a0<strong>49Er FX<\/strong>\u00a0no \u00faltimo final de semana em Aarhus, na Dinamarca, ao lado de Kahena Kunze. Em Ilhabela ela ter\u00e1 sua parceira de mais de uma d\u00e9cada nas \u00e1guas, a carioca Gabriela Nicolino, que disputou os Jogos de T\u00f3quio ao lado de Samuel Albrecht na classe Nacra 17. Os dois foram medalhistas de Bronze nos Jogos Pan-Americanos de Lima, no Peru, em 2019.<\/p>\n<p style=\"font-weight: 400;\">&#8220;Vamos para a \u00e1gua com a tripula\u00e7\u00e3o n\u00e3o muito treinada.\u00a0Temos alguns dias em que conseguiremos juntar parcialmente a tripula\u00e7\u00e3o. O que vai ser bem bom&#8221;, disse Martine: &#8220;Mas o meu objetivo em vir correr a Semana de Vela, deixando at\u00e9 para tr\u00e1s o nosso calend\u00e1rio um pouco, \u00e9 porque respeito a vela profissional feminina. O\u00a0Brasil est\u00e1 muito atr\u00e1s em rela\u00e7\u00e3o ao resto do mundo.<\/p>\n<p style=\"font-weight: 400;\">J\u00e1 em rela\u00e7\u00e3o a vela profissional j\u00e1 \u00e9 bem atrasado.\u00a0Para mim \u00e9 muito importante prestigiar as competi\u00e7\u00f5es nacionais&#8221;, destacou Martine.<\/p>\n<p style=\"font-weight: 400;\">Nicolino ir\u00e1 como trimmer e t\u00e1tica do veleiro modelo HPE30: &#8220;J\u00e1 corri a SIVI algumas vezes. Inclusive em tripula\u00e7\u00f5es femininas antes.\u00a0Minha fun\u00e7\u00e3o tradicional \u00e9 trimmer e t\u00e1tica. Como esse \u00e9 um barco maior e teremos mais tripulantes, ainda estamos dividindo as fun\u00e7\u00f5es&#8221;, disse: &#8220;\u00c9 muito bom poder vivenciar um pouco dos campeonatos de vela oce\u00e2nica, dar uma pausa no mundo ol\u00edmpico. Velejar em tripula\u00e7\u00f5es maiores, barcos diferentes e nesse caso com grandes amigas. O lugar por si s\u00f3 \u00e9 incr\u00edvel e o clima de celebra\u00e7\u00e3o da SIVI compensa at\u00e9 para o inverno paulista&#8221;.<\/p>\n<p style=\"font-weight: 400;\">Nicolino destacou sua amizade com Martine: &#8220;Conhe\u00e7o a Martine de uma vida inteira. Velejamos juntas desde o Optimist (classe de entrada na Vela). Sempre tivemos \u00f3timas experi\u00eancias correndo em Ilhabela. Corri algumas vezes de J24, outras de HPE25 e uma vez de HPE30 tamb\u00e9m&#8221;.<\/p>\n<p style=\"font-weight: 400;\">O Danad\u00e3o ter\u00e1 ao todo oito tripulantes (Gabriela Kidd, Amanda Rodrigues, Luciana Kopschitz, Isadora Del Ri, Raquel Hora e Ana Carolina Roth). O barco vai competir com outros fortes veleiros na classe ORC como o Crioula 52, um TP-52, que ter\u00e1 Albrecht como t\u00e1tico, e o Phoenix, onde Marco Grael, irm\u00e3o de Martine e tamb\u00e9m filho de Torben Grael, estar\u00e1 na disputa. Marco tamb\u00e9m participou da \u00faltima Olimp\u00edada em T\u00f3quio. No mesmo Phoenix ir\u00e1 o catarinense Andr\u00e9 Fonseca, o Bochecha, com participa\u00e7\u00f5es em tr\u00eas Olimp\u00edadas e tamb\u00e9m na The Ocean Race, a regata de Volta ao Mundo.<\/p>\n<p style=\"font-weight: 400;\">\n<p style=\"font-weight: 400;\">O barco Danad\u00e3o n\u00e3o ser\u00e1 o \u00fanico totalmente feminino. O Rud\u00e1 1, que disputar\u00e1 a classe BRA-RGS, foi o primeiro inscrito e ter\u00e1 Daniela Sanchez no comando em veleiro com a m\u00e3e de Martine, Andrea Grael. Na classe ORC, o veleiro Minna ter\u00e1 homens, mas ser\u00e1 comandado por uma mulher, Elisa Mirow.<\/p>\n<p style=\"font-weight: 400;\"><strong>Competi\u00e7\u00e3o ultrapassa os 100 barcos de sete estados, 15 cidades e dois pa\u00edses\u00a0&#8211;<\/strong>\u00a0As inscri\u00e7\u00f5es seguem abertas para as classes ORC, BRA-RGS,\u00a0C-30,\u00a0HPE-25, Cl\u00e1ssicos, Bico\u00a0de\u00a0Proa, Mini e Multicasco, e podem ser realizadas no site &#8211;\u00a0<a href=\"https:\/\/www.sivilhabela.com.br\/\" data-saferedirecturl=\"https:\/\/www.google.com\/url?q=https:\/\/www.sivilhabela.com.br\/&amp;source=gmail&amp;ust=1657884138247000&amp;usg=AOvVaw3F05o6u_zfFucSS48_AzgF\">https:\/\/www.sivilhabela.com.br\/<\/a>.\u00a0\u00a0J\u00e1 s\u00e3o 105\u00a0barcos inscritos.\u00a0 A programa\u00e7\u00e3o da competi\u00e7\u00e3o tamb\u00e9m consta no site do evento &#8211;\u00a0<a href=\"https:\/\/www.sivilhabela.com.br\/programacao\/\" data-saferedirecturl=\"https:\/\/www.google.com\/url?q=https:\/\/www.sivilhabela.com.br\/programacao\/&amp;source=gmail&amp;ust=1657884138247000&amp;usg=AOvVaw0ln7-V9REl0Tq7Vi_UZ-J6\">https:\/\/www.sivilhabela.com.br\/programacao\/<\/a>\u00a0.<\/p>\n<p style=\"font-weight: 400;\">Ao todo est\u00e3o representados barcos\u00a0de\u00a0sete estados brasileiros (SP, RJ, SC, RS, PE, BA e ES)\u00a0de\u00a0quinze cidades e 43 clubes\u00a0de\u00a0Vela\u00a0do Brasil.\u00a0 Al\u00e9m disso, sete barcos argentinos j\u00e1 est\u00e3o inscritos.<\/p>\n<p style=\"font-weight: 400;\">A 49\u00aa\u00a0Semana\u00a0Internacional\u00a0de\u00a0Vela\u00a0de\u00a0Ilhabela\u00a0\u00e9 uma realiza\u00e7\u00e3o do Yacht Club\u00a0de\u00a0Ilhabela\u00a0e da Prefeitura Municipal\u00a0de\u00a0Ilhabela\u00a0com organiza\u00e7\u00e3o\u00a0de\u00a0produ\u00e7\u00e3o da Full Time Eventos e Turismo. A competi\u00e7\u00e3o tem o patroc\u00ednio da Mitsubishi Motors e apoio da Brancante Seguros, Robinson Cruso\u00e9, North Sails e Cerveja Corona. Al\u00e9m dos apoios institucionais do ICMBio, Federa\u00e7\u00e3o\u00a0de\u00a0Vela\u00a0do Estado\u00a0de\u00a0S\u00e3o Paulo (FEVESP), CBVELA, ABVO e Marinha do Brasil.<\/p>\n","protected":false},"excerpt":{"rendered":"<p>Entre os 105 barcos j\u00e1 confirmados, vir\u00e1 o carioca Danad\u00e3o que ser\u00e1 comandado por Martine Grael, bicampe\u00e3 ol\u00edmpica na Rio-2016 e T\u00f3quio-2020. A competi\u00e7\u00e3o \u00e9 uma realiza\u00e7\u00e3o do Yacht Club de Ilhabela em parceria com a Prefeitura Municipal de Ilhabela, e ocorre entre os dias 23 e 30 de julho. Martine vem embalada ap\u00f3s a [&hellip;]<\/p>\n","protected":false},"author":26,"featured_media":5846,"comment_status":"open","ping_status":"open","sticky":false,"template":"","format":"standard","meta":{"footnotes":""},"categories":[7,12,2,3],"tags":[],"class_list":["post-5845","post","type-post","status-publish","format-standard","has-post-thumbnail","hentry","category-destaque","category-eventos","category-geral","category-ilhabela"],"aioseo_notices":[],"_links":{"self":[{"href":"https:\/\/lrm67.com\/index.php\/wp-json\/wp\/v2\/posts\/5845","targetHints":{"allow":["GET"]}}],"collection":[{"href":"https:\/\/lrm67.com\/index.php\/wp-json\/wp\/v2\/posts"}],"about":[{"href":"https:\/\/lrm67.com\/index.php\/wp-json\/wp\/v2\/types\/post"}],"author":[{"embeddable":true,"href":"https:\/\/lrm67.com\/index.php\/wp-json\/wp\/v2\/users\/26"}],"replies":[{"embeddable":true,"href":"https:\/\/lrm67.com\/index.php\/wp-json\/wp\/v2\/comments?post=5845"}],"version-history":[{"count":1,"href":"https:\/\/lrm67.com\/index.php\/wp-json\/wp\/v2\/posts\/5845\/revisions"}],"predecessor-version":[{"id":5847,"href":"https:\/\/lrm67.com\/index.php\/wp-json\/wp\/v2\/posts\/5845\/revisions\/5847"}],"wp:featuredmedia":[{"embeddable":true,"href":"https:\/\/lrm67.com\/index.php\/wp-json\/wp\/v2\/media\/5846"}],"wp:attachment":[{"href":"https:\/\/lrm67.com\/index.php\/wp-json\/wp\/v2\/media?parent=5845"}],"wp:term":[{"taxonomy":"category","embeddable":true,"href":"https:\/\/lrm67.com\/index.php\/wp-json\/wp\/v2\/categories?post=5845"},{"taxonomy":"post_tag","embeddable":true,"href":"https:\/\/lrm67.com\/index.php\/wp-json\/wp\/v2\/tags?post=5845"}],"curies":[{"name":"wp","href":"https:\/\/api.w.org\/{rel}","templated":true}]}}