{"id":5835,"date":"2022-07-14T11:58:27","date_gmt":"2022-07-14T14:58:27","guid":{"rendered":"https:\/\/lrm67.com\/?p=5835"},"modified":"2022-07-14T12:58:36","modified_gmt":"2022-07-14T15:58:36","slug":"dia-dos-pais-deixa-em-evidia-as-barbearias-gourmet-especialmente-para-eles","status":"publish","type":"post","link":"https:\/\/lrm67.com\/index.php\/2022\/07\/14\/dia-dos-pais-deixa-em-evidia-as-barbearias-gourmet-especialmente-para-eles\/","title":{"rendered":"Dia dos Pais deixa em evid\u00eancia as &#8220;Barbearias Gourmet&#8221; especialmente para eles"},"content":{"rendered":"<p><strong>Marcello Ver\u00edssimo<\/strong><\/p>\n<p>Com a proximidade do Dia dos Pais, que neste ano ser\u00e1 celebrado em 14 de agosto, o com\u00e9rcio se prepara para a data mais importante comercialmente do segundo semestre antes do Dia das Crian\u00e7as e do Natal.<\/p>\n<p>A expectativa dos lojistas em todo o pa\u00eds \u00e9 que em 2022, o \u00edndice das vendas no Dia dos Pais supere o crescimento de 6,2% registrado no ano passado, de acordo com dados do Serasa Experian, que mediu o movimento das vendas na semana dos pais, em agosto de 2021. O crescimento nas vendas s\u00f3 n\u00e3o foi maior que no Dia dos Namorados, que registrou 13,7%.<\/p>\n<p>Mas o pai moderno, antenado com a segunda d\u00e9cada dos anos 2000, que cuida, educa e ensina seus filhos, hoje procura op\u00e7\u00f5es n\u00e3o s\u00f3 para o vestu\u00e1rio, casa ou para seus carros, por exemplo.<\/p>\n<p>O mercado da vaidade masculina est\u00e1 em constante expans\u00e3o e a profissionaliza\u00e7\u00e3o dos profissionais de est\u00e9tica e de novos produtos s\u00e3o necess\u00e1rios para melhorar o atendimento desse p\u00fablico.<\/p>\n<p>De acordo com a Associa\u00e7\u00e3o Brasileira da Ind\u00fastria de Higiene Pessoal, Perfumaria e Cosm\u00e9ticos (ABIHPEC) 45% dos entrevistados se declararam vaidosos, em uma pesquisa encomendada pela entidade. 54% dos homens afirmam que v\u00e3o com frequ\u00eancia ao sal\u00e3o e 40% deles agendam consultas com dermatologistas. &#8220;O Brasil \u00e9 o segundo pa\u00eds do mundo que mais consome produtos e servi\u00e7os voltados a vaidade masculina&#8221;, diz a associa\u00e7\u00e3o.<\/p>\n<p>Fato \u00e9 que vaidade n\u00e3o \u00e9 mais somente coisa de mulher: tratamentos para o cabelo e a pele entraram de vez para o rol da masculinidade.<\/p>\n<p>Mas, e se todo esse universo se concentrar em um ambiente tipicamente com refer\u00eancias do universo masculino, ainda acompanhado de uma boa cerveja artesanal ou chope especial, al\u00e9m de outros servi\u00e7os voltados especialmente para eles?<\/p>\n<p>O Gela Guela, no Serramar Shopping, em Caraguatatuba, adaptou o conceito de &#8220;barber shop&#8221;, que nada mais \u00e9 do que barbearia em ingl\u00eas, e criou o &#8220;Barber &amp; Chope&#8221;, em que os clientes v\u00e3o n\u00e3o s\u00f3 para fazer a barba, cabelo e bigode, mas tamb\u00e9m para encontrar os amigos, bater papo, tomar uma cerveja e comprar produtos relacionados aos cuidados com a pele e a barba. Tudo isso com um toque genuinamente cai\u00e7ara, alinhados a decora\u00e7\u00e3o, profissionalismo da equipe e uma boa trilha sonora. &#8220;Funcionamos dentro do shopping h\u00e1 cinco anos. Primeiro come\u00e7amos com chope e cerveja, por tr\u00eas anos, e nesse conceito estamos h\u00e1 dois. As mulheres v\u00eam, deixam os maridos, v\u00e3o fazer compras, tamb\u00e9m tem aquelas que vem fazer o cabelo, as unhas, n\u00f3s tamb\u00e9m temos manicure. \u00c9 um ambiente para a fam\u00edlia&#8221;, diz o empres\u00e1rio Jos\u00e9 C\u00e9sar de Souza, dono do neg\u00f3cio.<\/p>\n<p>De 2017, ano em que come\u00e7ou a operar, at\u00e9 agora, ele diz que o investimento neste setor vem dando muito certo. &#8220;Temos muita procura, muitos coment\u00e1rios positivos \u00e0 qualidade do nosso trabalho&#8221;, completa o empres\u00e1rio, que se prepara para inaugurar uma segunda unidade do Gela Guela, no Aruan.<\/p>\n<p>O local conta com aproximadamente 200 r\u00f3tulos diferentes de cerveja, al\u00e9m de outros quatro tipos de chope especiais, entre eles o chope de vinho e tamb\u00e9m o gin de Cannabis.<\/p>\n<p>O Gela Guela acompanha uma tend\u00eancia que cresce no pa\u00eds, principalmente nas grandes cidades como S\u00e3o Paulo. A chamada &#8220;gourmetiza\u00e7\u00e3o&#8221;, que ultrapassou os limites da culin\u00e1ria gourmet e hoje pode ser usada em diferentes segmentos. Os &#8220;barbers shops&#8221; apostam no diferencial das barbearias tradicionais, aquelas que existem h\u00e1 d\u00e9cadas e s\u00e3o destinadas apenas ao corte de cabelo e \u00e0 barba. &#8220;Nosso espa\u00e7o \u00e9 para um p\u00fablico que quer degustar uma cerveja especial, que n\u00e3o se encontra em qualquer lugar. Temos diversas cervejas importadas, chope para ser degustado com nossas por\u00e7\u00f5es, que tamb\u00e9m s\u00e3o v\u00e1rias como panceta e salame&#8221;, diz Maur\u00edcio Souza, um dos respons\u00e1veis da loja.<\/p>\n<blockquote><p>&#8220;Somos barbearia, choperia, temos massagem, tudo voltado ao bem estar do cliente. Nosso conceito de barboterapia compreende massagem, esfoliante, ativa o col\u00e1geno, tira a oleosidade, acelera o metabolismo da barba, \u00e9 um conceito novo para se barbear&#8221;, ele completa.<\/p><\/blockquote>\n<p><strong>Barboterapia <\/strong><\/p>\n<p>Durante o tratamento, que dura aproximadamente 40 minutos, o cabeleireiro e barbeiro Dinei Gon\u00e7alves explica que primeiro o procedimento come\u00e7a com uma limpeza da pele, na \u00e1rea do rosto por inteiro, como em uma esp\u00e9cie de massagens com movimentos repetitivos e circulares, antes de cuidar dos pelos da barba. &#8220;Depois coloco a espuma quente, junto a toalha quente com ess\u00eancia de eucalipto, a\u00ed fazemos a barba para depois passar o \u00f3leo hidratante&#8221;, explica Gon\u00e7alves, enquanto aplicava a barboterapia no rep\u00f3rter do <strong>JDL<\/strong>. &#8220;\u00c9 um trabalho que tem como objetivo promover o relaxamento, al\u00e9m de prezar pela hidrata\u00e7\u00e3o da pele e por uma barba bem feita&#8221;.<\/p>\n<p>Outro benef\u00edcio da barboterapia, segundo Gon\u00e7alves, &#8220;\u00e9 prevenir a irrita\u00e7\u00e3o da pele, hidratar os pelos e a regi\u00e3o do rosto, tornando o barbear muito mais prazeroso e seguro&#8221;.<\/p>\n<p>Para conhecer mais sobre o Gela Guela, siga o perfil oficial do Instagram @gelaguelabarberchopp.<\/p>\n","protected":false},"excerpt":{"rendered":"<p>Marcello Ver\u00edssimo Com a proximidade do Dia dos Pais, que neste ano ser\u00e1 celebrado em 14 de agosto, o com\u00e9rcio se prepara para a data mais importante comercialmente do segundo semestre antes do Dia das Crian\u00e7as e do Natal. A expectativa dos lojistas em todo o pa\u00eds \u00e9 que em 2022, o \u00edndice das vendas [&hellip;]<\/p>\n","protected":false},"author":26,"featured_media":5836,"comment_status":"open","ping_status":"open","sticky":false,"template":"","format":"standard","meta":{"footnotes":""},"categories":[8,7,2,48],"tags":[],"class_list":["post-5835","post","type-post","status-publish","format-standard","has-post-thumbnail","hentry","category-caraguatatuba","category-destaque","category-geral","category-publieditorial"],"aioseo_notices":[],"_links":{"self":[{"href":"https:\/\/lrm67.com\/index.php\/wp-json\/wp\/v2\/posts\/5835","targetHints":{"allow":["GET"]}}],"collection":[{"href":"https:\/\/lrm67.com\/index.php\/wp-json\/wp\/v2\/posts"}],"about":[{"href":"https:\/\/lrm67.com\/index.php\/wp-json\/wp\/v2\/types\/post"}],"author":[{"embeddable":true,"href":"https:\/\/lrm67.com\/index.php\/wp-json\/wp\/v2\/users\/26"}],"replies":[{"embeddable":true,"href":"https:\/\/lrm67.com\/index.php\/wp-json\/wp\/v2\/comments?post=5835"}],"version-history":[{"count":4,"href":"https:\/\/lrm67.com\/index.php\/wp-json\/wp\/v2\/posts\/5835\/revisions"}],"predecessor-version":[{"id":5858,"href":"https:\/\/lrm67.com\/index.php\/wp-json\/wp\/v2\/posts\/5835\/revisions\/5858"}],"wp:featuredmedia":[{"embeddable":true,"href":"https:\/\/lrm67.com\/index.php\/wp-json\/wp\/v2\/media\/5836"}],"wp:attachment":[{"href":"https:\/\/lrm67.com\/index.php\/wp-json\/wp\/v2\/media?parent=5835"}],"wp:term":[{"taxonomy":"category","embeddable":true,"href":"https:\/\/lrm67.com\/index.php\/wp-json\/wp\/v2\/categories?post=5835"},{"taxonomy":"post_tag","embeddable":true,"href":"https:\/\/lrm67.com\/index.php\/wp-json\/wp\/v2\/tags?post=5835"}],"curies":[{"name":"wp","href":"https:\/\/api.w.org\/{rel}","templated":true}]}}