{"id":5462,"date":"2022-06-30T10:09:45","date_gmt":"2022-06-30T13:09:45","guid":{"rendered":"https:\/\/lrm67.com\/?p=5462"},"modified":"2022-06-30T10:09:52","modified_gmt":"2022-06-30T13:09:52","slug":"veranico-de-invo-chega-ao-apice-no-mes-de-julho","status":"publish","type":"post","link":"https:\/\/lrm67.com\/index.php\/2022\/06\/30\/veranico-de-invo-chega-ao-apice-no-mes-de-julho\/","title":{"rendered":"Veranico de Inverno chega ao \u00e1pice no m\u00eas de Julho"},"content":{"rendered":"<p>Marcello Ver\u00edssimo<\/p>\n<p>Julho deve come\u00e7ar quente, seco, com madrugadas frias e sem predomin\u00e2ncia de chuvas fortes. \u00c9 o que dizem os meteorologistas da Climatempo. O estado de S\u00e3o Paulo esteve na rota de uma frente fria que n\u00e3o trouxe chuva, mas provocou fortes rajadas de vento, nesta quarta-feira (29). As rajadas de vento mais intensas ocorreram na cidade de S\u00e3o Paulo alcan\u00e7ando 62 Km\/h na regi\u00e3o do aeroporto Campo de Marte, zona norte da capital paulista.<\/p>\n<p>No interior, na regi\u00e3o de S\u00e3o Miguel Arcanjo, as rajadas chegaram aos 61km\/h. Os moradores do Litoral Norte tamb\u00e9m sentiram a intensidade do vento. Em S\u00e3o Sebasti\u00e3o, por volta das 18h de ontem, fortes rajadas de vento atingiram o munic\u00edpio.<\/p>\n<p>Os meteorologistas preveem que a tend\u00eancia \u00e9 de aquecimento para o fim de semana. De acordo com a Climatempo, a frente fria j\u00e1 se afastou de S\u00e3o Paulo, mas o ar frio de origem polar deve se espalhar pelo estado, por\u00e9m os meteorologistas dizem que n\u00e3o ser\u00e1 suficiente para provocar uma queda acentuada de temperatura.<\/p>\n<p>Para Caraguatatuba, a temperatura m\u00e1xima prevista nesta quinta-feira deve ser de 24 graus e a m\u00ednima n\u00e3o deve passar dos 15. Pode chover, mas deve chover pouco aproximadamente 2mm. A sexta-feira (1\u00ba) deve ser de sol com algumas nuvens, \u00e0 noite o c\u00e9u pode estar limpo. A temperatura m\u00e1xima para sexta n\u00e3o deve passar dos 25 graus, a m\u00ednima 14.<\/p>\n<p>No s\u00e1bado (2) n\u00e3o chove em Caraguatatuba e o calor aumenta com temperatura m\u00e1xima em torno de 28 graus, a m\u00ednima n\u00e3o passa dos 15 graus.<\/p>\n<p>O calor do chamado veranico de inverno tamb\u00e9m segue nos outros munic\u00edpios do litoral. Em S\u00e3o Sebasti\u00e3o, pode garoar nesta quinta-feira a temperatura m\u00e1xima chega aos 24 graus, a m\u00ednima prevista \u00e9 de 16. O sol aparece com pouca nebulosidade.<\/p>\n<p>Em Ilhabela, a temperatura m\u00e1xima n\u00e3o passa dos 22 graus nesta quinta-feira, a m\u00ednima chega aos 16. Para esta sexta-feira, o arquip\u00e9lago deve ter sol com algumas nuvens, n\u00e9voa ao amanhecer e noite com poucas nuvens, amanh\u00e3 a temperatura m\u00e1xima em Ilhabela chega aos 23 graus e a m\u00ednima aos 16.<\/p>\n<p>Ubatuba deve registrar nesta quinta-feira 22 graus de temperatura m\u00e1xima, a m\u00ednima n\u00e3o passa dos 16.<\/p>\n","protected":false},"excerpt":{"rendered":"<p>Marcello Ver\u00edssimo Julho deve come\u00e7ar quente, seco, com madrugadas frias e sem predomin\u00e2ncia de chuvas fortes. \u00c9 o que dizem os meteorologistas da Climatempo. O estado de S\u00e3o Paulo esteve na rota de uma frente fria que n\u00e3o trouxe chuva, mas provocou fortes rajadas de vento, nesta quarta-feira (29). As rajadas de vento mais intensas [&hellip;]<\/p>\n","protected":false},"author":26,"featured_media":0,"comment_status":"open","ping_status":"open","sticky":false,"template":"","format":"standard","meta":{"footnotes":""},"categories":[8,7,2,3,18,13,14],"tags":[],"class_list":["post-5462","post","type-post","status-publish","format-standard","hentry","category-caraguatatuba","category-destaque","category-geral","category-ilhabela","category-meio-ambiente","category-sao-sebastiao","category-ubatuba"],"aioseo_notices":[],"_links":{"self":[{"href":"https:\/\/lrm67.com\/index.php\/wp-json\/wp\/v2\/posts\/5462","targetHints":{"allow":["GET"]}}],"collection":[{"href":"https:\/\/lrm67.com\/index.php\/wp-json\/wp\/v2\/posts"}],"about":[{"href":"https:\/\/lrm67.com\/index.php\/wp-json\/wp\/v2\/types\/post"}],"author":[{"embeddable":true,"href":"https:\/\/lrm67.com\/index.php\/wp-json\/wp\/v2\/users\/26"}],"replies":[{"embeddable":true,"href":"https:\/\/lrm67.com\/index.php\/wp-json\/wp\/v2\/comments?post=5462"}],"version-history":[{"count":1,"href":"https:\/\/lrm67.com\/index.php\/wp-json\/wp\/v2\/posts\/5462\/revisions"}],"predecessor-version":[{"id":5464,"href":"https:\/\/lrm67.com\/index.php\/wp-json\/wp\/v2\/posts\/5462\/revisions\/5464"}],"wp:attachment":[{"href":"https:\/\/lrm67.com\/index.php\/wp-json\/wp\/v2\/media?parent=5462"}],"wp:term":[{"taxonomy":"category","embeddable":true,"href":"https:\/\/lrm67.com\/index.php\/wp-json\/wp\/v2\/categories?post=5462"},{"taxonomy":"post_tag","embeddable":true,"href":"https:\/\/lrm67.com\/index.php\/wp-json\/wp\/v2\/tags?post=5462"}],"curies":[{"name":"wp","href":"https:\/\/api.w.org\/{rel}","templated":true}]}}