{"id":43539,"date":"2026-03-07T08:10:28","date_gmt":"2026-03-07T11:10:28","guid":{"rendered":"https:\/\/lrm67.com\/?p=43539"},"modified":"2026-03-07T15:13:39","modified_gmt":"2026-03-07T18:13:39","slug":"cozinha-show-reune-grandes-nomes-da-gastronomia-no-festival-gastronomico-caicara-de-sao-sebastiao-2026","status":"publish","type":"post","link":"https:\/\/lrm67.com\/index.php\/2026\/03\/07\/cozinha-show-reune-grandes-nomes-da-gastronomia-no-festival-gastronomico-caicara-de-sao-sebastiao-2026\/","title":{"rendered":"Cozinha Show re\u00fane grandes nomes da gastronomia no Festival Gastron\u00f4mico Cai\u00e7ara de S\u00e3o Sebasti\u00e3o 2026"},"content":{"rendered":"<p>De 12 a 15 de mar\u00e7o, a Prefeitura de S\u00e3o Sebasti\u00e3o, por meio da Secretaria de Turismo e da Funda\u00e7\u00e3o Educacional e Cultural Deodato Sant\u2019Anna, realiza mais uma edi\u00e7\u00e3o do Festival Gastron\u00f4mico Cai\u00e7ara, no Complexo Tur\u00edstico da Rua da Praia, no Centro Hist\u00f3rico, em celebra\u00e7\u00e3o ao Dia do Cai\u00e7ara e aos 390 anos de Emancipa\u00e7\u00e3o Pol\u00edtico-Administrativa do munic\u00edpio.<\/p>\n<p>Integrando a programa\u00e7\u00e3o do evento, a Cozinha Show ocorrer\u00e1 sempre \u00e0s 18h e \u00e0s 20h, com aulas ao vivo de receitas elaboradas com ingredientes regionais, preparadas por profissionais renomados da gastronomia e tamb\u00e9m por chefs cai\u00e7aras.<\/p>\n<p>Abrindo a programa\u00e7\u00e3o, no dia 12, quinta-feira, o apresentador, ator e entusiasta da gastronomia Andr\u00e9 Marques preparar\u00e1 um prato tradicional. Apaixonado pela culin\u00e1ria brasileira e pela valoriza\u00e7\u00e3o de ingredientes e produtores locais, ele transforma a cozinha em um espa\u00e7o de afeto, troca e boas hist\u00f3rias.<\/p>\n<p>No dia 13, sexta-feira, ser\u00e1 a vez do chef e curador do Festival Gastron\u00f4mico Cai\u00e7ara, Eudes Assis, comandar a Cozinha Show, com a participa\u00e7\u00e3o dos convidados especiais Raul Oliveira e Renan Mattos, do Hotel Renaissance S\u00e3o Paulo.<\/p>\n<p>No dia 14, s\u00e1bado, a gastr\u00f4noma e apresentadora Larissa Janu\u00e1rio conduzir\u00e1 a Cozinha Show, apresentando uma receita especial ao p\u00fablico. Encerrando a programa\u00e7\u00e3o, no dia 15, domingo, o palco receber\u00e1 um encontro gastron\u00f4mico com os chefs Tiago Castanho, Marcelo Corr\u00eaa Bastos e Gustavo Rodrigues, do Bar Sororoca, restaurante reconhecido pelo trabalho dedicado aos peixes e frutos do mar provenientes do litoral e dos rios brasileiros.<\/p>\n<p>Valorizando os talentos locais, a Cozinha Show tamb\u00e9m ser\u00e1 espa\u00e7o para apresenta\u00e7\u00f5es de chefs da regi\u00e3o, com Terence Anderson no dia 12; Marcelo Pandolfo, do M&amp;M Caf\u00e9 e Gastronomia, no dia 13; Davi Ara\u00fajo e Daniel Santos, do restaurante Ondara, em Camburi, no dia 14; e Jo\u00e3o Moraes, da Fazenda Marinha da Praia da Cigarras, no dia 15 de mar\u00e7o.<\/p>\n<p>O Festival Gastron\u00f4mico Cai\u00e7ara ocorrer\u00e1 das 17h \u00e0s 23h e tem como objetivo valorizar, salvaguardar e divulgar o patrim\u00f4nio cultural material e imaterial cai\u00e7ara, al\u00e9m de fortalecer as a\u00e7\u00f5es ligadas ao turismo cultural.<\/p>\n<p>A programa\u00e7\u00e3o contar\u00e1 ainda com um espa\u00e7o de alimenta\u00e7\u00e3o com mais de 30 estabelecimentos comercializando comidas t\u00edpicas da regi\u00e3o, al\u00e9m de shows musicais, exposi\u00e7\u00f5es, oficinas e interven\u00e7\u00f5es art\u00edsticas. A programa\u00e7\u00e3o completa ser\u00e1 divulgada em breve no site da Prefeitura de S\u00e3o Sebasti\u00e3o.<\/p>\n","protected":false},"excerpt":{"rendered":"<p>De 12 a 15 de mar\u00e7o, a Prefeitura de S\u00e3o Sebasti\u00e3o, por meio da Secretaria de Turismo e da Funda\u00e7\u00e3o Educacional e Cultural Deodato Sant\u2019Anna, realiza mais uma edi\u00e7\u00e3o do Festival Gastron\u00f4mico Cai\u00e7ara, no Complexo Tur\u00edstico da Rua da Praia, no Centro Hist\u00f3rico, em celebra\u00e7\u00e3o ao Dia do Cai\u00e7ara e aos 390 anos de Emancipa\u00e7\u00e3o [&hellip;]<\/p>\n","protected":false},"author":26,"featured_media":43540,"comment_status":"open","ping_status":"open","sticky":false,"template":"","format":"standard","meta":{"footnotes":""},"categories":[12,13],"tags":[],"class_list":["post-43539","post","type-post","status-publish","format-standard","has-post-thumbnail","hentry","category-eventos","category-sao-sebastiao"],"aioseo_notices":[],"_links":{"self":[{"href":"https:\/\/lrm67.com\/index.php\/wp-json\/wp\/v2\/posts\/43539","targetHints":{"allow":["GET"]}}],"collection":[{"href":"https:\/\/lrm67.com\/index.php\/wp-json\/wp\/v2\/posts"}],"about":[{"href":"https:\/\/lrm67.com\/index.php\/wp-json\/wp\/v2\/types\/post"}],"author":[{"embeddable":true,"href":"https:\/\/lrm67.com\/index.php\/wp-json\/wp\/v2\/users\/26"}],"replies":[{"embeddable":true,"href":"https:\/\/lrm67.com\/index.php\/wp-json\/wp\/v2\/comments?post=43539"}],"version-history":[{"count":1,"href":"https:\/\/lrm67.com\/index.php\/wp-json\/wp\/v2\/posts\/43539\/revisions"}],"predecessor-version":[{"id":43541,"href":"https:\/\/lrm67.com\/index.php\/wp-json\/wp\/v2\/posts\/43539\/revisions\/43541"}],"wp:featuredmedia":[{"embeddable":true,"href":"https:\/\/lrm67.com\/index.php\/wp-json\/wp\/v2\/media\/43540"}],"wp:attachment":[{"href":"https:\/\/lrm67.com\/index.php\/wp-json\/wp\/v2\/media?parent=43539"}],"wp:term":[{"taxonomy":"category","embeddable":true,"href":"https:\/\/lrm67.com\/index.php\/wp-json\/wp\/v2\/categories?post=43539"},{"taxonomy":"post_tag","embeddable":true,"href":"https:\/\/lrm67.com\/index.php\/wp-json\/wp\/v2\/tags?post=43539"}],"curies":[{"name":"wp","href":"https:\/\/api.w.org\/{rel}","templated":true}]}}