{"id":43479,"date":"2026-03-04T18:17:52","date_gmt":"2026-03-04T21:17:52","guid":{"rendered":"https:\/\/lrm67.com\/?p=43479"},"modified":"2026-03-04T21:21:37","modified_gmt":"2026-03-05T00:21:37","slug":"sao-sebastiao-retoma-forca-tarefa-ambiental-para-coibir-ocupacoes-irregulares-e-invasoes-em-areas-de-risco","status":"publish","type":"post","link":"https:\/\/lrm67.com\/index.php\/2026\/03\/04\/sao-sebastiao-retoma-forca-tarefa-ambiental-para-coibir-ocupacoes-irregulares-e-invasoes-em-areas-de-risco\/","title":{"rendered":"S\u00e3o Sebasti\u00e3o retoma For\u00e7a-Tarefa Ambiental para coibir ocupa\u00e7\u00f5es irregulares e invas\u00f5es em \u00e1reas de risco"},"content":{"rendered":"<p>A Prefeitura de S\u00e3o Sebasti\u00e3o retomou, nesta quarta-feira (4), as a\u00e7\u00f5es da For\u00e7a-Tarefa Ambiental com o objetivo de intensificar o combate \u00e0s ocupa\u00e7\u00f5es irregulares, invas\u00f5es em \u00e1reas ambientalmente protegidas e constru\u00e7\u00f5es em locais de risco no munic\u00edpio.<\/p>\n<p>A iniciativa refor\u00e7a a necessidade de frear, com rigor e de forma permanente, o avan\u00e7o de loteamentos clandestinos, supress\u00e3o de vegeta\u00e7\u00e3o nativa, parcelamento irregular do solo e edifica\u00e7\u00f5es sem autoriza\u00e7\u00e3o, pr\u00e1ticas que comprometem o meio ambiente e colocam vidas em perigo.<\/p>\n<p>A administra\u00e7\u00e3o municipal alerta que moradores n\u00e3o devem iniciar constru\u00e7\u00f5es em \u00e1reas irregulares ou de risco, pois al\u00e9m de estarem sujeitos a san\u00e7\u00f5es administrativas e responsabiliza\u00e7\u00e3o legal, poder\u00e3o perder tudo o que for edificado de forma irregular. A orienta\u00e7\u00e3o \u00e9 que qualquer interven\u00e7\u00e3o seja previamente regularizada junto aos \u00f3rg\u00e3os competentes.<\/p>\n<p>Criada no \u00e2mbito da \u2018Opera\u00e7\u00e3o Sufoco\u2019, a for\u00e7a-tarefa \u00e9 composta por equipes das Secretarias de Seguran\u00e7a Urbana (Segur), Meio Ambiente (Semam), Servi\u00e7os P\u00fablicos (Sesep), Urbanismo (Seurb), Habita\u00e7\u00e3o e Regulariza\u00e7\u00e3o Fundi\u00e1ria (Sehab), Assuntos Jur\u00eddicos (Sajur), Governo (Segov) e Fazenda (Sefaz), al\u00e9m do Gabinete. A a\u00e7\u00e3o conta ainda com o apoio integrado da Pol\u00edcia Civil, Pol\u00edcia Militar e Pol\u00edcia Militar Ambiental.<\/p>\n<p>Desde sua implanta\u00e7\u00e3o, o grupo tem realizado reuni\u00f5es peri\u00f3dicas para definir estrat\u00e9gias e interven\u00e7\u00f5es em pontos cr\u00edticos do munic\u00edpio, como nas regi\u00f5es da Barreira\/Barreirinha, em Cambury, e no Sert\u00e3o da Baleia Verde, onde foram constatadas aberturas clandestinas de vias, supress\u00e3o de vegeta\u00e7\u00e3o, demarca\u00e7\u00e3o irregular de lotes e avan\u00e7o de aterros para expans\u00e3o ilegal de ocupa\u00e7\u00f5es.<\/p>\n<p>Como parte do refor\u00e7o das a\u00e7\u00f5es, o munic\u00edpio deve adotar novas medidas estruturais, entre elas a contrata\u00e7\u00e3o de empresa especializada para execu\u00e7\u00e3o de demoli\u00e7\u00f5es de constru\u00e7\u00f5es irregulares e instala\u00e7\u00e3o de c\u00e2meras de monitoramento nos acessos \u00e0s \u00e1reas mais sens\u00edveis, ampliando a capacidade de fiscaliza\u00e7\u00e3o e preven\u00e7\u00e3o.<\/p>\n<p>A Prefeitura reafirma que a atua\u00e7\u00e3o ser\u00e1 cont\u00ednua, integrada e cada vez mais rigorosa. O objetivo \u00e9 proteger \u00e1reas ambientalmente fr\u00e1geis, preservar o territ\u00f3rio sebastianense e evitar que fam\u00edlias sejam expostas a situa\u00e7\u00f5es de risco ou preju\u00edzos decorrentes de constru\u00e7\u00f5es irregulares.<\/p>\n<p>Den\u00fancias podem ser registradas pelos canais oficiais da Prefeitura e pelos telefones 153 (Pol\u00edcia Municipal), 3892-6000 (Fiscaliza\u00e7\u00e3o Ambiental), 190 (Pol\u00edcia Militar) e 181 (Pol\u00edcia Civil).<\/p>\n","protected":false},"excerpt":{"rendered":"<p>A Prefeitura de S\u00e3o Sebasti\u00e3o retomou, nesta quarta-feira (4), as a\u00e7\u00f5es da For\u00e7a-Tarefa Ambiental com o objetivo de intensificar o combate \u00e0s ocupa\u00e7\u00f5es irregulares, invas\u00f5es em \u00e1reas ambientalmente protegidas e constru\u00e7\u00f5es em locais de risco no munic\u00edpio. A iniciativa refor\u00e7a a necessidade de frear, com rigor e de forma permanente, o avan\u00e7o de loteamentos clandestinos, [&hellip;]<\/p>\n","protected":false},"author":26,"featured_media":43480,"comment_status":"open","ping_status":"open","sticky":false,"template":"","format":"standard","meta":{"footnotes":""},"categories":[15,13],"tags":[],"class_list":["post-43479","post","type-post","status-publish","format-standard","has-post-thumbnail","hentry","category-policia","category-sao-sebastiao"],"aioseo_notices":[],"_links":{"self":[{"href":"https:\/\/lrm67.com\/index.php\/wp-json\/wp\/v2\/posts\/43479","targetHints":{"allow":["GET"]}}],"collection":[{"href":"https:\/\/lrm67.com\/index.php\/wp-json\/wp\/v2\/posts"}],"about":[{"href":"https:\/\/lrm67.com\/index.php\/wp-json\/wp\/v2\/types\/post"}],"author":[{"embeddable":true,"href":"https:\/\/lrm67.com\/index.php\/wp-json\/wp\/v2\/users\/26"}],"replies":[{"embeddable":true,"href":"https:\/\/lrm67.com\/index.php\/wp-json\/wp\/v2\/comments?post=43479"}],"version-history":[{"count":1,"href":"https:\/\/lrm67.com\/index.php\/wp-json\/wp\/v2\/posts\/43479\/revisions"}],"predecessor-version":[{"id":43481,"href":"https:\/\/lrm67.com\/index.php\/wp-json\/wp\/v2\/posts\/43479\/revisions\/43481"}],"wp:featuredmedia":[{"embeddable":true,"href":"https:\/\/lrm67.com\/index.php\/wp-json\/wp\/v2\/media\/43480"}],"wp:attachment":[{"href":"https:\/\/lrm67.com\/index.php\/wp-json\/wp\/v2\/media?parent=43479"}],"wp:term":[{"taxonomy":"category","embeddable":true,"href":"https:\/\/lrm67.com\/index.php\/wp-json\/wp\/v2\/categories?post=43479"},{"taxonomy":"post_tag","embeddable":true,"href":"https:\/\/lrm67.com\/index.php\/wp-json\/wp\/v2\/tags?post=43479"}],"curies":[{"name":"wp","href":"https:\/\/api.w.org\/{rel}","templated":true}]}}