{"id":43464,"date":"2026-03-04T17:49:26","date_gmt":"2026-03-04T20:49:26","guid":{"rendered":"https:\/\/lrm67.com\/?p=43464"},"modified":"2026-03-04T20:49:40","modified_gmt":"2026-03-04T23:49:40","slug":"sao-sebastiao-tera-programacao-cultural-especial-neste-fim-de-semana-com-luau-e-atividades-em-homenagem-ao-dia-das-mulheres","status":"publish","type":"post","link":"https:\/\/lrm67.com\/index.php\/2026\/03\/04\/sao-sebastiao-tera-programacao-cultural-especial-neste-fim-de-semana-com-luau-e-atividades-em-homenagem-ao-dia-das-mulheres\/","title":{"rendered":"S\u00e3o Sebasti\u00e3o ter\u00e1 programa\u00e7\u00e3o cultural especial neste fim de semana com Luau e  atividades em homenagem ao Dia das Mulheres"},"content":{"rendered":"<p>A Prefeitura de S\u00e3o Sebasti\u00e3o, por meio da Secretaria de Turismo (Setur) e da Funda\u00e7\u00e3o Educacional e Cultural \u2018Deodato Sant\u2019Anna\u2019 (Fundass), promove, entre os dias 6 e 8 de mar\u00e7o, uma programa\u00e7\u00e3o cultural gratuita em diferentes pontos da cidade, reunindo apresenta\u00e7\u00f5es musicais com artistas locais, atividades culturais e a\u00e7\u00f5es especiais em celebra\u00e7\u00e3o ao Dia Internacional da Mulher.<\/p>\n<p>Na sexta-feira (6), o projeto M\u00fasica na Janela, no Centro Hist\u00f3rico, abre a programa\u00e7\u00e3o com show da banda Os Traiados, \u00e0s 20h, e de Gustavo Mare, \u00e0s 22h.<\/p>\n<p>No s\u00e1bado (7), a Praia do Arrast\u00e3o recebe mais uma edi\u00e7\u00e3o do Luau Arrast\u00e3o, com uma programa\u00e7\u00e3o que mistura reggae, rock e brasilidades. A noite come\u00e7a com apresenta\u00e7\u00e3o do DJ Youngg Duckk, \u00e0s 18h, seguida pelos shows das bandas Bichos da Costeira, \u00e0s 20h, e DNA 012, \u00e0s 22h, garantindo m\u00fasica e entretenimento ao p\u00fablico.<\/p>\n<p>No domingo (8), a programa\u00e7\u00e3o continua com a tradicional apresenta\u00e7\u00e3o da Banda Municipal de S\u00e3o Sebasti\u00e3o \u2018Maestro Manoel Ladislau de Mattos\u2019, em frente \u00e0 Casa da M\u00fasica, \u00e0s 16h30, com um repert\u00f3rio de diferentes estilos e g\u00eaneros musicais que atravessa d\u00e9cadas. Na sequ\u00eancia, ocorre uma edi\u00e7\u00e3o especial do M\u00fasica na Janela dedicada ao Dia das Mulheres, com apresenta\u00e7\u00f5es de La\u00eds Artista, \u00e0s 18h, e Raiane Pires, \u00e0s 20h.<\/p>\n<p>A programa\u00e7\u00e3o tamb\u00e9m inclui atividades culturais na Casa Cai\u00e7ara, no Centro Hist\u00f3rico, no domingo, com a\u00e7\u00f5es que valorizam a cultura tradicional e o protagonismo feminino. Das 13h \u00e0s 18h, haver\u00e1 culin\u00e1ria cai\u00e7ara com Ang\u00e9lica Souza. \u00c0s 14h, o p\u00fablico poder\u00e1 acompanhar a apresenta\u00e7\u00e3o do Grupo de Mulheres Cai\u00e7aras Fandangueiras e, \u00e0s 16h, a programa\u00e7\u00e3o segue com poesias apresentadas por Dilza Geremias.<\/p>\n<p>Ainda no domingo, a Pra\u00e7a P\u00f4r do Sol, no bairro de Boi\u00e7ucanga, recebe aula aberta de Dan\u00e7a e Ritmos, \u00e0s 18h, conduzida pelo professor Kak\u00e1. Em seguida, o p\u00fablico poder\u00e1 conferir o projeto M\u00fasica na Pra\u00e7a \u2013 Especial Dia das Mulheres, com shows de Puertasy Ventanas, \u00e0s 19h30, e Naiah, \u00e0s 21h.<\/p>\n<p>A iniciativa integra as a\u00e7\u00f5es cont\u00ednuas da Prefeitura voltadas \u00e0 valoriza\u00e7\u00e3o da cultura local, ao incentivo aos artistas da regi\u00e3o e \u00e0 oferta de atividades de lazer para moradores e visitantes.<\/p>\n<h2><strong>Confira a programa\u00e7\u00e3o cultural completa:<\/strong><\/h2>\n<h3><strong>Sexta-feira (6)<\/strong><\/h3>\n<p><strong>Local:<\/strong> Casa da M\u00fasica na Rua da Praia &#8211; Centro Hist\u00f3rico<\/p>\n<p><strong>Projeto M\u00fasica na Janela<\/strong><\/p>\n<p>20h \u2013 Show com Os Traiados<\/p>\n<p>22h \u2013 Show com Gustavo Mare<\/p>\n<p>&nbsp;<\/p>\n<h3><strong>S\u00e1bado (7)<\/strong><\/h3>\n<p><strong>Local:<\/strong> Praia do Arrast\u00e3o<\/p>\n<p>Luau Arrast\u00e3o<\/p>\n<p>18h \u2013 Dj Youngg Duckk<\/p>\n<p>20h \u2013 Banda Bichos da Costeira<\/p>\n<p>22h \u2013 Banda DNA 012<\/p>\n<h3><\/h3>\n<h3><strong>Domingo (8)<\/strong><\/h3>\n<p><strong>Local:<\/strong> Casa da M\u00fasica na Rua da Praia &#8211; Centro Hist\u00f3rico<\/p>\n<p>16h30 &#8211; Retreta da Banda Municipal de S\u00e3o Sebasti\u00e3o \u2018Maestro Manoel Ladislau de Mattos\u2019<\/p>\n<p>M\u00fasica na Janela (Especial Dia das Mulheres)<\/p>\n<p>18h \u2013 Show com La\u00eds Artista<\/p>\n<p>20h \u2013 Show com Raiane Pires<\/p>\n<p><strong>Local:<\/strong> Casa Cai\u00e7ara na Rua da Praia \u2013 Centro Hist\u00f3rico<\/p>\n<p>13h \u00e0s 18h \u2013 Culin\u00e1ria cai\u00e7ara com Ang\u00e9lica Souza<\/p>\n<p>14h \u2013 Grupo de Mulheres Cai\u00e7aras Fandangueiras<\/p>\n<p>16h \u2013 Poesias com Dilza Geremias<\/p>\n<p><strong>Local:<\/strong> Pra\u00e7a P\u00f4r do Sol \u2013 Boi\u00e7ucanga<\/p>\n<p>18h \u2013 Aula aberta de Dan\u00e7a e Ritmos com professor Kak\u00e1<\/p>\n<p>19h30 \u2013 Show com Puertas y Ventanas<\/p>\n<p>21h \u2013 Show com Naiah<\/p>\n","protected":false},"excerpt":{"rendered":"<p>A Prefeitura de S\u00e3o Sebasti\u00e3o, por meio da Secretaria de Turismo (Setur) e da Funda\u00e7\u00e3o Educacional e Cultural \u2018Deodato Sant\u2019Anna\u2019 (Fundass), promove, entre os dias 6 e 8 de mar\u00e7o, uma programa\u00e7\u00e3o cultural gratuita em diferentes pontos da cidade, reunindo apresenta\u00e7\u00f5es musicais com artistas locais, atividades culturais e a\u00e7\u00f5es especiais em celebra\u00e7\u00e3o ao Dia Internacional [&hellip;]<\/p>\n","protected":false},"author":26,"featured_media":43465,"comment_status":"open","ping_status":"open","sticky":false,"template":"","format":"standard","meta":{"footnotes":""},"categories":[30,12,13],"tags":[],"class_list":["post-43464","post","type-post","status-publish","format-standard","has-post-thumbnail","hentry","category-cultura","category-eventos","category-sao-sebastiao"],"aioseo_notices":[],"_links":{"self":[{"href":"https:\/\/lrm67.com\/index.php\/wp-json\/wp\/v2\/posts\/43464","targetHints":{"allow":["GET"]}}],"collection":[{"href":"https:\/\/lrm67.com\/index.php\/wp-json\/wp\/v2\/posts"}],"about":[{"href":"https:\/\/lrm67.com\/index.php\/wp-json\/wp\/v2\/types\/post"}],"author":[{"embeddable":true,"href":"https:\/\/lrm67.com\/index.php\/wp-json\/wp\/v2\/users\/26"}],"replies":[{"embeddable":true,"href":"https:\/\/lrm67.com\/index.php\/wp-json\/wp\/v2\/comments?post=43464"}],"version-history":[{"count":1,"href":"https:\/\/lrm67.com\/index.php\/wp-json\/wp\/v2\/posts\/43464\/revisions"}],"predecessor-version":[{"id":43466,"href":"https:\/\/lrm67.com\/index.php\/wp-json\/wp\/v2\/posts\/43464\/revisions\/43466"}],"wp:featuredmedia":[{"embeddable":true,"href":"https:\/\/lrm67.com\/index.php\/wp-json\/wp\/v2\/media\/43465"}],"wp:attachment":[{"href":"https:\/\/lrm67.com\/index.php\/wp-json\/wp\/v2\/media?parent=43464"}],"wp:term":[{"taxonomy":"category","embeddable":true,"href":"https:\/\/lrm67.com\/index.php\/wp-json\/wp\/v2\/categories?post=43464"},{"taxonomy":"post_tag","embeddable":true,"href":"https:\/\/lrm67.com\/index.php\/wp-json\/wp\/v2\/tags?post=43464"}],"curies":[{"name":"wp","href":"https:\/\/api.w.org\/{rel}","templated":true}]}}