{"id":43433,"date":"2026-03-03T18:22:14","date_gmt":"2026-03-03T21:22:14","guid":{"rendered":"https:\/\/lrm67.com\/?p=43433"},"modified":"2026-03-03T18:22:14","modified_gmt":"2026-03-03T21:22:14","slug":"toninho-colucci-amplia-ensino-medio-civico-municipal-e-consolida-educacao-como-prioridade-em-ilhabela","status":"publish","type":"post","link":"https:\/\/lrm67.com\/index.php\/2026\/03\/03\/toninho-colucci-amplia-ensino-medio-civico-municipal-e-consolida-educacao-como-prioridade-em-ilhabela\/","title":{"rendered":"Toninho Colucci amplia Ensino M\u00e9dio C\u00edvico-Municipal e consolida Educa\u00e7\u00e3o como prioridade em Ilhabela"},"content":{"rendered":"<p>A Prefeitura de Ilhabela, por meio da Secretaria Municipal de Educa\u00e7\u00e3o, iniciou as aulas do Ensino M\u00e9dio C\u00edvico-Municipal Orestes Qu\u00e9rcia, ampliando a oferta educacional da rede municipal e consolidando a Educa\u00e7\u00e3o como um dos principais pilares da gest\u00e3o do prefeito Toninho Colucci.<\/p>\n<p>Reconhecida como um dos carros-chefe do governo Colucci, a \u00e1rea educacional tem recebido investimentos estruturantes e inovadores ao longo dos \u00faltimos anos. Foi nesta gest\u00e3o que Ilhabela inaugurou sua primeira escola c\u00edvico-municipal, a Escola C\u00edvico-Municipal Senador Major Ol\u00edmpio, entregue em 29 de julho de 2022, no bairro Reino, com foco no ensino em tempo integral, disciplina e fortalecimento de valores. Em fevereiro de 2024, a Prefeitura avan\u00e7ou com a entrega da segunda unidade, a Escola C\u00edvico-Municipal Julio Cezar Cardial De Tullio, ampliando o modelo de sucesso. Nos pr\u00f3ximos meses, uma terceira escola c\u00edvico-municipal ser\u00e1 entregue no bairro Itaquanduba, refor\u00e7ando a expans\u00e3o planejada da rede.<\/p>\n<p>Agora, com a implanta\u00e7\u00e3o do Ensino M\u00e9dio C\u00edvico-Municipal Orestes Qu\u00e9rcia, Ilhabela d\u00e1 um passo hist\u00f3rico ao oferecer, na rede pr\u00f3pria, uma forma\u00e7\u00e3o que alia qualidade acad\u00eamica, disciplina, protagonismo juvenil e prepara\u00e7\u00e3o para o futuro.<\/p>\n<p>O prefeito Toninho Colucci destacou a import\u00e2ncia do novo momento para a educa\u00e7\u00e3o do munic\u00edpio. \u201cA implanta\u00e7\u00e3o do Ensino M\u00e9dio C\u00edvico \u00e9 um avan\u00e7o hist\u00f3rico para Ilhabela. Estamos investindo na forma\u00e7\u00e3o dos nossos jovens, com estrutura adequada, disciplina e ensino de qualidade, preparando cada aluno para os desafios do futuro\u201d.<\/p>\n<p>O secret\u00e1rio de Educa\u00e7\u00e3o, F\u00e1bio Merlin, ressaltou o compromisso da rede municipal com a excel\u00eancia. \u201cNosso objetivo \u00e9 oferecer uma educa\u00e7\u00e3o que una conhecimento, valores e responsabilidade. Mesmo com a unidade em obras, organizamos toda a log\u00edstica para que os estudantes n\u00e3o fossem prejudicados e pudessem iniciar o ano letivo com tranquilidade\u201d.<\/p>\n<p>Com a expans\u00e3o do modelo c\u00edvico-municipal e a cria\u00e7\u00e3o do Ensino M\u00e9dio na rede pr\u00f3pria, a Prefeitura refor\u00e7a sua prioridade na constru\u00e7\u00e3o de uma educa\u00e7\u00e3o p\u00fablica s\u00f3lida, atualizada e conectada \u00e0s demandas das fam\u00edlias de Ilhabela, fortalecendo um projeto que impacta diretamente o presente e o futuro das novas gera\u00e7\u00f5es.<\/p>\n","protected":false},"excerpt":{"rendered":"<p>A Prefeitura de Ilhabela, por meio da Secretaria Municipal de Educa\u00e7\u00e3o, iniciou as aulas do Ensino M\u00e9dio C\u00edvico-Municipal Orestes Qu\u00e9rcia, ampliando a oferta educacional da rede municipal e consolidando a Educa\u00e7\u00e3o como um dos principais pilares da gest\u00e3o do prefeito Toninho Colucci. Reconhecida como um dos carros-chefe do governo Colucci, a \u00e1rea educacional tem recebido [&hellip;]<\/p>\n","protected":false},"author":26,"featured_media":43434,"comment_status":"open","ping_status":"open","sticky":false,"template":"","format":"standard","meta":{"footnotes":""},"categories":[19,3],"tags":[],"class_list":["post-43433","post","type-post","status-publish","format-standard","has-post-thumbnail","hentry","category-educacao","category-ilhabela"],"aioseo_notices":[],"_links":{"self":[{"href":"https:\/\/lrm67.com\/index.php\/wp-json\/wp\/v2\/posts\/43433","targetHints":{"allow":["GET"]}}],"collection":[{"href":"https:\/\/lrm67.com\/index.php\/wp-json\/wp\/v2\/posts"}],"about":[{"href":"https:\/\/lrm67.com\/index.php\/wp-json\/wp\/v2\/types\/post"}],"author":[{"embeddable":true,"href":"https:\/\/lrm67.com\/index.php\/wp-json\/wp\/v2\/users\/26"}],"replies":[{"embeddable":true,"href":"https:\/\/lrm67.com\/index.php\/wp-json\/wp\/v2\/comments?post=43433"}],"version-history":[{"count":2,"href":"https:\/\/lrm67.com\/index.php\/wp-json\/wp\/v2\/posts\/43433\/revisions"}],"predecessor-version":[{"id":43436,"href":"https:\/\/lrm67.com\/index.php\/wp-json\/wp\/v2\/posts\/43433\/revisions\/43436"}],"wp:featuredmedia":[{"embeddable":true,"href":"https:\/\/lrm67.com\/index.php\/wp-json\/wp\/v2\/media\/43434"}],"wp:attachment":[{"href":"https:\/\/lrm67.com\/index.php\/wp-json\/wp\/v2\/media?parent=43433"}],"wp:term":[{"taxonomy":"category","embeddable":true,"href":"https:\/\/lrm67.com\/index.php\/wp-json\/wp\/v2\/categories?post=43433"},{"taxonomy":"post_tag","embeddable":true,"href":"https:\/\/lrm67.com\/index.php\/wp-json\/wp\/v2\/tags?post=43433"}],"curies":[{"name":"wp","href":"https:\/\/api.w.org\/{rel}","templated":true}]}}