{"id":43382,"date":"2026-03-02T09:58:51","date_gmt":"2026-03-02T12:58:51","guid":{"rendered":"https:\/\/lrm67.com\/?p=43382"},"modified":"2026-03-02T09:58:51","modified_gmt":"2026-03-02T12:58:51","slug":"prefeitura-de-sao-sebastiao-promove-evento-focado-em-empreendedorismo-feminino-e-defesa-pessoal-no-mes-das-mulheres","status":"publish","type":"post","link":"https:\/\/lrm67.com\/index.php\/2026\/03\/02\/prefeitura-de-sao-sebastiao-promove-evento-focado-em-empreendedorismo-feminino-e-defesa-pessoal-no-mes-das-mulheres\/","title":{"rendered":"Prefeitura de S\u00e3o Sebasti\u00e3o promove evento focado em empreendedorismo feminino e defesa pessoal no m\u00eas das mulheres"},"content":{"rendered":"<p>A Prefeitura de S\u00e3o Sebasti\u00e3o, por meio da Secretaria de Desenvolvimento Econ\u00f4mico e Social (Sedes) promove um evento especial em alus\u00e3o ao Dia Internacional da Mulher, com o tema \u201cEmpreendedorismo Feminino\u201d. O encontro ocorre no Audit\u00f3rio da sede da Secretaria de Educa\u00e7\u00e3o (Seduc), localizado no Centro do munic\u00edpio, das 13h \u00e0s 16h, no dia 18 de mar\u00e7o (quarta-feira). As inscri\u00e7\u00f5es s\u00e3o limitadas, on-line e gratuitas.<\/p>\n<p>O objetivo da iniciativa \u00e9 valorizar, fortalecer e dar visibilidade ao protagonismo feminino no mundo dos neg\u00f3cios, destacando hist\u00f3rias reais de supera\u00e7\u00e3o, lideran\u00e7a e inova\u00e7\u00e3o. Para participar, as interessadas devem preencher o formul\u00e1rio presente no link a seguir:\u00a0<a href=\"https:\/\/docs.google.com\/forms\/d\/1EZ3wwU2n2Y9CKiPaD44I6M7Yy4EocFeXRjBli6o011g\/preview\" target=\"_blank\" rel=\"noopener\">https:\/\/docs.google.com\/forms\/d\/1EZ3wwU2n2Y9CKiPaD44I6M7Yy4EocFeXRjBli6o011g\/preview<\/a>.<\/p>\n<p>A programa\u00e7\u00e3o conta com o painel de discuss\u00e3o \u201cMulheres que Inspiram: Hist\u00f3rias de Sucesso\u201d, reunindo mulheres empreendedoras que compartilhar\u00e3o suas trajet\u00f3rias, desafios enfrentados e conquistas alcan\u00e7adas ao longo de suas jornadas profissionais.<\/p>\n<p>O momento ser\u00e1 uma oportunidade de troca de experi\u00eancias, aprendizado e incentivo para outras mulheres que desejam empreender ou fortalecer seus neg\u00f3cios. Al\u00e9m disso, o evento tamb\u00e9m realiza uma din\u00e2mica de autodefesa, refor\u00e7ando a import\u00e2ncia da seguran\u00e7a, da confian\u00e7a e do fortalecimento pessoal feminino, contribuindo para o empoderamento das participantes.<\/p>\n<p>De acordo com a Sedes, mais do que uma celebra\u00e7\u00e3o, o encontro ser\u00e1 um espa\u00e7o de inspira\u00e7\u00e3o, conex\u00e3o e fortalecimento da rede de apoio entre mulheres, reafirmando a import\u00e2ncia da equidade, do respeito e da valoriza\u00e7\u00e3o feminina em todos os espa\u00e7os.<\/p>\n<h2><strong>Programa\u00e7\u00e3o completa do evento do Dia Internacional da Mulher da Sedes\u00a0<\/strong><\/h2>\n<p><strong>Abertura\u00a0<\/strong>\u2013 13h \u2013 In\u00edcio do evento com uma breve fala de boas-vindas das autoridades presentes<\/p>\n<p><strong>Painel de Discuss\u00e3o<\/strong>\u00a0\u2013 das 13h45 \u00e0s 14h45 \u2013 Palestra Mulheres que Inspiram: Hist\u00f3rias de Sucesso<br \/>\nParticipantes: Izabel Rocha (empreendedora do Mercado Gima e Presidente do Conselho da Mulher SICREDI)<br \/>\nMaria Nadir de Jesus \u2013 propriet\u00e1ria da Loja Nadir Kit festa<br \/>\nVitoria Lemes \u2013 Ascenda Desenvolvimento empresarial<br \/>\nMediadora: Sandra Rousi\u00ea (Chefe de Divis\u00e3o de Emprego e Gest\u00e3o de Renda da Sedes)<\/p>\n<p><strong>Atividade Interativa<\/strong>\u00a0\u2013 15h \u2013 Oficina de Autodefesa<\/p>\n<p><strong>Considera\u00e7\u00f5es finais e encerramento<\/strong>\u00a0\u2013 16h<\/p>\n","protected":false},"excerpt":{"rendered":"<p>A Prefeitura de S\u00e3o Sebasti\u00e3o, por meio da Secretaria de Desenvolvimento Econ\u00f4mico e Social (Sedes) promove um evento especial em alus\u00e3o ao Dia Internacional da Mulher, com o tema \u201cEmpreendedorismo Feminino\u201d. O encontro ocorre no Audit\u00f3rio da sede da Secretaria de Educa\u00e7\u00e3o (Seduc), localizado no Centro do munic\u00edpio, das 13h \u00e0s 16h, no dia 18 [&hellip;]<\/p>\n","protected":false},"author":26,"featured_media":43383,"comment_status":"open","ping_status":"open","sticky":false,"template":"","format":"standard","meta":{"footnotes":""},"categories":[12,13],"tags":[],"class_list":["post-43382","post","type-post","status-publish","format-standard","has-post-thumbnail","hentry","category-eventos","category-sao-sebastiao"],"aioseo_notices":[],"_links":{"self":[{"href":"https:\/\/lrm67.com\/index.php\/wp-json\/wp\/v2\/posts\/43382","targetHints":{"allow":["GET"]}}],"collection":[{"href":"https:\/\/lrm67.com\/index.php\/wp-json\/wp\/v2\/posts"}],"about":[{"href":"https:\/\/lrm67.com\/index.php\/wp-json\/wp\/v2\/types\/post"}],"author":[{"embeddable":true,"href":"https:\/\/lrm67.com\/index.php\/wp-json\/wp\/v2\/users\/26"}],"replies":[{"embeddable":true,"href":"https:\/\/lrm67.com\/index.php\/wp-json\/wp\/v2\/comments?post=43382"}],"version-history":[{"count":1,"href":"https:\/\/lrm67.com\/index.php\/wp-json\/wp\/v2\/posts\/43382\/revisions"}],"predecessor-version":[{"id":43384,"href":"https:\/\/lrm67.com\/index.php\/wp-json\/wp\/v2\/posts\/43382\/revisions\/43384"}],"wp:featuredmedia":[{"embeddable":true,"href":"https:\/\/lrm67.com\/index.php\/wp-json\/wp\/v2\/media\/43383"}],"wp:attachment":[{"href":"https:\/\/lrm67.com\/index.php\/wp-json\/wp\/v2\/media?parent=43382"}],"wp:term":[{"taxonomy":"category","embeddable":true,"href":"https:\/\/lrm67.com\/index.php\/wp-json\/wp\/v2\/categories?post=43382"},{"taxonomy":"post_tag","embeddable":true,"href":"https:\/\/lrm67.com\/index.php\/wp-json\/wp\/v2\/tags?post=43382"}],"curies":[{"name":"wp","href":"https:\/\/api.w.org\/{rel}","templated":true}]}}