{"id":43287,"date":"2026-02-25T09:46:19","date_gmt":"2026-02-25T12:46:19","guid":{"rendered":"https:\/\/lrm67.com\/?p=43287"},"modified":"2026-02-25T09:46:19","modified_gmt":"2026-02-25T12:46:19","slug":"fiscalizacao-estrategica-garante-reordenamento-na-temporada-2026-em-ilhabela","status":"publish","type":"post","link":"https:\/\/lrm67.com\/index.php\/2026\/02\/25\/fiscalizacao-estrategica-garante-reordenamento-na-temporada-2026-em-ilhabela\/","title":{"rendered":"Fiscaliza\u00e7\u00e3o estrat\u00e9gica garante reordenamento na temporada 2026 em Ilhabela"},"content":{"rendered":"<p>O encerramento da temporada de ver\u00e3o e do Carnaval 2026 marca a consolida\u00e7\u00e3o das medidas implementadas em Ilhabela. O projeto de Reordenamento da Orla atingiu os objetivos propostos, com a\u00e7\u00f5es voltadas \u00e0 organiza\u00e7\u00e3o das praias, do com\u00e9rcio e da ocupa\u00e7\u00e3o da faixa de areia. Com uma atua\u00e7\u00e3o coordenada e estrat\u00e9gica da Fiscaliza\u00e7\u00e3o, a Prefeitura conseguiu converter normas t\u00e9cnicas em resultados vis\u00edveis, transformando a din\u00e2mica das praias mais movimentadas do munic\u00edpio.<\/p>\n<p>No com\u00e9rcio fixo e nos quiosques, foram estabelecidos limites de ocupa\u00e7\u00e3o para mesas e cadeiras nas cal\u00e7adas e na areia. A fiscaliza\u00e7\u00e3o atuou no controle das \u00e1reas adjacentes, com o objetivo de garantir a livre circula\u00e7\u00e3o e a harmonia visual no espa\u00e7o ao redor dos quiosques.<\/p>\n<p>Em rela\u00e7\u00e3o ao mobili\u00e1rio e \u00e0 loca\u00e7\u00e3o de equipamentos, as rondas iniciadas no per\u00edodo da manh\u00e3 atuaram para coibir a reserva de espa\u00e7o na areia com mobili\u00e1rio vazio, bem como a montagem de conjuntos em quantidade superior \u00e0 permitida, assegurando a retirada dos equipamentos ao final do dia, conforme regulamenta\u00e7\u00e3o.<\/p>\n<p>No com\u00e9rcio ambulante, a fiscaliza\u00e7\u00e3o manteve o controle sobre a titularidade das licen\u00e7as. Foram realizadas confer\u00eancias di\u00e1rias dos alvar\u00e1s de funcionamento do exerc\u00edcio 2026, com o objetivo de verificar a regularidade da atividade e a presen\u00e7a do titular no atendimento. O combate \u00e0 clandestinidade tamb\u00e9m foi alvo de esfor\u00e7os da fiscaliza\u00e7\u00e3o, com diversas apreens\u00f5es realizadas durante todo o per\u00edodo.<\/p>\n<p>O ordenamento incluiu ainda as atividades n\u00e1uticas. A fiscaliza\u00e7\u00e3o monitorou a loca\u00e7\u00e3o de caiaques, stand up paddle e canoas havaianas, garantindo a utiliza\u00e7\u00e3o de racks e \u00e1reas organizadas para guarda dos equipamentos, de modo a evitar obstru\u00e7\u00f5es na faixa de areia. Os pontos de venda de passeios tamb\u00e9m passaram por verifica\u00e7\u00e3o quanto aos requisitos de padroniza\u00e7\u00e3o e seguran\u00e7a.<\/p>\n<p>Embarca\u00e7\u00f5es posicionadas de forma irregular na faixa de areia foram removidas, contribuindo para a organiza\u00e7\u00e3o do espa\u00e7o e da paisagem da orla, preservando apenas as \u00e1reas de pesca artesanal devidamente ordenadas.<\/p>\n<p>O balan\u00e7o geral da temporada aponta avan\u00e7o significativo na implementa\u00e7\u00e3o das medidas de organiza\u00e7\u00e3o da orla. O munic\u00edpio segue em processo de adapta\u00e7\u00e3o \u00e0s novas regras, com adequa\u00e7\u00e3o progressiva dos comerciantes e prestadores de servi\u00e7os. A fiscaliza\u00e7\u00e3o em 2026 foi condizente com uma estrat\u00e9gia que busca o ordenamento por meio do di\u00e1logo e do cumprimento firme da lei, sem perder de vista a realidade do campo.<\/p>\n<p>O projeto de Reordenamento da Orla n\u00e3o \u00e9 um evento isolado, mas uma pol\u00edtica cont\u00ednua. Novas metas ser\u00e3o tra\u00e7adas para 2026 com a participa\u00e7\u00e3o dos segmentos envolvidos.<\/p>\n","protected":false},"excerpt":{"rendered":"<p>O encerramento da temporada de ver\u00e3o e do Carnaval 2026 marca a consolida\u00e7\u00e3o das medidas implementadas em Ilhabela. O projeto de Reordenamento da Orla atingiu os objetivos propostos, com a\u00e7\u00f5es voltadas \u00e0 organiza\u00e7\u00e3o das praias, do com\u00e9rcio e da ocupa\u00e7\u00e3o da faixa de areia. Com uma atua\u00e7\u00e3o coordenada e estrat\u00e9gica da Fiscaliza\u00e7\u00e3o, a Prefeitura conseguiu [&hellip;]<\/p>\n","protected":false},"author":26,"featured_media":43288,"comment_status":"open","ping_status":"open","sticky":false,"template":"","format":"standard","meta":{"footnotes":""},"categories":[4,3,5],"tags":[],"class_list":["post-43287","post","type-post","status-publish","format-standard","has-post-thumbnail","hentry","category-economia","category-ilhabela","category-turismo"],"aioseo_notices":[],"_links":{"self":[{"href":"https:\/\/lrm67.com\/index.php\/wp-json\/wp\/v2\/posts\/43287","targetHints":{"allow":["GET"]}}],"collection":[{"href":"https:\/\/lrm67.com\/index.php\/wp-json\/wp\/v2\/posts"}],"about":[{"href":"https:\/\/lrm67.com\/index.php\/wp-json\/wp\/v2\/types\/post"}],"author":[{"embeddable":true,"href":"https:\/\/lrm67.com\/index.php\/wp-json\/wp\/v2\/users\/26"}],"replies":[{"embeddable":true,"href":"https:\/\/lrm67.com\/index.php\/wp-json\/wp\/v2\/comments?post=43287"}],"version-history":[{"count":1,"href":"https:\/\/lrm67.com\/index.php\/wp-json\/wp\/v2\/posts\/43287\/revisions"}],"predecessor-version":[{"id":43289,"href":"https:\/\/lrm67.com\/index.php\/wp-json\/wp\/v2\/posts\/43287\/revisions\/43289"}],"wp:featuredmedia":[{"embeddable":true,"href":"https:\/\/lrm67.com\/index.php\/wp-json\/wp\/v2\/media\/43288"}],"wp:attachment":[{"href":"https:\/\/lrm67.com\/index.php\/wp-json\/wp\/v2\/media?parent=43287"}],"wp:term":[{"taxonomy":"category","embeddable":true,"href":"https:\/\/lrm67.com\/index.php\/wp-json\/wp\/v2\/categories?post=43287"},{"taxonomy":"post_tag","embeddable":true,"href":"https:\/\/lrm67.com\/index.php\/wp-json\/wp\/v2\/tags?post=43287"}],"curies":[{"name":"wp","href":"https:\/\/api.w.org\/{rel}","templated":true}]}}