{"id":43238,"date":"2026-02-23T10:16:55","date_gmt":"2026-02-23T13:16:55","guid":{"rendered":"https:\/\/lrm67.com\/?p=43238"},"modified":"2026-02-23T17:21:09","modified_gmt":"2026-02-23T20:21:09","slug":"2a-etapa-do-circuito-paulista-de-travessias-aquaticas-reuniu-cerca-de-200-atletas-e-garantiu-podio-para-sao-sebastiao","status":"publish","type":"post","link":"https:\/\/lrm67.com\/index.php\/2026\/02\/23\/2a-etapa-do-circuito-paulista-de-travessias-aquaticas-reuniu-cerca-de-200-atletas-e-garantiu-podio-para-sao-sebastiao\/","title":{"rendered":"2\u00aa Etapa do Circuito Paulista de Travessias Aqu\u00e1ticas reuniu cerca de 200 atletas e garantiu p\u00f3dio para S\u00e3o Sebasti\u00e3o"},"content":{"rendered":"<p>A Praia de Bora-Bora, localizada no canto esquerdo da Praia de Boraceia, na Costa Sul de S\u00e3o Sebasti\u00e3o, recebeu a 2\u00aa Etapa do Circuito Paulista de Travessias Aqu\u00e1ticas no \u00faltimo domingo (22\/2). O evento contou com a participa\u00e7\u00e3o de aproximadamente 200 atletas de todo o Estado de S\u00e3o Paulo.<\/p>\n<p>A etapa teve provas nos percursos de 3 km, 1 km, 500 metros e aquathlon, modalidade que combinou 2,6 km de corrida e 500 metros de nata\u00e7\u00e3o. A maioria dos atletas que participaram das disputas atua nas for\u00e7as de seguran\u00e7a, como Pol\u00edcia Militar, Pol\u00edcia Civil, Corpo de Bombeiros e profissionais das For\u00e7as Armadas Brasileiras.<\/p>\n<p>A equipe oficial de S\u00e3o Sebasti\u00e3o foi representada por alunos das Escolinhas Esportivas Municipais da Secretaria de Esportes (Seesp) e terminou na 3\u00aa coloca\u00e7\u00e3o geral na etapa do campeonato. Os destaques da equipe foram Camila Calazans Deraco, na prova de 3 km, Pedro Guilherme Izidoro, tamb\u00e9m nos 3 km, e Gabriela Rostichelli, na prova de 1 km, que venceram em suas respectivas categorias.<\/p>\n<p>De acordo com um dos organizadores do Circuito Paulista de Travessias Aqu\u00e1ticas, Mauricio Akio, a etapa realizada na Praia de Bora-Bora superou as expectativas e refor\u00e7ou o potencial de S\u00e3o Sebasti\u00e3o como refer\u00eancia nacional na modalidade.<\/p>\n<p>\u201cA etapa foi um grande sucesso, com excelente participa\u00e7\u00e3o dos atletas e condi\u00e7\u00f5es ideais do mar, que proporcionaram provas seguras e emocionantes. A recep\u00e7\u00e3o do p\u00fablico e a beleza natural da Praia de Bora-Bora tornaram a experi\u00eancia ainda mais especial para os competidores. S\u00e3o Sebasti\u00e3o mais uma vez demonstrou ser um dos principais cen\u00e1rios das travessias aqu\u00e1ticas no Brasil, e sa\u00edmos daqui com a expectativa de retornar nas pr\u00f3ximas edi\u00e7\u00f5es\u201d, destacou Akio.<\/p>\n<p>Para conferir a classifica\u00e7\u00e3o completa, basta acessar o link: <a href=\"https:\/\/www.gaivotaseventos.com.br\/v2\/Travessias\/\">https:\/\/www.gaivotaseventos.com.br\/v2\/Travessias\/<\/a>. A 3\u00aa etapa ser\u00e1 realizada na Fortaleza de Itaipu, em Praia Grande, e a 4\u00aa no Forte dos Andradas, no Guaruj\u00e1.<\/p>\n<p>A 2\u00aa Etapa do Circuito Paulista de Travessias Aqu\u00e1ticas \u00e9 uma realiza\u00e7\u00e3o da Gaivota Eventos e conta com o apoio da Prefeitura de S\u00e3o Sebasti\u00e3o, por meio da Secretaria de Esportes.<\/p>\n<h2>Resultados completos da equipe sebastianense<\/h2>\n<ul>\n<li>Camila Calazans Deraco, 1\u00ba lugar na categoria, prova de 3 km.<\/li>\n<li>Pedro Guilherme Izidoro, 1\u00ba lugar na categoria, prova de 3 km.<\/li>\n<li>Gabriela Rostichelli, 1\u00ba lugar na categoria, prova de 1 km.<\/li>\n<li>Guilherme Nobrega, 2\u00ba lugar na categoria, prova de 500 m.<\/li>\n<li>Amaya Takei, 1\u00ba lugar na categoria, prova de 1 km.<\/li>\n<li>Maria de F\u00e1tima Miranda, 2\u00ba lugar na categoria, prova de 500 m.<\/li>\n<li>Carlos Remi da Silva, 2\u00ba lugar na categoria, prova de 3 km.<\/li>\n<li>Alice Lopes de Jesus, 2\u00ba lugar na categoria, prova de 1 km.<\/li>\n<li>Larissa de Souza, 2\u00ba lugar na categoria, aquathlon.<\/li>\n<li>Alan Teixeira da Silva, 4\u00ba lugar na categoria, prova de 3 km.<\/li>\n<\/ul>\n","protected":false},"excerpt":{"rendered":"<p>A Praia de Bora-Bora, localizada no canto esquerdo da Praia de Boraceia, na Costa Sul de S\u00e3o Sebasti\u00e3o, recebeu a 2\u00aa Etapa do Circuito Paulista de Travessias Aqu\u00e1ticas no \u00faltimo domingo (22\/2). O evento contou com a participa\u00e7\u00e3o de aproximadamente 200 atletas de todo o Estado de S\u00e3o Paulo. A etapa teve provas nos percursos [&hellip;]<\/p>\n","protected":false},"author":26,"featured_media":43240,"comment_status":"open","ping_status":"open","sticky":false,"template":"","format":"standard","meta":{"footnotes":""},"categories":[11,12,13],"tags":[],"class_list":["post-43238","post","type-post","status-publish","format-standard","has-post-thumbnail","hentry","category-esportes","category-eventos","category-sao-sebastiao"],"aioseo_notices":[],"_links":{"self":[{"href":"https:\/\/lrm67.com\/index.php\/wp-json\/wp\/v2\/posts\/43238","targetHints":{"allow":["GET"]}}],"collection":[{"href":"https:\/\/lrm67.com\/index.php\/wp-json\/wp\/v2\/posts"}],"about":[{"href":"https:\/\/lrm67.com\/index.php\/wp-json\/wp\/v2\/types\/post"}],"author":[{"embeddable":true,"href":"https:\/\/lrm67.com\/index.php\/wp-json\/wp\/v2\/users\/26"}],"replies":[{"embeddable":true,"href":"https:\/\/lrm67.com\/index.php\/wp-json\/wp\/v2\/comments?post=43238"}],"version-history":[{"count":1,"href":"https:\/\/lrm67.com\/index.php\/wp-json\/wp\/v2\/posts\/43238\/revisions"}],"predecessor-version":[{"id":43241,"href":"https:\/\/lrm67.com\/index.php\/wp-json\/wp\/v2\/posts\/43238\/revisions\/43241"}],"wp:featuredmedia":[{"embeddable":true,"href":"https:\/\/lrm67.com\/index.php\/wp-json\/wp\/v2\/media\/43240"}],"wp:attachment":[{"href":"https:\/\/lrm67.com\/index.php\/wp-json\/wp\/v2\/media?parent=43238"}],"wp:term":[{"taxonomy":"category","embeddable":true,"href":"https:\/\/lrm67.com\/index.php\/wp-json\/wp\/v2\/categories?post=43238"},{"taxonomy":"post_tag","embeddable":true,"href":"https:\/\/lrm67.com\/index.php\/wp-json\/wp\/v2\/tags?post=43238"}],"curies":[{"name":"wp","href":"https:\/\/api.w.org\/{rel}","templated":true}]}}