{"id":43139,"date":"2026-02-20T11:49:12","date_gmt":"2026-02-20T14:49:12","guid":{"rendered":"https:\/\/lrm67.com\/?p=43139"},"modified":"2026-03-04T17:36:38","modified_gmt":"2026-03-04T20:36:38","slug":"carnaval-2026-sao-sebastiao-registra-maior-taxa-de-ocupacao-dos-ultimos-anos-e-ampla-aprovacao-do-publico","status":"publish","type":"post","link":"https:\/\/lrm67.com\/index.php\/2026\/02\/20\/carnaval-2026-sao-sebastiao-registra-maior-taxa-de-ocupacao-dos-ultimos-anos-e-ampla-aprovacao-do-publico\/","title":{"rendered":"CARNAVAL 2026:  S\u00e3o Sebasti\u00e3o registra maior taxa de ocupa\u00e7\u00e3o dos \u00faltimos anos e ampla aprova\u00e7\u00e3o do p\u00fablico"},"content":{"rendered":"<p>O Carnaval 2026 de S\u00e3o Sebasti\u00e3o encerrou-se com resultados expressivos, consolidando-se entre os maiores j\u00e1 realizados no munic\u00edpio. Com taxa m\u00e9dia de ocupa\u00e7\u00e3o hoteleira de 87,70%, a cidade alcan\u00e7ou o melhor desempenho dos \u00faltimos anos, superando os \u00edndices de 2025 (84,57%), 2024 (65,60%) e 2023 (84,84%), conforme dados do Observat\u00f3rio de Turismo. O percentual tamb\u00e9m foi o mais elevado do Litoral Norte no per\u00edodo.<\/p>\n<p>De acordo com a prefeitura, o resultado est\u00e1 associado \u00e0 organiza\u00e7\u00e3o da programa\u00e7\u00e3o, que reuniu mais de 130 atra\u00e7\u00f5es distribu\u00eddas em 18 pontos da cidade, com proposta de descentraliza\u00e7\u00e3o das atividades, valoriza\u00e7\u00e3o das manifesta\u00e7\u00f5es populares e est\u00edmulo \u00e0 economia local. A estrutura foi planejada para atender moradores e turistas com seguran\u00e7a, diversidade cultural e ampla oferta de entretenimento.<\/p>\n<p>Dados divulgados nesta quinta-feira (19) apontam que a regi\u00e3o Central registrou a maior taxa de ocupa\u00e7\u00e3o, com 90,79%, seguida pela Costa Sul (88,09%), Costa Norte (87,75%) e Extremo Sul (85,52%), demonstrando a distribui\u00e7\u00e3o equilibrada do fluxo de visitantes nas diferentes \u00e1reas do munic\u00edpio.<\/p>\n<p>Entre os destaques da programa\u00e7\u00e3o esteve o Grito de Carnaval com a banda Jammil, realizado em trio el\u00e9trico com estrutura 360\u00b0, formato in\u00e9dito na cidade, que ampliou a intera\u00e7\u00e3o com o p\u00fablico.<\/p>\n<p>A 33\u00aa edi\u00e7\u00e3o do Carnamar reuniu cerca de 150 embarca\u00e7\u00f5es no Canal de S\u00e3o Sebasti\u00e3o, consolidando-se como um dos maiores eventos n\u00e1uticos do per\u00edodo carnavalesco no Estado de S\u00e3o Paulo.<\/p>\n<p>Os blocos e bailes carnavalescos mantiveram forte participa\u00e7\u00e3o popular em diversas regi\u00f5es do munic\u00edpio. Na Costa Sul, destacaram-se o Bloco Samdosa, Bloco Vai-Quem-Quer, Banho da Doroteia, Bloco do Cavuka, Bloco Unne e Sahy no Samba. Na regi\u00e3o Central, o Bloco dos Sujos reuniu cerca de 50 mil foli\u00f5es. O Bloco Pegadeira, no bairro S\u00e3o Francisco, tamb\u00e9m registrou grande p\u00fablico, assim como os bailes realizados na Pra\u00e7a do Coreto.<\/p>\n<p>A programa\u00e7\u00e3o incluiu ainda o tradicional Desfile das Escolas de Samba na Rua da Praia, matin\u00eas, Carnapet e Concurso de Fantasias Infantis.<\/p>\n<p>Pesquisa realizada pelo Observat\u00f3rio de Turismo de S\u00e3o Sebasti\u00e3o apontou aprova\u00e7\u00e3o integral da estrutura do Carnaval. Itens como sonoriza\u00e7\u00e3o, sanit\u00e1rios, seguran\u00e7a e servi\u00e7os de sa\u00fade alcan\u00e7aram 100% de avalia\u00e7\u00e3o positiva, sendo 78,8% classificados como \u201c\u00f3timo\u201d e 21,2% como \u201cbom\u201d.<\/p>\n<p><img fetchpriority=\"high\" decoding=\"async\" class=\"alignnone size-full wp-image-43140\" src=\"https:\/\/lrm67.com\/wp-content\/uploads\/2026\/02\/19022026171328.jpg\" alt=\"\" width=\"1065\" height=\"820\" srcset=\"https:\/\/lrm67.com\/wp-content\/uploads\/2026\/02\/19022026171328.jpg 1065w, https:\/\/lrm67.com\/wp-content\/uploads\/2026\/02\/19022026171328-300x231.jpg 300w, https:\/\/lrm67.com\/wp-content\/uploads\/2026\/02\/19022026171328-1024x788.jpg 1024w, https:\/\/lrm67.com\/wp-content\/uploads\/2026\/02\/19022026171328-768x591.jpg 768w\" sizes=\"(max-width: 1065px) 100vw, 1065px\" \/><\/p>\n<p>Na avalia\u00e7\u00e3o das atra\u00e7\u00f5es e apresenta\u00e7\u00f5es, 72,5% dos entrevistados classificaram como \u201c\u00f3timo\u201d e 26,3% como \u201cbom\u201d, refor\u00e7ando o elevado \u00edndice de satisfa\u00e7\u00e3o do p\u00fablico.<\/p>\n<p>O levantamento ouviu visitantes de munic\u00edpios paulistas como Bauru, Campinas, Guarulhos, It\u00e1polis, Jacare\u00ed, Santo Andr\u00e9, S\u00e3o Carlos, S\u00e3o Jos\u00e9 dos Campos, Praia Grande, Santos e S\u00e3o Vicente, al\u00e9m de turistas de Goi\u00e2nia (GO), Niter\u00f3i (RJ), Uberl\u00e2ndia (MG) e Santiago, no Chile, evidenciando o alcance nacional e internacional do Carnaval de S\u00e3o Sebasti\u00e3o, realizado pela Prefeitura, por meio da Secretaria de Turismo e da Funda\u00e7\u00e3o Educacional e Cultural Deodato Sant\u2019Anna, com patroc\u00ednio da Ambev.<\/p>\n","protected":false},"excerpt":{"rendered":"<p>O Carnaval 2026 de S\u00e3o Sebasti\u00e3o encerrou-se com resultados expressivos, consolidando-se entre os maiores j\u00e1 realizados no munic\u00edpio. Com taxa m\u00e9dia de ocupa\u00e7\u00e3o hoteleira de 87,70%, a cidade alcan\u00e7ou o melhor desempenho dos \u00faltimos anos, superando os \u00edndices de 2025 (84,57%), 2024 (65,60%) e 2023 (84,84%), conforme dados do Observat\u00f3rio de Turismo. O percentual tamb\u00e9m [&hellip;]<\/p>\n","protected":false},"author":26,"featured_media":43141,"comment_status":"open","ping_status":"open","sticky":false,"template":"","format":"standard","meta":{"footnotes":""},"categories":[4,13,5],"tags":[],"class_list":["post-43139","post","type-post","status-publish","format-standard","has-post-thumbnail","hentry","category-economia","category-sao-sebastiao","category-turismo"],"aioseo_notices":[],"_links":{"self":[{"href":"https:\/\/lrm67.com\/index.php\/wp-json\/wp\/v2\/posts\/43139","targetHints":{"allow":["GET"]}}],"collection":[{"href":"https:\/\/lrm67.com\/index.php\/wp-json\/wp\/v2\/posts"}],"about":[{"href":"https:\/\/lrm67.com\/index.php\/wp-json\/wp\/v2\/types\/post"}],"author":[{"embeddable":true,"href":"https:\/\/lrm67.com\/index.php\/wp-json\/wp\/v2\/users\/26"}],"replies":[{"embeddable":true,"href":"https:\/\/lrm67.com\/index.php\/wp-json\/wp\/v2\/comments?post=43139"}],"version-history":[{"count":1,"href":"https:\/\/lrm67.com\/index.php\/wp-json\/wp\/v2\/posts\/43139\/revisions"}],"predecessor-version":[{"id":43142,"href":"https:\/\/lrm67.com\/index.php\/wp-json\/wp\/v2\/posts\/43139\/revisions\/43142"}],"wp:featuredmedia":[{"embeddable":true,"href":"https:\/\/lrm67.com\/index.php\/wp-json\/wp\/v2\/media\/43141"}],"wp:attachment":[{"href":"https:\/\/lrm67.com\/index.php\/wp-json\/wp\/v2\/media?parent=43139"}],"wp:term":[{"taxonomy":"category","embeddable":true,"href":"https:\/\/lrm67.com\/index.php\/wp-json\/wp\/v2\/categories?post=43139"},{"taxonomy":"post_tag","embeddable":true,"href":"https:\/\/lrm67.com\/index.php\/wp-json\/wp\/v2\/tags?post=43139"}],"curies":[{"name":"wp","href":"https:\/\/api.w.org\/{rel}","templated":true}]}}