{"id":42942,"date":"2026-02-12T10:18:47","date_gmt":"2026-02-12T13:18:47","guid":{"rendered":"https:\/\/lrm67.com\/?p=42942"},"modified":"2026-02-12T10:18:47","modified_gmt":"2026-02-12T13:18:47","slug":"gbmar-mantem-buscas-por-adolescente-desaparecido-na-praia-de-juquehy-em-sao-sebastiao-operacoes-entram-no-quarto-dia","status":"publish","type":"post","link":"https:\/\/lrm67.com\/index.php\/2026\/02\/12\/gbmar-mantem-buscas-por-adolescente-desaparecido-na-praia-de-juquehy-em-sao-sebastiao-operacoes-entram-no-quarto-dia\/","title":{"rendered":"GBMar mant\u00e9m buscas por adolescente desaparecido na Praia de Juquehy, em S\u00e3o Sebasti\u00e3o; opera\u00e7\u00f5es entram no quarto dia"},"content":{"rendered":"<p><em><strong>O caso foi registrado na Delegacia de Pol\u00edcia de Boi\u00e7ucanga.<\/strong><\/em><\/p>\n<p><strong>Por Danilo Costa<\/strong><\/p>\n<p>&nbsp;<\/p>\n<p>As opera\u00e7\u00f5es de resgate no litoral paulista entraram nesta quinta-feira (12) no quarto dia consecutivo, ap\u00f3s o desaparecimento de um adolescente de 15 anos na Praia de Juquehy, em S\u00e3o Sebasti\u00e3o.<\/p>\n<p>&nbsp;<\/p>\n<h2>Correnteza surpreendeu jovens durante banho de mar<\/h2>\n<p>De acordo com o Grupamento de Bombeiros Mar\u00edtimos (GBMar), o menor desapareceu depois de entrar no mar na manh\u00e3 da \u00faltima segunda-feira (9), em um trecho pr\u00f3ximo \u00e0 Viela 01.<\/p>\n<p>Ele estava acompanhado de familiares quando foi surpreendido por uma corrente de retorno, fen\u00f4meno comum na regi\u00e3o e considerado um dos principais riscos para banhistas.<\/p>\n<p>Enquanto dois adolescentes que estavam com a v\u00edtima conseguiram ser retirados da \u00e1gua por pessoas que estavam na praia, o jovem acabou sendo levado pela for\u00e7a do mar e n\u00e3o voltou \u00e0 superf\u00edcie.<\/p>\n<p>O local onde ocorreu o afogamento, segundo os bombeiros, possu\u00eda sinaliza\u00e7\u00e3o indicando perigo para banho.<\/p>\n<p>&nbsp;<\/p>\n<h2>Opera\u00e7\u00e3o mobiliza equipes especializadas e embarca\u00e7\u00f5es<\/h2>\n<p>Desde ent\u00e3o, equipes especializadas atuam diariamente com apoio de embarca\u00e7\u00f5es, viaturas e monitoramento cont\u00ednuo da faixa de areia e do mar aberto.<\/p>\n<p>As buscas seguem protocolos t\u00e9cnicos e dependem das condi\u00e7\u00f5es clim\u00e1ticas e da movimenta\u00e7\u00e3o das mar\u00e9s.<\/p>\n<p>A fam\u00edlia do adolescente, moradora da capital paulista e em passeio pelo Litoral Norte, registrou o desaparecimento na delegacia de Boi\u00e7ucanga.<\/p>\n<p><img fetchpriority=\"high\" decoding=\"async\" class=\"alignnone size-full wp-image-42944\" src=\"https:\/\/lrm67.com\/wp-content\/uploads\/2026\/02\/WhatsApp-Image-2026-02-12-at-10.11.28.jpeg\" alt=\"\" width=\"1200\" height=\"675\" srcset=\"https:\/\/lrm67.com\/wp-content\/uploads\/2026\/02\/WhatsApp-Image-2026-02-12-at-10.11.28.jpeg 1200w, https:\/\/lrm67.com\/wp-content\/uploads\/2026\/02\/WhatsApp-Image-2026-02-12-at-10.11.28-300x169.jpeg 300w, https:\/\/lrm67.com\/wp-content\/uploads\/2026\/02\/WhatsApp-Image-2026-02-12-at-10.11.28-1024x576.jpeg 1024w, https:\/\/lrm67.com\/wp-content\/uploads\/2026\/02\/WhatsApp-Image-2026-02-12-at-10.11.28-768x432.jpeg 768w\" sizes=\"(max-width: 1200px) 100vw, 1200px\" \/><\/p>\n<p><em><strong>Buscas pelo menor de 15 anos entram no quarto dia nesta quinta (12).<\/strong><\/em><\/p>\n<p>&nbsp;<\/p>\n<pre>Foto 1: Reprodu\u00e7\u00e3o\r\nFoto 2: Reprodu\u00e7\u00e3o \/ GBMar<\/pre>\n","protected":false},"excerpt":{"rendered":"<p>O caso foi registrado na Delegacia de Pol\u00edcia de Boi\u00e7ucanga. Por Danilo Costa &nbsp; As opera\u00e7\u00f5es de resgate no litoral paulista entraram nesta quinta-feira (12) no quarto dia consecutivo, ap\u00f3s o desaparecimento de um adolescente de 15 anos na Praia de Juquehy, em S\u00e3o Sebasti\u00e3o. &nbsp; Correnteza surpreendeu jovens durante banho de mar De acordo [&hellip;]<\/p>\n","protected":false},"author":26,"featured_media":42943,"comment_status":"open","ping_status":"open","sticky":false,"template":"","format":"standard","meta":{"footnotes":""},"categories":[15,13],"tags":[116,452,194,22],"class_list":["post-42942","post","type-post","status-publish","format-standard","has-post-thumbnail","hentry","category-policia","category-sao-sebastiao","tag-gbmar","tag-grupamento-de-bombeiros-maritimos","tag-policia","tag-sao-sebastiao"],"aioseo_notices":[],"_links":{"self":[{"href":"https:\/\/lrm67.com\/index.php\/wp-json\/wp\/v2\/posts\/42942","targetHints":{"allow":["GET"]}}],"collection":[{"href":"https:\/\/lrm67.com\/index.php\/wp-json\/wp\/v2\/posts"}],"about":[{"href":"https:\/\/lrm67.com\/index.php\/wp-json\/wp\/v2\/types\/post"}],"author":[{"embeddable":true,"href":"https:\/\/lrm67.com\/index.php\/wp-json\/wp\/v2\/users\/26"}],"replies":[{"embeddable":true,"href":"https:\/\/lrm67.com\/index.php\/wp-json\/wp\/v2\/comments?post=42942"}],"version-history":[{"count":1,"href":"https:\/\/lrm67.com\/index.php\/wp-json\/wp\/v2\/posts\/42942\/revisions"}],"predecessor-version":[{"id":42945,"href":"https:\/\/lrm67.com\/index.php\/wp-json\/wp\/v2\/posts\/42942\/revisions\/42945"}],"wp:featuredmedia":[{"embeddable":true,"href":"https:\/\/lrm67.com\/index.php\/wp-json\/wp\/v2\/media\/42943"}],"wp:attachment":[{"href":"https:\/\/lrm67.com\/index.php\/wp-json\/wp\/v2\/media?parent=42942"}],"wp:term":[{"taxonomy":"category","embeddable":true,"href":"https:\/\/lrm67.com\/index.php\/wp-json\/wp\/v2\/categories?post=42942"},{"taxonomy":"post_tag","embeddable":true,"href":"https:\/\/lrm67.com\/index.php\/wp-json\/wp\/v2\/tags?post=42942"}],"curies":[{"name":"wp","href":"https:\/\/api.w.org\/{rel}","templated":true}]}}