{"id":42931,"date":"2026-02-11T10:27:07","date_gmt":"2026-02-11T13:27:07","guid":{"rendered":"https:\/\/lrm67.com\/?p=42931"},"modified":"2026-02-11T12:28:57","modified_gmt":"2026-02-11T15:28:57","slug":"espaco-vida-marinha-de-sao-sebastiao-promove-programacao-especial-de-carnaval-com-foco-em-educacao-ambiental","status":"publish","type":"post","link":"https:\/\/lrm67.com\/index.php\/2026\/02\/11\/espaco-vida-marinha-de-sao-sebastiao-promove-programacao-especial-de-carnaval-com-foco-em-educacao-ambiental\/","title":{"rendered":"Espa\u00e7o Vida Marinha de S\u00e3o Sebasti\u00e3o promove programa\u00e7\u00e3o especial de Carnaval com foco em educa\u00e7\u00e3o ambiental"},"content":{"rendered":"<p>Durante o m\u00eas de Carnaval, o Espa\u00e7o Vida Marinha, localizado no deck do Complexo Tur\u00edstico da Rua da Praia, no Centro Hist\u00f3rico de S\u00e3o Sebasti\u00e3o, oferece ao p\u00fablico uma programa\u00e7\u00e3o especial e gratuita que une folia e conscientiza\u00e7\u00e3o ambiental.<\/p>\n<p>Ao longo do m\u00eas, crian\u00e7as, jovens e adultos poder\u00e3o participar de oficinas criativas inspiradas no Carnaval, como pintura de rosto, confec\u00e7\u00e3o de m\u00e1scaras, oficinas de arte ecol\u00f3gica, atividades de colorir o coral-sol e a\u00e7\u00f5es de Carnaval sustent\u00e1vel com uso de bioglitter e bioconfete. As atividades ocorrem sempre \u00e0s quintas e sextas-feiras, das 15h \u00e0s 18h.<\/p>\n<p>A iniciativa \u00e9 fruto de parceria entre a Prefeitura de S\u00e3o Sebasti\u00e3o, por meio da Secretaria de Turismo (Setur), o Projeto Baleia Jubarte e o Instituto Chico Mendes de Conserva\u00e7\u00e3o da Biodiversidade (ICMBio \u2013 Alcatrazes). O espa\u00e7o \u00e9 refer\u00eancia regional em turismo sustent\u00e1vel e educa\u00e7\u00e3o ambiental.<\/p>\n<p>Al\u00e9m da programa\u00e7\u00e3o tem\u00e1tica, o p\u00fablico pode visitar as exposi\u00e7\u00f5es permanentes que re\u00fanem acervos do Cebimar, ICMBio, Instituto Argonauta, Instituto Baleia Jubarte e Projeto Baleia \u00e0 Vista. Entre os destaques est\u00e3o ossadas de golfinhos, v\u00e9rtebras de baleias-jubarte e registros fotogr\u00e1ficos de Rafa Mesquita.<\/p>\n<p>No local, os visitantes t\u00eam acesso a informa\u00e7\u00f5es sobre esp\u00e9cies marinhas da regi\u00e3o, materiais educativos sobre habitats e caracter\u00edsticas da fauna, v\u00eddeos informativos e orienta\u00e7\u00f5es sobre o avistamento seguro de animais marinhos. O atendimento \u00e9 realizado por profissionais capacitados, com amplo conhecimento sobre a vida marinha local.<\/p>\n<p><strong>Confira a programa\u00e7\u00e3o completa do Carnaval<\/strong> <a href=\"https:\/\/www.saosebastiao.sp.gov.br\/pdfs\/2026\/programacao_carnaval_sao_sebastiao_2026.pdf\">https:\/\/www.saosebastiao.sp.gov.br\/pdfs\/2026\/programacao_carnaval_sao_sebastiao_2026.pdf<\/a><\/p>\n<p>Hor\u00e1rio das atividades: 15h \u00e0s 18h.<br \/>\nLocal: Espa\u00e7o Vida Marinha, Complexo Tur\u00edstico da Rua da Praia.<br \/>\n12\/02 \u2013 Pintura de rosto.<br \/>\n13\/02 \u2013 Confec\u00e7\u00e3o de m\u00e1scaras de Carnaval.<br \/>\n20\/02 \u2013 Oficinas de arte ecol\u00f3gica e \u201cColorindo o Coral-Sol\u201d.<br \/>\n26\/02 \u2013 Oficinas de arte ecol\u00f3gica e \u201cColorindo o Coral-Sol\u201d.<br \/>\n27\/02 \u2013 Pintura de rosto.<\/p>\n","protected":false},"excerpt":{"rendered":"<p>Durante o m\u00eas de Carnaval, o Espa\u00e7o Vida Marinha, localizado no deck do Complexo Tur\u00edstico da Rua da Praia, no Centro Hist\u00f3rico de S\u00e3o Sebasti\u00e3o, oferece ao p\u00fablico uma programa\u00e7\u00e3o especial e gratuita que une folia e conscientiza\u00e7\u00e3o ambiental. Ao longo do m\u00eas, crian\u00e7as, jovens e adultos poder\u00e3o participar de oficinas criativas inspiradas no Carnaval, [&hellip;]<\/p>\n","protected":false},"author":26,"featured_media":42932,"comment_status":"open","ping_status":"open","sticky":false,"template":"","format":"standard","meta":{"footnotes":""},"categories":[2,13,5],"tags":[],"class_list":["post-42931","post","type-post","status-publish","format-standard","has-post-thumbnail","hentry","category-geral","category-sao-sebastiao","category-turismo"],"aioseo_notices":[],"_links":{"self":[{"href":"https:\/\/lrm67.com\/index.php\/wp-json\/wp\/v2\/posts\/42931","targetHints":{"allow":["GET"]}}],"collection":[{"href":"https:\/\/lrm67.com\/index.php\/wp-json\/wp\/v2\/posts"}],"about":[{"href":"https:\/\/lrm67.com\/index.php\/wp-json\/wp\/v2\/types\/post"}],"author":[{"embeddable":true,"href":"https:\/\/lrm67.com\/index.php\/wp-json\/wp\/v2\/users\/26"}],"replies":[{"embeddable":true,"href":"https:\/\/lrm67.com\/index.php\/wp-json\/wp\/v2\/comments?post=42931"}],"version-history":[{"count":1,"href":"https:\/\/lrm67.com\/index.php\/wp-json\/wp\/v2\/posts\/42931\/revisions"}],"predecessor-version":[{"id":42933,"href":"https:\/\/lrm67.com\/index.php\/wp-json\/wp\/v2\/posts\/42931\/revisions\/42933"}],"wp:featuredmedia":[{"embeddable":true,"href":"https:\/\/lrm67.com\/index.php\/wp-json\/wp\/v2\/media\/42932"}],"wp:attachment":[{"href":"https:\/\/lrm67.com\/index.php\/wp-json\/wp\/v2\/media?parent=42931"}],"wp:term":[{"taxonomy":"category","embeddable":true,"href":"https:\/\/lrm67.com\/index.php\/wp-json\/wp\/v2\/categories?post=42931"},{"taxonomy":"post_tag","embeddable":true,"href":"https:\/\/lrm67.com\/index.php\/wp-json\/wp\/v2\/tags?post=42931"}],"curies":[{"name":"wp","href":"https:\/\/api.w.org\/{rel}","templated":true}]}}