{"id":42881,"date":"2026-02-10T06:04:14","date_gmt":"2026-02-10T09:04:14","guid":{"rendered":"https:\/\/lrm67.com\/?p=42881"},"modified":"2026-02-10T12:06:09","modified_gmt":"2026-02-10T15:06:09","slug":"1o-cafe-empresarial-de-2026-abre-inscricoes-para-empreendedores-de-sao-sebastiao","status":"publish","type":"post","link":"https:\/\/lrm67.com\/index.php\/2026\/02\/10\/1o-cafe-empresarial-de-2026-abre-inscricoes-para-empreendedores-de-sao-sebastiao\/","title":{"rendered":"1\u00ba Caf\u00e9 Empresarial de 2026 abre inscri\u00e7\u00f5es para empreendedores de S\u00e3o Sebasti\u00e3o"},"content":{"rendered":"<p>Com o tema \u201cConex\u00f5es que Geram Resultados\u201d, a 1\u00aa edi\u00e7\u00e3o do Caf\u00e9 Empresarial 2026 j\u00e1 est\u00e1 com inscri\u00e7\u00f5es abertas para empreendedores e empres\u00e1rios de S\u00e3o Sebasti\u00e3o compartilharem viv\u00eancias e conhecimentos sobre o mercado. O encontro ser\u00e1 realizado no dia 5 de mar\u00e7o, das 8h30 \u00e0s 12h, no Espa\u00e7o de Eventos Abric\u00f3, no bairro Arrast\u00e3o, e ter\u00e1 capacidade para at\u00e9 100 participantes.<\/p>\n<p>As inscri\u00e7\u00f5es podem ser feitas por meio do link <a href=\"https:\/\/docs.google.com\/forms\/d\/e\/1FAIpQLScZ916vCxpVMiGk8HW0pynFR07u6MlHda3IHkRqwqz56PujiQ\/viewform\">https:\/\/docs.google.com\/forms\/d\/e\/1FAIpQLScZ916vCxpVMiGk8HW0pynFR07u6MlHda3IHkRqwqz56PujiQ\/viewform<\/a>. O evento \u00e9 organizado pela Prefeitura de S\u00e3o Sebasti\u00e3o, por meio do Departamento de Emprego e Renda da Secretaria de Desenvolvimento Econ\u00f4mico e Social (Sedes).<\/p>\n<p>Al\u00e9m disso, o Caf\u00e9 Empresarial conta com a parceria do Sebrae, Banco do Povo, Posto de Atendimento ao Trabalhador (PAT), Centro Integrado Profissionalizante (CIP) e Associa\u00e7\u00e3o Comercial e Empresarial de S\u00e3o Sebasti\u00e3o (ACESS) e tem como objetivo aproximar o poder p\u00fablico do setor produtivo, promovendo networking, troca de experi\u00eancias e novas oportunidades de desenvolvimento para empreendedores e empresas da cidade. Haver\u00e1 a presen\u00e7a de gestores, profissionais e empreendedores de pequenas e grandes empresas, auxiliando de maneira pr\u00e1tica na busca por solu\u00e7\u00f5es para os desafios di\u00e1rios, inspirando outros gestores a aprimorarem seus neg\u00f3cios e proporcionando aos participantes a troca de experi\u00eancias e o networking. Para isso, uma ampla programa\u00e7\u00e3o foi organizada pela equipe e parceiros da administra\u00e7\u00e3o municipal.<\/p>\n<p>Tamb\u00e9m haver\u00e1 explica\u00e7\u00e3o sobre a din\u00e2mica de speed networking, uma estrat\u00e9gia de neg\u00f3cios em que os participantes de um evento podem se encontrar e fazer networking com v\u00e1rias pessoas em um curto per\u00edodo de tempo. Por meio do speed networking, os participantes t\u00eam uma forma estruturada de ampliar conex\u00f5es durante o evento.<\/p>\n<p>Este ser\u00e1 o primeiro Caf\u00e9 Empresarial de 2026 promovido pela gest\u00e3o p\u00fablica e parceiros. Novas datas ser\u00e3o divulgadas em breve em diferentes regi\u00f5es da cidade.<\/p>\n<h2>Programa\u00e7\u00e3o Caf\u00e9 Empresarial<\/h2>\n<p>8h30 \u00e0s 9h Caf\u00e9 de boas-vindas, recep\u00e7\u00e3o e networking informal<br \/>\n9h \u00e0s 9h15 Abertura com a fala das autoridades presentes<br \/>\n9h30 \u00e0s 11h Painel sobre o tema \u201cReforma tribut\u00e1ria\u201d<br \/>\n11h \u00e0s 12h Speed networking e encerramento, agradecimentos e pr\u00f3ximos passos<\/p>\n<p>*Simultaneamente ocorrer\u00e1 o Bazar das Mulheres Empreendedoras<\/p>\n","protected":false},"excerpt":{"rendered":"<p>Com o tema \u201cConex\u00f5es que Geram Resultados\u201d, a 1\u00aa edi\u00e7\u00e3o do Caf\u00e9 Empresarial 2026 j\u00e1 est\u00e1 com inscri\u00e7\u00f5es abertas para empreendedores e empres\u00e1rios de S\u00e3o Sebasti\u00e3o compartilharem viv\u00eancias e conhecimentos sobre o mercado. O encontro ser\u00e1 realizado no dia 5 de mar\u00e7o, das 8h30 \u00e0s 12h, no Espa\u00e7o de Eventos Abric\u00f3, no bairro Arrast\u00e3o, e [&hellip;]<\/p>\n","protected":false},"author":26,"featured_media":42882,"comment_status":"open","ping_status":"open","sticky":false,"template":"","format":"standard","meta":{"footnotes":""},"categories":[4,2,13],"tags":[],"class_list":["post-42881","post","type-post","status-publish","format-standard","has-post-thumbnail","hentry","category-economia","category-geral","category-sao-sebastiao"],"aioseo_notices":[],"_links":{"self":[{"href":"https:\/\/lrm67.com\/index.php\/wp-json\/wp\/v2\/posts\/42881","targetHints":{"allow":["GET"]}}],"collection":[{"href":"https:\/\/lrm67.com\/index.php\/wp-json\/wp\/v2\/posts"}],"about":[{"href":"https:\/\/lrm67.com\/index.php\/wp-json\/wp\/v2\/types\/post"}],"author":[{"embeddable":true,"href":"https:\/\/lrm67.com\/index.php\/wp-json\/wp\/v2\/users\/26"}],"replies":[{"embeddable":true,"href":"https:\/\/lrm67.com\/index.php\/wp-json\/wp\/v2\/comments?post=42881"}],"version-history":[{"count":1,"href":"https:\/\/lrm67.com\/index.php\/wp-json\/wp\/v2\/posts\/42881\/revisions"}],"predecessor-version":[{"id":42883,"href":"https:\/\/lrm67.com\/index.php\/wp-json\/wp\/v2\/posts\/42881\/revisions\/42883"}],"wp:featuredmedia":[{"embeddable":true,"href":"https:\/\/lrm67.com\/index.php\/wp-json\/wp\/v2\/media\/42882"}],"wp:attachment":[{"href":"https:\/\/lrm67.com\/index.php\/wp-json\/wp\/v2\/media?parent=42881"}],"wp:term":[{"taxonomy":"category","embeddable":true,"href":"https:\/\/lrm67.com\/index.php\/wp-json\/wp\/v2\/categories?post=42881"},{"taxonomy":"post_tag","embeddable":true,"href":"https:\/\/lrm67.com\/index.php\/wp-json\/wp\/v2\/tags?post=42881"}],"curies":[{"name":"wp","href":"https:\/\/api.w.org\/{rel}","templated":true}]}}