{"id":42839,"date":"2026-02-09T19:50:32","date_gmt":"2026-02-09T22:50:32","guid":{"rendered":"https:\/\/lrm67.com\/?p=42839"},"modified":"2026-02-09T19:50:32","modified_gmt":"2026-02-09T22:50:32","slug":"via-dutra-e-rio-santos-esperam-movimento-intenso-de-quase-2-milhoes-de-veiculos-no-carnaval","status":"publish","type":"post","link":"https:\/\/lrm67.com\/index.php\/2026\/02\/09\/via-dutra-e-rio-santos-esperam-movimento-intenso-de-quase-2-milhoes-de-veiculos-no-carnaval\/","title":{"rendered":"Via Dutra e Rio-Santos esperam movimento intenso de quase 2 milh\u00f5es de ve\u00edculos no Carnaval"},"content":{"rendered":"<p><em><strong>Rodovia Rio-Santos.<\/strong><\/em><\/p>\n<p><strong>Por Danilo Costa<\/strong><\/p>\n<p>&nbsp;<\/p>\n<p>Quem pretende pegar a estrada no feriado prolongado de Carnaval precisa se planejar. A expectativa da concession\u00e1ria RioSP \u00e9 de um movimento intenso nas principais rodovias que ligam O Vale do Para\u00edba ao Rio de Janeiro e ao Litoral Norte.<\/p>\n<p>Entre os dias 13 e 18 de fevereiro, a previs\u00e3o \u00e9 de que cerca de 1,8 milh\u00e3o de ve\u00edculos circulem pela Via Dutra e pela BR-101, a Rio-Santos.<\/p>\n<p>&nbsp;<\/p>\n<h2>Via Dutra concentra maior fluxo na sa\u00edda do feriado<\/h2>\n<p>Segundo a concession\u00e1ria, o maior volume de tr\u00e1fego deve ocorrer na sa\u00edda do feriado, especialmente na sexta-feira (13), quando s\u00e3o esperados 291.952 ve\u00edculos, e no s\u00e1bado (14), com a previs\u00e3o de circula\u00e7\u00e3o de 276.285 ve\u00edculos pela rodovia.<\/p>\n<p>Na Via Dutra, os per\u00edodos mais cr\u00edticos est\u00e3o concentrados entre a manh\u00e3 e a noite de sexta, al\u00e9m da manh\u00e3 e in\u00edcio da tarde de s\u00e1bado, quando milhares de motoristas seguem viagem rumo ao interior, litoral e outros estados.<\/p>\n<p>No retorno, o fluxo volta a se intensificar entre ter\u00e7a-feira (17), com a circula\u00e7\u00e3o estimada de 223.991 ve\u00edculos, e quarta-feira (18), quando s\u00e3o esperados 250.228 ve\u00edculos passando pela rodovia ao longo de praticamente todo o dia, principalmente entre 7h e 19h.<\/p>\n<p>&nbsp;<\/p>\n<h2>Rio-Santos ter\u00e1 grande movimento rumo ao Litoral Norte e Costa Verde<\/h2>\n<p>J\u00e1 na rodovia Rio-Santos, principal acesso a destinos tur\u00edsticos como Ubatuba, no Litoral Norte, e cidades da Costa Verde fluminense, como Angra dos Reis e Paraty, a movimenta\u00e7\u00e3o tamb\u00e9m ser\u00e1 elevada.<\/p>\n<p>A previs\u00e3o \u00e9 de que mais de 400 mil ve\u00edculos trafeguem pelos cerca de 270 quil\u00f4metros da estrada ao longo do feriado, com picos semelhantes aos registrados na Via Dutra tanto na sa\u00edda quanto no retorno.<\/p>\n<p>Para reduzir impactos no tr\u00e1fego, a concession\u00e1ria informou que todas as obras que exigem interdi\u00e7\u00e3o de faixas estar\u00e3o suspensas durante todo o per\u00edodo do Carnaval, garantindo maior fluidez e seguran\u00e7a aos motoristas.<\/p>\n<p>Al\u00e9m das medidas operacionais, a RioSP tamb\u00e9m realizar\u00e1 a\u00e7\u00f5es educativas durante o feriado.<\/p>\n<p>A concession\u00e1ria participa da campanha nacional \u201cSe liga ou eu ligo 180\u201d, que promove o respeito e o combate \u00e0 importuna\u00e7\u00e3o sexual, com mensagens nos pain\u00e9is eletr\u00f4nicos das rodovias e distribui\u00e7\u00e3o de materiais informativos em pontos de parada.<\/p>\n<p>&nbsp;<\/p>\n<pre>Foto: Reprodu\u00e7\u00e3o \/ Fernanda Carvalho<\/pre>\n","protected":false},"excerpt":{"rendered":"<p>Rodovia Rio-Santos. Por Danilo Costa &nbsp; Quem pretende pegar a estrada no feriado prolongado de Carnaval precisa se planejar. A expectativa da concession\u00e1ria RioSP \u00e9 de um movimento intenso nas principais rodovias que ligam O Vale do Para\u00edba ao Rio de Janeiro e ao Litoral Norte. Entre os dias 13 e 18 de fevereiro, a [&hellip;]<\/p>\n","protected":false},"author":26,"featured_media":42840,"comment_status":"open","ping_status":"open","sticky":false,"template":"","format":"standard","meta":{"footnotes":""},"categories":[12,80,89],"tags":[132,32,205,207],"class_list":["post-42839","post","type-post","status-publish","format-standard","has-post-thumbnail","hentry","category-eventos","category-litoral-norte","category-vale-do-paraiba","tag-eventos","tag-litoral-norte","tag-transito","tag-vale-do-paraiba"],"aioseo_notices":[],"_links":{"self":[{"href":"https:\/\/lrm67.com\/index.php\/wp-json\/wp\/v2\/posts\/42839","targetHints":{"allow":["GET"]}}],"collection":[{"href":"https:\/\/lrm67.com\/index.php\/wp-json\/wp\/v2\/posts"}],"about":[{"href":"https:\/\/lrm67.com\/index.php\/wp-json\/wp\/v2\/types\/post"}],"author":[{"embeddable":true,"href":"https:\/\/lrm67.com\/index.php\/wp-json\/wp\/v2\/users\/26"}],"replies":[{"embeddable":true,"href":"https:\/\/lrm67.com\/index.php\/wp-json\/wp\/v2\/comments?post=42839"}],"version-history":[{"count":1,"href":"https:\/\/lrm67.com\/index.php\/wp-json\/wp\/v2\/posts\/42839\/revisions"}],"predecessor-version":[{"id":42841,"href":"https:\/\/lrm67.com\/index.php\/wp-json\/wp\/v2\/posts\/42839\/revisions\/42841"}],"wp:featuredmedia":[{"embeddable":true,"href":"https:\/\/lrm67.com\/index.php\/wp-json\/wp\/v2\/media\/42840"}],"wp:attachment":[{"href":"https:\/\/lrm67.com\/index.php\/wp-json\/wp\/v2\/media?parent=42839"}],"wp:term":[{"taxonomy":"category","embeddable":true,"href":"https:\/\/lrm67.com\/index.php\/wp-json\/wp\/v2\/categories?post=42839"},{"taxonomy":"post_tag","embeddable":true,"href":"https:\/\/lrm67.com\/index.php\/wp-json\/wp\/v2\/tags?post=42839"}],"curies":[{"name":"wp","href":"https:\/\/api.w.org\/{rel}","templated":true}]}}