{"id":42818,"date":"2026-02-09T11:05:56","date_gmt":"2026-02-09T14:05:56","guid":{"rendered":"https:\/\/lrm67.com\/?p=42818"},"modified":"2026-02-09T11:05:56","modified_gmt":"2026-02-09T14:05:56","slug":"deputado-rafael-saraiva-organiza-caravana-de-ativistas-de-sp-a-sc-para-protesto-pacifico-por-transparencia-na-investigacao-do-caso-orelha","status":"publish","type":"post","link":"https:\/\/lrm67.com\/index.php\/2026\/02\/09\/deputado-rafael-saraiva-organiza-caravana-de-ativistas-de-sp-a-sc-para-protesto-pacifico-por-transparencia-na-investigacao-do-caso-orelha\/","title":{"rendered":"Deputado Rafael Saraiva organiza caravana de ativistas de SP a SC para protesto pac\u00edfico por transpar\u00eancia na investiga\u00e7\u00e3o do Caso Orelha"},"content":{"rendered":"<p>Refer\u00eancia na causa animal, o deputado estadual Rafael Saraiva (Uni\u00e3o\/SP) promove, na noite desta segunda-feira (9), a sa\u00edda de uma caravana de \u00f4nibus de S\u00e3o Paulo com destino a Santa Catarina, com ativistas, protetores independentes e apoiadores da causa animal para um protesto pac\u00edfico marcado para \u00e0s 14h desta ter\u00e7a-feira (10), em frente \u00e0 Delegacia-Geral da Pol\u00edcia Civil, na Av. Governador Ivo Silveira, 152, Capoeiras, em Florian\u00f3polis (SC).<\/p>\n<p>A mobiliza\u00e7\u00e3o tem como objetivo cobrar avan\u00e7os e transpar\u00eancia nas investiga\u00e7\u00f5es do Caso Orelha, que voltou a ganhar repercuss\u00e3o ap\u00f3s novos desdobramentos envolvendo a Pol\u00edcia Civil de Santa Catarina.<\/p>\n<p>O Caso Orelha voltou ao centro do debate ap\u00f3s o Minist\u00e9rio P\u00fablico apontar falhas graves nas investiga\u00e7\u00f5es e solicitar novas dilig\u00eancias para reavaliar os fatos e as responsabilidades. Paralelamente, a Assembleia Legislativa de Santa Catarina analisa um pedido de impeachment contra o delegado-geral, Ulisses Gabriel, por suposto desvio de finalidade e uso indevido da estrutura p\u00fablica.<\/p>\n<p>O ato contar\u00e1 com o apoio do Jo\u00e3o Fantazzini, conhecido pelo caso do C\u00e3o Joca, e do vereador de Londrina Deivid Wesley, al\u00e9m de ativistas e pessoas ligadas a causa animal de v\u00e1rias cidades do pa\u00eds. A mobiliza\u00e7\u00e3o visa cobrar a\u00e7\u00f5es efetivas e transpar\u00eancia sobre a morte do c\u00e3o Orelha, bem como esclarecimentos sobre a situa\u00e7\u00e3o do c\u00e3o Caramelo, que foi adotado pelo delegado-geral ap\u00f3s a repercuss\u00e3o do caso, fato que gerou questionamentos por parte de ativistas e organiza\u00e7\u00f5es de prote\u00e7\u00e3o animal.<\/p>\n<p>Para o deputado Rafael Saraiva, a mobiliza\u00e7\u00e3o busca garantir que o caso n\u00e3o caia no esquecimento e que as institui\u00e7\u00f5es apresentem respostas claras \u00e0 sociedade.<\/p>\n<blockquote><p>\u201cO que estamos pedindo \u00e9 justi\u00e7a e transpar\u00eancia. O delegado-geral tem apresentado vers\u00f5es contradit\u00f3rias e, na nossa avalia\u00e7\u00e3o, ele pode estar usando a ado\u00e7\u00e3o do animal, e isso deve ser analiso. A causa animal n\u00e3o pode ser instrumentalizada. Estamos indo a Santa Catarina de forma pac\u00edfica para cobrar respostas e respeito \u00e0 sociedade. Desta vez, a causa animal est\u00e1 tendo a segunda chance e vamos cobrar por isso\u201d, afirma o deputado.<\/p><\/blockquote>\n<p>Saraiva refor\u00e7a que o protesto ser\u00e1 pac\u00edfico e aberto \u00e0 participa\u00e7\u00e3o da sociedade civil.<\/p>\n<blockquote><p>\u201cN\u00e3o se trata de um ato pol\u00edtico-partid\u00e1rio. \u00c9 uma mobiliza\u00e7\u00e3o em defesa dos animais, da verdade e da responsabilidade com a investiga\u00e7\u00e3o. A sociedade quer respostas\u201d, conclui.<\/p><\/blockquote>\n<h2>Relembre o caso<\/h2>\n<p>O caso ganhou aten\u00e7\u00e3o nacional ap\u00f3s a morte do c\u00e3o Orelha, em janeiro deste ano, em Florian\u00f3polis, em circunst\u00e2ncias que geraram forte como\u00e7\u00e3o. As primeiras investiga\u00e7\u00f5es apontaram que o animal teria sido alvo de maus-tratos por um grupo de jovens. Quatro envolvidos foram reconhecidos, sendo um adolescente, de 15 anos, indiciado.<\/p>\n<p>Durante a repercuss\u00e3o do caso, o c\u00e3o Caramelo, que tamb\u00e9m esteve envolvido na ocorr\u00eancia, foi adotado pelo delegado-geral, fato que gerou novos questionamentos por parte de ativistas e organiza\u00e7\u00f5es de prote\u00e7\u00e3o animal, que cobram esclarecimentos e acompanhamento da situa\u00e7\u00e3o do animal.<\/p>\n","protected":false},"excerpt":{"rendered":"<p>Refer\u00eancia na causa animal, o deputado estadual Rafael Saraiva (Uni\u00e3o\/SP) promove, na noite desta segunda-feira (9), a sa\u00edda de uma caravana de \u00f4nibus de S\u00e3o Paulo com destino a Santa Catarina, com ativistas, protetores independentes e apoiadores da causa animal para um protesto pac\u00edfico marcado para \u00e0s 14h desta ter\u00e7a-feira (10), em frente \u00e0 Delegacia-Geral [&hellip;]<\/p>\n","protected":false},"author":26,"featured_media":42819,"comment_status":"open","ping_status":"open","sticky":false,"template":"","format":"standard","meta":{"footnotes":""},"categories":[81,18,16,60],"tags":[],"class_list":["post-42818","post","type-post","status-publish","format-standard","has-post-thumbnail","hentry","category-alesp","category-meio-ambiente","category-politica","category-sao-paulo"],"aioseo_notices":[],"_links":{"self":[{"href":"https:\/\/lrm67.com\/index.php\/wp-json\/wp\/v2\/posts\/42818","targetHints":{"allow":["GET"]}}],"collection":[{"href":"https:\/\/lrm67.com\/index.php\/wp-json\/wp\/v2\/posts"}],"about":[{"href":"https:\/\/lrm67.com\/index.php\/wp-json\/wp\/v2\/types\/post"}],"author":[{"embeddable":true,"href":"https:\/\/lrm67.com\/index.php\/wp-json\/wp\/v2\/users\/26"}],"replies":[{"embeddable":true,"href":"https:\/\/lrm67.com\/index.php\/wp-json\/wp\/v2\/comments?post=42818"}],"version-history":[{"count":1,"href":"https:\/\/lrm67.com\/index.php\/wp-json\/wp\/v2\/posts\/42818\/revisions"}],"predecessor-version":[{"id":42820,"href":"https:\/\/lrm67.com\/index.php\/wp-json\/wp\/v2\/posts\/42818\/revisions\/42820"}],"wp:featuredmedia":[{"embeddable":true,"href":"https:\/\/lrm67.com\/index.php\/wp-json\/wp\/v2\/media\/42819"}],"wp:attachment":[{"href":"https:\/\/lrm67.com\/index.php\/wp-json\/wp\/v2\/media?parent=42818"}],"wp:term":[{"taxonomy":"category","embeddable":true,"href":"https:\/\/lrm67.com\/index.php\/wp-json\/wp\/v2\/categories?post=42818"},{"taxonomy":"post_tag","embeddable":true,"href":"https:\/\/lrm67.com\/index.php\/wp-json\/wp\/v2\/tags?post=42818"}],"curies":[{"name":"wp","href":"https:\/\/api.w.org\/{rel}","templated":true}]}}