{"id":42723,"date":"2026-02-05T15:17:13","date_gmt":"2026-02-05T18:17:13","guid":{"rendered":"https:\/\/lrm67.com\/?p=42723"},"modified":"2026-02-06T10:19:26","modified_gmt":"2026-02-06T13:19:26","slug":"corte-do-carnaval-de-sao-sebastiao-tem-troca-cultural-com-escola-de-samba-vai-vai-em-sao-paulo","status":"publish","type":"post","link":"https:\/\/lrm67.com\/index.php\/2026\/02\/05\/corte-do-carnaval-de-sao-sebastiao-tem-troca-cultural-com-escola-de-samba-vai-vai-em-sao-paulo\/","title":{"rendered":"Corte do Carnaval de S\u00e3o Sebasti\u00e3o tem troca cultural com Escola de Samba Vai-Vai em S\u00e3o Paulo"},"content":{"rendered":"<p>A Corte do Carnaval de S\u00e3o Sebasti\u00e3o, acompanhada pela comitiva da Associa\u00e7\u00e3o Sebastianense das Entidades Carnavalescas (Asec), esteve em S\u00e3o Paulo para participar de uma troca cultural com a tradicional Escola de Samba Vai-Vai.<\/p>\n<p>A comitiva foi recebida pelo presidente da agremia\u00e7\u00e3o, Clar\u00edcio Gon\u00e7alves, que apresentou a escola, explicou o enredo de 2026 e falou sobre projetos e o futuro da Vai-Vai. \u201cO encontro foi marcado pela troca cultural, respeito m\u00fatuo e fortalecimento dos la\u00e7os entre o Carnaval cai\u00e7ara e o Carnaval paulistano\u201d, destacou Suelem J\u00falio, diretora da Funda\u00e7\u00e3o Educacional e Cultural \u2018Deodato Sant\u2019Anna\u2019 (Fundass).<br \/>\nNa ocasi\u00e3o, a Corte Cai\u00e7ara foi apresentada \u00e0 bateria \u2018Pegada de Macaco\u2019, comandada pelo mestre Tadeu, que arrancou aplausos e entusiasmo do p\u00fablico presente.<\/p>\n<p>O presidente da Asec, Yago Oyama, destacou que a visita rendeu conex\u00f5es importantes e resultados positivos, que em breve ser\u00e3o divulgados no site oficial da Asec, de forma a fortalecer ainda mais o Carnaval de S\u00e3o Sebasti\u00e3o no cen\u00e1rio nacional.<\/p>\n<p>Tamb\u00e9m esteve presente na visita a representante da Secretaria de Turismo (Setur), Carolina Braga, o que refor\u00e7a a import\u00e2ncia da uni\u00e3o entre cultura, turismo e Carnaval.<\/p>\n","protected":false},"excerpt":{"rendered":"<p>A Corte do Carnaval de S\u00e3o Sebasti\u00e3o, acompanhada pela comitiva da Associa\u00e7\u00e3o Sebastianense das Entidades Carnavalescas (Asec), esteve em S\u00e3o Paulo para participar de uma troca cultural com a tradicional Escola de Samba Vai-Vai. A comitiva foi recebida pelo presidente da agremia\u00e7\u00e3o, Clar\u00edcio Gon\u00e7alves, que apresentou a escola, explicou o enredo de 2026 e falou [&hellip;]<\/p>\n","protected":false},"author":26,"featured_media":42724,"comment_status":"open","ping_status":"open","sticky":false,"template":"","format":"standard","meta":{"footnotes":""},"categories":[2,13],"tags":[],"class_list":["post-42723","post","type-post","status-publish","format-standard","has-post-thumbnail","hentry","category-geral","category-sao-sebastiao"],"aioseo_notices":[],"_links":{"self":[{"href":"https:\/\/lrm67.com\/index.php\/wp-json\/wp\/v2\/posts\/42723","targetHints":{"allow":["GET"]}}],"collection":[{"href":"https:\/\/lrm67.com\/index.php\/wp-json\/wp\/v2\/posts"}],"about":[{"href":"https:\/\/lrm67.com\/index.php\/wp-json\/wp\/v2\/types\/post"}],"author":[{"embeddable":true,"href":"https:\/\/lrm67.com\/index.php\/wp-json\/wp\/v2\/users\/26"}],"replies":[{"embeddable":true,"href":"https:\/\/lrm67.com\/index.php\/wp-json\/wp\/v2\/comments?post=42723"}],"version-history":[{"count":1,"href":"https:\/\/lrm67.com\/index.php\/wp-json\/wp\/v2\/posts\/42723\/revisions"}],"predecessor-version":[{"id":42725,"href":"https:\/\/lrm67.com\/index.php\/wp-json\/wp\/v2\/posts\/42723\/revisions\/42725"}],"wp:featuredmedia":[{"embeddable":true,"href":"https:\/\/lrm67.com\/index.php\/wp-json\/wp\/v2\/media\/42724"}],"wp:attachment":[{"href":"https:\/\/lrm67.com\/index.php\/wp-json\/wp\/v2\/media?parent=42723"}],"wp:term":[{"taxonomy":"category","embeddable":true,"href":"https:\/\/lrm67.com\/index.php\/wp-json\/wp\/v2\/categories?post=42723"},{"taxonomy":"post_tag","embeddable":true,"href":"https:\/\/lrm67.com\/index.php\/wp-json\/wp\/v2\/tags?post=42723"}],"curies":[{"name":"wp","href":"https:\/\/api.w.org\/{rel}","templated":true}]}}