{"id":42593,"date":"2026-02-02T16:52:59","date_gmt":"2026-02-02T19:52:59","guid":{"rendered":"https:\/\/lrm67.com\/?p=42593"},"modified":"2026-02-02T16:52:59","modified_gmt":"2026-02-02T19:52:59","slug":"verao-no-clima-chega-a-caraguatatuba-com-educacao-ambiental-e-atracoes-gratuitas-no-dia-7-de-fevereiro","status":"publish","type":"post","link":"https:\/\/lrm67.com\/index.php\/2026\/02\/02\/verao-no-clima-chega-a-caraguatatuba-com-educacao-ambiental-e-atracoes-gratuitas-no-dia-7-de-fevereiro\/","title":{"rendered":"\u201cVer\u00e3o no Clima\u201d chega a Caraguatatuba com educa\u00e7\u00e3o ambiental e atra\u00e7\u00f5es gratuitas no dia 7 de fevereiro"},"content":{"rendered":"<p>Caraguatatuba ser\u00e1 palco, no pr\u00f3ximo s\u00e1bado (7) do evento \u201cVer\u00e3o no Clima\u201d, que tem como objetivo promover educa\u00e7\u00e3o ambiental, lazer e conscientiza\u00e7\u00e3o sobre a import\u00e2ncia da preserva\u00e7\u00e3o dos ecossistemas costeiros. A a\u00e7\u00e3o ser\u00e1 realizada das 5h30 \u00e0s 17h, na Avenida Geraldo Nogueira da Silva, entre os n\u00fameros 549 e 717, pr\u00f3ximo ao quiosque 32, na Praia do Indai\u00e1.<\/p>\n<p>O evento \u00e9 uma iniciativa do Governo do Estado de S\u00e3o Paulo, por meio da Diretoria de Educa\u00e7\u00e3o Ambiental da Secretaria de Meio Ambiente, Infraestrutura e Log\u00edstica (Semil). A programa\u00e7\u00e3o ser\u00e1 diversificada com atividades voltadas \u00e0 conscientiza\u00e7\u00e3o ambiental e cuidados com o meio ambiente, com oficinas educativas, a\u00e7\u00f5es l\u00fadicas, pr\u00e1ticas esportivas e atra\u00e7\u00f5es culturais, reunindo educadores ambientais, m\u00fasicos e artistas locais.<\/p>\n<p>O p\u00fablico poder\u00e1 participar tamb\u00e9m de uma corrida de cinco quil\u00f4metros de forma gratuita. As inscri\u00e7\u00f5es podem ser feitas diretamente pelo link que ser\u00e1 disponibilizado a partir das 12h de ter\u00e7a-feira (3) na p\u00e1gina oficial do evento no Instagram (@veraonoclima). As vagas ser\u00e3o limitadas. A programa\u00e7\u00e3o completa com os hor\u00e1rios de todas as atividades do evento \u201cVer\u00e3o no Clima\u201d ser\u00e1 divulgada em breve.<\/p>\n<p>A realiza\u00e7\u00e3o do evento \u00e9 do Governo do Estado de S\u00e3o Paulo, por meio da Diretoria de Educa\u00e7\u00e3o Ambiental da Semil, com patroc\u00ednio da Sabesp, via Lei Federal de Incentivo ao Esporte e Lei Federal de Incentivo \u00e0 Cultura (Lei Rouanet). O evento conta com a parceria e apoio da Prefeitura Municipal de Caraguatatuba, al\u00e9m da participa\u00e7\u00e3o do Guardi\u00e3o da Costeira, Instituto Supereco, ONG Maranata, Instituto Argonauta, Toninhas do Brasil, Col\u00e9gio Tablau e Quiosque do Adriano (n\u00ba 32).<\/p>\n<p>Tamb\u00e9m apoiam a iniciativa a Cetesb, Funda\u00e7\u00e3o Florestal, Pol\u00edcia Ambiental do Estado de S\u00e3o Paulo, Centro Estadual de Educa\u00e7\u00e3o Tecnol\u00f3gica Paula Souza, NeoEnergia Elektro, Conselho Regional de Engenharia e Agronomia de S\u00e3o Paulo (CREA) e Circular Brain.<\/p>\n<p>O \u201cVer\u00e3o no Clima\u201d integra uma s\u00e9rie de a\u00e7\u00f5es realizadas em diversas cidades do litoral paulista, refor\u00e7ando o compromisso com a preserva\u00e7\u00e3o ambiental, o enfrentamento das mudan\u00e7as clim\u00e1ticas e a constru\u00e7\u00e3o de um futuro mais sustent\u00e1vel para todos.<\/p>\n","protected":false},"excerpt":{"rendered":"<p>Caraguatatuba ser\u00e1 palco, no pr\u00f3ximo s\u00e1bado (7) do evento \u201cVer\u00e3o no Clima\u201d, que tem como objetivo promover educa\u00e7\u00e3o ambiental, lazer e conscientiza\u00e7\u00e3o sobre a import\u00e2ncia da preserva\u00e7\u00e3o dos ecossistemas costeiros. A a\u00e7\u00e3o ser\u00e1 realizada das 5h30 \u00e0s 17h, na Avenida Geraldo Nogueira da Silva, entre os n\u00fameros 549 e 717, pr\u00f3ximo ao quiosque 32, na [&hellip;]<\/p>\n","protected":false},"author":26,"featured_media":42595,"comment_status":"open","ping_status":"open","sticky":false,"template":"","format":"standard","meta":{"footnotes":""},"categories":[8,7,19,12,18],"tags":[17,110,132,23],"class_list":["post-42593","post","type-post","status-publish","format-standard","has-post-thumbnail","hentry","category-caraguatatuba","category-destaque","category-educacao","category-eventos","category-meio-ambiente","tag-caraguatatuba","tag-educacao","tag-eventos","tag-meio-ambiente"],"aioseo_notices":[],"_links":{"self":[{"href":"https:\/\/lrm67.com\/index.php\/wp-json\/wp\/v2\/posts\/42593","targetHints":{"allow":["GET"]}}],"collection":[{"href":"https:\/\/lrm67.com\/index.php\/wp-json\/wp\/v2\/posts"}],"about":[{"href":"https:\/\/lrm67.com\/index.php\/wp-json\/wp\/v2\/types\/post"}],"author":[{"embeddable":true,"href":"https:\/\/lrm67.com\/index.php\/wp-json\/wp\/v2\/users\/26"}],"replies":[{"embeddable":true,"href":"https:\/\/lrm67.com\/index.php\/wp-json\/wp\/v2\/comments?post=42593"}],"version-history":[{"count":1,"href":"https:\/\/lrm67.com\/index.php\/wp-json\/wp\/v2\/posts\/42593\/revisions"}],"predecessor-version":[{"id":42596,"href":"https:\/\/lrm67.com\/index.php\/wp-json\/wp\/v2\/posts\/42593\/revisions\/42596"}],"wp:featuredmedia":[{"embeddable":true,"href":"https:\/\/lrm67.com\/index.php\/wp-json\/wp\/v2\/media\/42595"}],"wp:attachment":[{"href":"https:\/\/lrm67.com\/index.php\/wp-json\/wp\/v2\/media?parent=42593"}],"wp:term":[{"taxonomy":"category","embeddable":true,"href":"https:\/\/lrm67.com\/index.php\/wp-json\/wp\/v2\/categories?post=42593"},{"taxonomy":"post_tag","embeddable":true,"href":"https:\/\/lrm67.com\/index.php\/wp-json\/wp\/v2\/tags?post=42593"}],"curies":[{"name":"wp","href":"https:\/\/api.w.org\/{rel}","templated":true}]}}