{"id":42547,"date":"2026-01-30T17:59:00","date_gmt":"2026-01-30T20:59:00","guid":{"rendered":"https:\/\/lrm67.com\/?p=42547"},"modified":"2026-01-31T10:03:40","modified_gmt":"2026-01-31T13:03:40","slug":"escola-civico-municipal-do-itaquanduba-inicia-aulas-em-espaco-provisorio-no-mes-de-fevereiro","status":"publish","type":"post","link":"https:\/\/lrm67.com\/index.php\/2026\/01\/30\/escola-civico-municipal-do-itaquanduba-inicia-aulas-em-espaco-provisorio-no-mes-de-fevereiro\/","title":{"rendered":"Escola C\u00edvico-Municipal do Itaquanduba inicia aulas em espa\u00e7o provis\u00f3rio no m\u00eas de fevereiro"},"content":{"rendered":"<p>A Prefeitura de Ilhabela, por meio da Secretaria de Educa\u00e7\u00e3o, informa que o in\u00edcio das aulas da nova Escola C\u00edvico-Municipal do Itaquanduba seguir\u00e1 o calend\u00e1rio oficial da rede municipal de ensino, com retorno previsto para o dia 9 de fevereiro.<\/p>\n<p>Enquanto as obras da unidade definitiva seguem em andamento, as atividades escolares ocorrer\u00e3o, de forma provis\u00f3ria, no pr\u00e9dio da antiga Escola Benedita Salinas, no bairro Barra Velha, ao lado da delegacia de pol\u00edcia.<\/p>\n<p>A medida tem como objetivo garantir que os estudantes sejam atendidos com seguran\u00e7a, organiza\u00e7\u00e3o e qualidade pedag\u00f3gica, assegurando a continuidade do direito \u00e0 educa\u00e7\u00e3o at\u00e9 a conclus\u00e3o da nova escola, que est\u00e1 sendo constru\u00edda ao lado da Escola Oph\u00e9lia Reale.<\/p>\n<p>Com o objetivo de esclarecer d\u00favidas e acolher as fam\u00edlias, a Secretaria de Educa\u00e7\u00e3o promover\u00e1 uma reuni\u00e3o de recep\u00e7\u00e3o e orienta\u00e7\u00e3o na pr\u00f3xima quinta-feira, 5 de fevereiro, \u00e0s 18h, no pr\u00e9dio da antiga Escola Benedita Salinas, localizado na Rua Manoel Mac\u00e1rio da Silva, n\u00ba 205.<\/p>\n<p>A Prefeitura de Ilhabela refor\u00e7a seu compromisso com uma educa\u00e7\u00e3o p\u00fablica de qualidade e conta com a compreens\u00e3o da comunidade escolar neste per\u00edodo de transi\u00e7\u00e3o.<\/p>\n","protected":false},"excerpt":{"rendered":"<p>A Prefeitura de Ilhabela, por meio da Secretaria de Educa\u00e7\u00e3o, informa que o in\u00edcio das aulas da nova Escola C\u00edvico-Municipal do Itaquanduba seguir\u00e1 o calend\u00e1rio oficial da rede municipal de ensino, com retorno previsto para o dia 9 de fevereiro. Enquanto as obras da unidade definitiva seguem em andamento, as atividades escolares ocorrer\u00e3o, de forma [&hellip;]<\/p>\n","protected":false},"author":26,"featured_media":42548,"comment_status":"open","ping_status":"open","sticky":false,"template":"","format":"standard","meta":{"footnotes":""},"categories":[19,2,3],"tags":[],"class_list":["post-42547","post","type-post","status-publish","format-standard","has-post-thumbnail","hentry","category-educacao","category-geral","category-ilhabela"],"aioseo_notices":[],"_links":{"self":[{"href":"https:\/\/lrm67.com\/index.php\/wp-json\/wp\/v2\/posts\/42547","targetHints":{"allow":["GET"]}}],"collection":[{"href":"https:\/\/lrm67.com\/index.php\/wp-json\/wp\/v2\/posts"}],"about":[{"href":"https:\/\/lrm67.com\/index.php\/wp-json\/wp\/v2\/types\/post"}],"author":[{"embeddable":true,"href":"https:\/\/lrm67.com\/index.php\/wp-json\/wp\/v2\/users\/26"}],"replies":[{"embeddable":true,"href":"https:\/\/lrm67.com\/index.php\/wp-json\/wp\/v2\/comments?post=42547"}],"version-history":[{"count":1,"href":"https:\/\/lrm67.com\/index.php\/wp-json\/wp\/v2\/posts\/42547\/revisions"}],"predecessor-version":[{"id":42549,"href":"https:\/\/lrm67.com\/index.php\/wp-json\/wp\/v2\/posts\/42547\/revisions\/42549"}],"wp:featuredmedia":[{"embeddable":true,"href":"https:\/\/lrm67.com\/index.php\/wp-json\/wp\/v2\/media\/42548"}],"wp:attachment":[{"href":"https:\/\/lrm67.com\/index.php\/wp-json\/wp\/v2\/media?parent=42547"}],"wp:term":[{"taxonomy":"category","embeddable":true,"href":"https:\/\/lrm67.com\/index.php\/wp-json\/wp\/v2\/categories?post=42547"},{"taxonomy":"post_tag","embeddable":true,"href":"https:\/\/lrm67.com\/index.php\/wp-json\/wp\/v2\/tags?post=42547"}],"curies":[{"name":"wp","href":"https:\/\/api.w.org\/{rel}","templated":true}]}}