{"id":42532,"date":"2026-01-30T19:01:00","date_gmt":"2026-01-30T22:01:00","guid":{"rendered":"https:\/\/lrm67.com\/?p=42532"},"modified":"2026-01-30T19:01:00","modified_gmt":"2026-01-30T22:01:00","slug":"operacao-caragua-segura-reforca-fiscalizacao-fecha-adegas-irregulares-e-impulsiona-queda-da-criminalidade","status":"publish","type":"post","link":"https:\/\/lrm67.com\/index.php\/2026\/01\/30\/operacao-caragua-segura-reforca-fiscalizacao-fecha-adegas-irregulares-e-impulsiona-queda-da-criminalidade\/","title":{"rendered":"Opera\u00e7\u00e3o \u201cCaragu\u00e1 Segura\u201d refor\u00e7a fiscaliza\u00e7\u00e3o, fecha adegas irregulares e impulsiona queda da criminalidade"},"content":{"rendered":"<p>A mobiliza\u00e7\u00e3o conjunta envolvendo for\u00e7as de seguran\u00e7a e setores da Prefeitura foi realizada na \u00faltima quinta-feira (29) em Caraguatatuba, com o objetivo de ampliar a seguran\u00e7a p\u00fablica, coibir irregularidades comerciais e refor\u00e7ar o controle no tr\u00e2nsito.<\/p>\n<p>A iniciativa teve coordena\u00e7\u00e3o da Pol\u00edcia Militar e contou com apoio da Guarda Civil Municipal (GCM), Pol\u00edcia Civil e equipes municipais de fiscaliza\u00e7\u00e3o de Posturas, Tribut\u00e1ria e Vigil\u00e2ncia Sanit\u00e1ria.<\/p>\n<p>A opera\u00e7\u00e3o envolveu bloqueios policiais em pontos estrat\u00e9gicos da cidade, al\u00e9m de vistorias em bares e adegas. Durante a a\u00e7\u00e3o, policiais militares atuaram de forma ostensiva e preventiva, enquanto fiscais municipais verificaram a regularidade dos estabelecimentos, analisaram alvar\u00e1s de funcionamento, proced\u00eancia dos produtos comercializados e o cumprimento das obriga\u00e7\u00f5es fiscais e sanit\u00e1rias.<\/p>\n<p>O efetivo da Opera\u00e7\u00e3o Ver\u00e3o foi integrado \u00e0 for\u00e7a-tarefa, ampliando a presen\u00e7a policial em \u00e1reas de maior circula\u00e7\u00e3o. A GCM refor\u00e7ou o patrulhamento dos espa\u00e7os p\u00fablicos, enquanto a Pol\u00edcia Civil contribuiu com o trabalho estrat\u00e9gico e de intelig\u00eancia, auxiliando na defini\u00e7\u00e3o de alvos e no direcionamento das abordagens realizadas ao longo da opera\u00e7\u00e3o.<\/p>\n<h2><strong>Fiscaliza\u00e7\u00e3o em Adegas e Bares<\/strong><\/h2>\n<p>Nove adegas passaram por fiscaliza\u00e7\u00e3o. O setor de Urbanismo realizou a confer\u00eancia documental, verificou alvar\u00e1s, Auto de Vistoria do Corpo de Bombeiros (AVCB) e o cumprimento do hor\u00e1rio permitido de funcionamento. Entre os estabelecimentos vistoriados, um deles operava sem alvar\u00e1 e sofreu medidas administrativas.<\/p>\n<p>A fiscaliza\u00e7\u00e3o tribut\u00e1ria coordenou o fechamento de duas adegas no bairro Rio do Ouro. No bairro Indai\u00e1, uma adega que funcionava sem alvar\u00e1 tamb\u00e9m teve as atividades encerradas. Na regi\u00e3o central da cidade, outras duas adegas foram fechadas, sendo que uma delas ainda recebeu notifica\u00e7\u00e3o por irregularidades constatadas.<\/p>\n<p>A Vigil\u00e2ncia Sanit\u00e1ria vistoriou sete estabelecimentos durante a a\u00e7\u00e3o. Foram lavrados um auto de infra\u00e7\u00e3o e um auto de imposi\u00e7\u00e3o de penalidade de inutiliza\u00e7\u00e3o, em raz\u00e3o da comercializa\u00e7\u00e3o de produtos fora dos padr\u00f5es de identidade, qualidade e seguran\u00e7a. Tamb\u00e9m foi emitido um auto de infra\u00e7\u00e3o por falta de higiene e organiza\u00e7\u00e3o adequada.<\/p>\n<p><img fetchpriority=\"high\" decoding=\"async\" class=\"alignnone size-full wp-image-42533\" src=\"https:\/\/lrm67.com\/wp-content\/uploads\/2026\/01\/55069248671_a60fd4540d_b.jpg\" alt=\"\" width=\"1024\" height=\"576\" srcset=\"https:\/\/lrm67.com\/wp-content\/uploads\/2026\/01\/55069248671_a60fd4540d_b.jpg 1024w, https:\/\/lrm67.com\/wp-content\/uploads\/2026\/01\/55069248671_a60fd4540d_b-300x169.jpg 300w, https:\/\/lrm67.com\/wp-content\/uploads\/2026\/01\/55069248671_a60fd4540d_b-768x432.jpg 768w\" sizes=\"(max-width: 1024px) 100vw, 1024px\" \/><\/p>\n<h2><strong>Indicadores e Integra\u00e7\u00e3o na Seguran\u00e7a<\/strong><\/h2>\n<p>A Pol\u00edcia Civil participou da opera\u00e7\u00e3o com atua\u00e7\u00e3o cont\u00ednua na \u00e1rea estrat\u00e9gica e de intelig\u00eancia, colaborando com an\u00e1lises pr\u00e9vias, apoio \u00e0s abordagens e integra\u00e7\u00e3o de informa\u00e7\u00f5es entre as for\u00e7as envolvidas.<\/p>\n<p>Dados da Pol\u00edcia Militar de Caraguatatuba indicam uma redu\u00e7\u00e3o de 38% nos homic\u00eddios entre os anos de 2024 e 2025. No mesmo per\u00edodo, os registros de roubo ca\u00edram de 359 ocorr\u00eancias em 2024 para 221 em 2025.<\/p>\n<p>Para as for\u00e7as de seguran\u00e7a e setores internos da Prefeitura, os n\u00fameros refletem o fortalecimento das pol\u00edticas p\u00fablicas voltadas \u00e0 seguran\u00e7a, como a utiliza\u00e7\u00e3o de c\u00e2meras com tecnologia de intelig\u00eancia, o aumento do efetivo da GCM e a atua\u00e7\u00e3o conjunta da Pol\u00edcia Militar e da Pol\u00edcia Civil.<\/p>\n<p>A presen\u00e7a constante da Guarda Civil Municipal nas ruas tamb\u00e9m \u00e9 um fator relevante na amplia\u00e7\u00e3o da seguran\u00e7a e na preven\u00e7\u00e3o de ocorr\u00eancias, somando esfor\u00e7os com as demais for\u00e7as para a manuten\u00e7\u00e3o da ordem p\u00fablica no munic\u00edpio.<\/p>\n","protected":false},"excerpt":{"rendered":"<p>A mobiliza\u00e7\u00e3o conjunta envolvendo for\u00e7as de seguran\u00e7a e setores da Prefeitura foi realizada na \u00faltima quinta-feira (29) em Caraguatatuba, com o objetivo de ampliar a seguran\u00e7a p\u00fablica, coibir irregularidades comerciais e refor\u00e7ar o controle no tr\u00e2nsito. A iniciativa teve coordena\u00e7\u00e3o da Pol\u00edcia Militar e contou com apoio da Guarda Civil Municipal (GCM), Pol\u00edcia Civil e [&hellip;]<\/p>\n","protected":false},"author":26,"featured_media":42534,"comment_status":"open","ping_status":"open","sticky":false,"template":"","format":"standard","meta":{"footnotes":""},"categories":[8,15,21],"tags":[],"class_list":["post-42532","post","type-post","status-publish","format-standard","has-post-thumbnail","hentry","category-caraguatatuba","category-policia","category-seguranca"],"aioseo_notices":[],"_links":{"self":[{"href":"https:\/\/lrm67.com\/index.php\/wp-json\/wp\/v2\/posts\/42532","targetHints":{"allow":["GET"]}}],"collection":[{"href":"https:\/\/lrm67.com\/index.php\/wp-json\/wp\/v2\/posts"}],"about":[{"href":"https:\/\/lrm67.com\/index.php\/wp-json\/wp\/v2\/types\/post"}],"author":[{"embeddable":true,"href":"https:\/\/lrm67.com\/index.php\/wp-json\/wp\/v2\/users\/26"}],"replies":[{"embeddable":true,"href":"https:\/\/lrm67.com\/index.php\/wp-json\/wp\/v2\/comments?post=42532"}],"version-history":[{"count":1,"href":"https:\/\/lrm67.com\/index.php\/wp-json\/wp\/v2\/posts\/42532\/revisions"}],"predecessor-version":[{"id":42535,"href":"https:\/\/lrm67.com\/index.php\/wp-json\/wp\/v2\/posts\/42532\/revisions\/42535"}],"wp:featuredmedia":[{"embeddable":true,"href":"https:\/\/lrm67.com\/index.php\/wp-json\/wp\/v2\/media\/42534"}],"wp:attachment":[{"href":"https:\/\/lrm67.com\/index.php\/wp-json\/wp\/v2\/media?parent=42532"}],"wp:term":[{"taxonomy":"category","embeddable":true,"href":"https:\/\/lrm67.com\/index.php\/wp-json\/wp\/v2\/categories?post=42532"},{"taxonomy":"post_tag","embeddable":true,"href":"https:\/\/lrm67.com\/index.php\/wp-json\/wp\/v2\/tags?post=42532"}],"curies":[{"name":"wp","href":"https:\/\/api.w.org\/{rel}","templated":true}]}}