{"id":42519,"date":"2026-01-30T14:56:47","date_gmt":"2026-01-30T17:56:47","guid":{"rendered":"https:\/\/lrm67.com\/?p=42519"},"modified":"2026-01-30T14:56:47","modified_gmt":"2026-01-30T17:56:47","slug":"alerta-de-tempestade-preve-ventos-de-ate-100-km-h-e-granizo-na-rmvale","status":"publish","type":"post","link":"https:\/\/lrm67.com\/index.php\/2026\/01\/30\/alerta-de-tempestade-preve-ventos-de-ate-100-km-h-e-granizo-na-rmvale\/","title":{"rendered":"Alerta de tempestade prev\u00ea ventos de at\u00e9 100 km\/h e granizo na RMVale"},"content":{"rendered":"<p><strong>Por Danilo Costa<\/strong><\/p>\n<p>&nbsp;<\/p>\n<p>Moradores do Vale do Para\u00edba, da Serra da Mantiqueira e do Litoral Norte est\u00e3o em alerta nas pr\u00f3ximas horas.<\/p>\n<p>Um alerta meteorol\u00f3gico emitido pelo Instituto Nacional de Meteorologia (Inmet) indica previs\u00e3o de tempestades nessas regi\u00f5es. O aviso segue at\u00e9 \u00e0s 23h59 desta sexta-feira (30).<\/p>\n<p>&nbsp;<\/p>\n<h2>Previs\u00e3o indica chuva intensa, possibilidade de granizo e rajadas de vento de at\u00e9 100km\/h<\/h2>\n<p>A previs\u00e3o aponta a possibilidade de chuvas volumosas, com acumulados elevados de at\u00e9 100 mm, al\u00e9m de ventos intensos e chance de queda de granizo.<\/p>\n<p>As rajadas podem alcan\u00e7ar velocidades de at\u00e9 100km\/h em algumas cidades, segundo o \u00f3rg\u00e3o.<\/p>\n<p>Entre os principais riscos associados ao cen\u00e1rio est\u00e3o alagamentos, queda de \u00e1rvores e galhos, danos a lavouras e interrup\u00e7\u00f5es no fornecimento de energia el\u00e9trica.<\/p>\n<p>&nbsp;<\/p>\n<h2>Inmet alerta popula\u00e7\u00e3o sobre medidas de seguran\u00e7a<\/h2>\n<p>Como medida preventiva, Inmet alerta para evitar abrigo sob \u00e1rvores durante ventos fortes, n\u00e3o estacionar ve\u00edculos pr\u00f3ximos a estruturas met\u00e1licas, torres ou outdoors e, sempre que poss\u00edvel, desligar aparelhos el\u00e9tricos e o quadro geral de energia para reduzir riscos.<\/p>\n<p>Em caso de emerg\u00eancia, a popula\u00e7\u00e3o deve entrar em contato com a Defesa Civil pelo telefone 199 ou com o Corpo de Bombeiros pelo 193.<\/p>\n<p>&nbsp;<\/p>\n<pre>Foto: Reprodu\u00e7\u00e3o \/ Climatempo<\/pre>\n","protected":false},"excerpt":{"rendered":"<p>Por Danilo Costa &nbsp; Moradores do Vale do Para\u00edba, da Serra da Mantiqueira e do Litoral Norte est\u00e3o em alerta nas pr\u00f3ximas horas. Um alerta meteorol\u00f3gico emitido pelo Instituto Nacional de Meteorologia (Inmet) indica previs\u00e3o de tempestades nessas regi\u00f5es. O aviso segue at\u00e9 \u00e0s 23h59 desta sexta-feira (30). &nbsp; Previs\u00e3o indica chuva intensa, possibilidade de [&hellip;]<\/p>\n","protected":false},"author":26,"featured_media":42517,"comment_status":"open","ping_status":"open","sticky":false,"template":"","format":"standard","meta":{"footnotes":""},"categories":[2,80,6,89],"tags":[32,438,428,202,207],"class_list":["post-42519","post","type-post","status-publish","format-standard","has-post-thumbnail","hentry","category-geral","category-litoral-norte","category-tempo","category-vale-do-paraiba","tag-litoral-norte","tag-rmvale","tag-serra-mantiqueira","tag-tempo","tag-vale-do-paraiba"],"aioseo_notices":[],"_links":{"self":[{"href":"https:\/\/lrm67.com\/index.php\/wp-json\/wp\/v2\/posts\/42519","targetHints":{"allow":["GET"]}}],"collection":[{"href":"https:\/\/lrm67.com\/index.php\/wp-json\/wp\/v2\/posts"}],"about":[{"href":"https:\/\/lrm67.com\/index.php\/wp-json\/wp\/v2\/types\/post"}],"author":[{"embeddable":true,"href":"https:\/\/lrm67.com\/index.php\/wp-json\/wp\/v2\/users\/26"}],"replies":[{"embeddable":true,"href":"https:\/\/lrm67.com\/index.php\/wp-json\/wp\/v2\/comments?post=42519"}],"version-history":[{"count":2,"href":"https:\/\/lrm67.com\/index.php\/wp-json\/wp\/v2\/posts\/42519\/revisions"}],"predecessor-version":[{"id":42523,"href":"https:\/\/lrm67.com\/index.php\/wp-json\/wp\/v2\/posts\/42519\/revisions\/42523"}],"wp:featuredmedia":[{"embeddable":true,"href":"https:\/\/lrm67.com\/index.php\/wp-json\/wp\/v2\/media\/42517"}],"wp:attachment":[{"href":"https:\/\/lrm67.com\/index.php\/wp-json\/wp\/v2\/media?parent=42519"}],"wp:term":[{"taxonomy":"category","embeddable":true,"href":"https:\/\/lrm67.com\/index.php\/wp-json\/wp\/v2\/categories?post=42519"},{"taxonomy":"post_tag","embeddable":true,"href":"https:\/\/lrm67.com\/index.php\/wp-json\/wp\/v2\/tags?post=42519"}],"curies":[{"name":"wp","href":"https:\/\/api.w.org\/{rel}","templated":true}]}}