{"id":42511,"date":"2026-01-30T08:44:53","date_gmt":"2026-01-30T11:44:53","guid":{"rendered":"https:\/\/lrm67.com\/?p=42511"},"modified":"2026-01-30T14:45:09","modified_gmt":"2026-01-30T17:45:09","slug":"desfile-das-escolas-de-samba-agita-o-carnaval-2026-de-sao-sebastiao-na-rua-da-praia","status":"publish","type":"post","link":"https:\/\/lrm67.com\/index.php\/2026\/01\/30\/desfile-das-escolas-de-samba-agita-o-carnaval-2026-de-sao-sebastiao-na-rua-da-praia\/","title":{"rendered":"Desfile das Escolas de Samba agita o Carnaval 2026 de S\u00e3o Sebasti\u00e3o na Rua da Praia"},"content":{"rendered":"<p>Integrando a extensa programa\u00e7\u00e3o do Carnaval 2026 de S\u00e3o Sebasti\u00e3o, o tradicional Desfile das Escolas de Samba promete levar muita emo\u00e7\u00e3o, cultura e samba no p\u00e9 para o Complexo Tur\u00edstico da Rua da Praia, no Centro Hist\u00f3rico, nas noites de domingo (15\/2) e segunda-feira (16\/2), a partir das 21h.<\/p>\n<p>As agremia\u00e7\u00f5es dos grupos de Acesso (Mocidade Independente da Topol\u00e2ndia, Guerreiros do Samba e Fl\u00f4r do Morro) e, Especial (Le\u00f5es da Vila, X9 do Litoral Norte, Sol da Vila Am\u00e9lia, Ki-Fogo e Acad\u00eamicos de S\u00e3o Francisco) ir\u00e3o ocupar a avenida com carros aleg\u00f3ricos, fantasias e enredos marcantes, celebrando a identidade cai\u00e7ara, a hist\u00f3ria local, a criatividade e a for\u00e7a das comunidades que mant\u00eam viva a tradi\u00e7\u00e3o do carnaval sebastianense.<\/p>\n<p>O desfile \u00e9 organizado pela Associa\u00e7\u00e3o Sebastianense das Entidades Carnavalescas (ASEC), em parceria com a Prefeitura de S\u00e3o Sebasti\u00e3o, por meio da Secretaria de Turismo (Setur) e da Funda\u00e7\u00e3o Educacional e Cultural \u2018Deodato Sant\u2019Anna\u2019 (Fundass), e patroc\u00ednio da Ambev.<\/p>\n<h2>Apura\u00e7\u00e3o e premia\u00e7\u00e3o<\/h2>\n<p>A apura\u00e7\u00e3o oficial do Desfile das Escolas de Samba de S\u00e3o Sebasti\u00e3o ocorrer\u00e1 na ter\u00e7a-feira, dia 17 de fevereiro, \u00e0s 17h, no Audit\u00f3rio da Casa da Cultura.<\/p>\n<p>O evento ser\u00e1 fechado ao p\u00fablico, por\u00e9m contar\u00e1 com transmiss\u00e3o ao vivo pela Web TV, garantindo que toda a popula\u00e7\u00e3o possa acompanhar o resultado e a defini\u00e7\u00e3o das campe\u00e3s do Carnaval 2026.<\/p>\n<p>J\u00e1 a premia\u00e7\u00e3o ocorrer\u00e1 no mesmo dia, \u00e0s 20h, na Rua da Praia. O evento contar\u00e1 com a presen\u00e7a das agremia\u00e7\u00f5es e blocos filiados, al\u00e9m de autoridades, ocasi\u00e3o em que ser\u00e3o entregues os trof\u00e9us aos campe\u00f5es do Grupo Especial e do Grupo de Acesso.<\/p>\n<p>Novidade em 2026: Melhores do Ano e Estandarte de Ouro<br \/>\nComo novidade, neste ano, duas semanas ap\u00f3s os desfiles, acontecer\u00e1 a Noite das Campe\u00e3s, com a premia\u00e7\u00e3o dos Melhores do Ano e a entrega do Estandarte de Ouro, que reconhecer\u00e1 as agremia\u00e7\u00f5es e profissionais que conquistarem duas notas 10 em um mesmo quesito, al\u00e9m de contar com vota\u00e7\u00e3o popular.<\/p>\n<p>A data e local ser\u00e1 divulgado em breve.<\/p>\n<h2>Repasse antecipado<\/h2>\n<p>Um importante avan\u00e7o para o Carnaval 2026 de S\u00e3o Sebasti\u00e3o foi o repasse antecipado de recursos \u00e0s escolas de samba do munic\u00edpio. No dia 10 de novembro, as agremia\u00e7\u00f5es dos Grupos de Acesso e Especial receberam 70% da verba destinada \u00e0 prepara\u00e7\u00e3o do desfile, obtida por meio de patroc\u00ednio da iniciativa privada, sem qualquer onera\u00e7\u00e3o aos cofres p\u00fablicos.<\/p>\n<p>De acordo com a ASEC, esta foi a primeira vez que o repasse chegou com tempo h\u00e1bil, permitindo maior planejamento, organiza\u00e7\u00e3o e compra antecipada de insumos e materiais essenciais para a produ\u00e7\u00e3o de fantasias, alegorias e demais elementos do espet\u00e1culo.<br \/>\nOs 30% restantes foram liberados em janeiro de 2026. \u201cVer o repasse acontecer com anteced\u00eancia \u00e9 a prova de que o Carnaval de S\u00e3o Sebasti\u00e3o evoluiu.<\/p>\n<p>A ASEC tem trabalhado de forma respons\u00e1vel e cont\u00ednua para construir um Carnaval cada vez mais organizado, transparente e planejado, garantindo respeito ao trabalho das escolas de samba e fortalecendo a cultura da nossa cidade\u201d, destacou o presidente da ASEC, Yagu Oyama.<\/p>\n<h3>Confira a ordem dos desfiles:<\/h3>\n<h4>Grupo de Acesso \u2013 Domingo (15\/02)<\/h4>\n<p><strong>1\u00aa Escola \u2013 Mocidade Independente da Topol\u00e2ndia<\/strong><br \/>\nHor\u00e1rio: 21h | Concentra\u00e7\u00e3o: 20h<br \/>\nCom o enredo \u2018De Cors\u00e1rios a Belezas Naturais, Cai\u00e7aras, Porto e Resist\u00eancia. A Mocidade Joga as M\u00e3os para o Alto e Grita Forte: \u2018O Petr\u00f3leo \u00e9 Nosso\u2019, a escola levar\u00e1 \u00e0 avenida uma narrativa sobre a hist\u00f3ria, as riquezas culturais e naturais de S\u00e3o Sebasti\u00e3o, exaltando o povo cai\u00e7ara, o porto, a luta popular e a identidade de S\u00e3o Sebasti\u00e3o, reafirmando o compromisso da escola com a mem\u00f3ria, a cultura e a consci\u00eancia social.<\/p>\n<p><strong>2\u00aa Escola \u2013 Guerreiros do Samba<\/strong><br \/>\nHor\u00e1rio: 22h | Concentra\u00e7\u00e3o: 20h55<br \/>\nPara o Carnaval de 2026, o Gr\u00eamio Recreativo Carnavalesco Guerreiros do Samba levar\u00e1 para a Avenida o enredo \u2018As \u00c1guas V\u00e3o Rolar\u2019, uma celebra\u00e7\u00e3o da for\u00e7a da \u00e1gua como elemento de vida, movimento e transforma\u00e7\u00e3o. O tema prop\u00f5e um desfile marcado por fluidez, ritmo e emo\u00e7\u00e3o, exaltando a rela\u00e7\u00e3o do povo com a natureza, os ciclos da vida e a energia que move comunidades, hist\u00f3rias e tradi\u00e7\u00f5es, conectando passado, presente e futuro no compasso do samba<\/p>\n<p><strong>3\u00aa Escola \u2013 Fl\u00f4r do Morro<\/strong><br \/>\nHor\u00e1rio: 23h | Concentra\u00e7\u00e3o: 21h55<br \/>\nA Escola de Samba Fl\u00f4r do Morro levar\u00e1 para a Avenida o enredo \u2018Mist\u00e9rios e mem\u00f3rias do Abrigo\u2019. Morro do Abrigo, guardi\u00e3o do tempo, foi terra de tupis guaranis e tupinamb\u00e1s, vigia silencioso da cidade de S\u00e3o Sebasti\u00e3o. Ali, entre o verde da mata e o azul do mar, coloniza\u00e7\u00e3o, escravid\u00e3o, e nasceram as primeiras hist\u00f3rias de um povo simples e devoto. Do alto, o morro contemplava as canoas que deslizavam nas \u00e1guas, fazendas de engenhos, hoje ruinas. Tradi\u00e7\u00f5es de f\u00e9, Reis Magos, sinos da igreja que chamam para a f\u00e9 e as festas que iluminam as noites cai\u00e7aras.<\/p>\n<h4>Grupo Especial \u2013 Segunda-feira (16\/02)<\/h4>\n<p><strong>1\u00aa Escola \u2013 Le\u00f5es da Vila<\/strong><br \/>\nHor\u00e1rio: 21h | Concentra\u00e7\u00e3o: 19h55<br \/>\nA Escola de Samba Le\u00f5es da Vila apresentar\u00e1 o enredo \u2018S\u00e3o Sebasti\u00e3o Bonita por Natureza\u2019, que ir\u00e1 exaltar as belezas naturais, a hist\u00f3ria, a cultura e o orgulho do povo cai\u00e7ara, verdadeiro guardi\u00e3o desse territ\u00f3rio. O enredo prop\u00f5e uma viagem entre passado, presente e futuro, destacando a import\u00e2ncia da preserva\u00e7\u00e3o e da conserva\u00e7\u00e3o das riquezas naturais e culturais do munic\u00edpio, ao mesmo tempo em que reafirma que as heran\u00e7as ancestrais permanecem vivas na mem\u00f3ria e na identidade do povo.<\/p>\n<p><strong>2\u00aa Escola \u2013 X9 do Litoral Norte<\/strong><br \/>\nHor\u00e1rio: 22h | Concentra\u00e7\u00e3o: 20h55<br \/>\nCom o enredo \u201c\u00c9 Emo\u00e7\u00e3o, \u00c9 Cinema, \u00c9 X9!\u201d, a GRCES X9 do Litoral Norte transformar\u00e1 a avenida em um espet\u00e1culo cinematogr\u00e1fico. A proposta \u00e9 conduzir o p\u00fablico por cenas marcantes, hist\u00f3rias envolventes e emo\u00e7\u00f5es intensas, onde o samba assume o papel principal e a avenida se transforma em uma verdadeira tela viva. Com criatividade, ritmo e paix\u00e3o, a X9 promete um show vibrante, celebrando a arte de contar hist\u00f3rias e a magia do Carnaval.<\/p>\n<p><strong>3\u00aa Escola \u2013 Sol da Vila Am\u00e9lia<\/strong><br \/>\nHor\u00e1rio: 23h | Concentra\u00e7\u00e3o: 21h55<br \/>\nPara o Carnaval de 2026, o Sol da Vila Am\u00e9lia apresentar\u00e1 o enredo \u2018O Mundo M\u00e1gico: A Alegria de Fazer Arte\u2019, uma celebra\u00e7\u00e3o da criatividade, da imagina\u00e7\u00e3o e da arte como express\u00e3o de alegria, transforma\u00e7\u00e3o e uni\u00e3o. O enredo promete levar para a Avenida emo\u00e7\u00e3o, cor e fantasia, exaltando o poder da arte em encantar, inspirar e conectar pessoas.<\/p>\n<p><strong>4\u00aa Escola \u2013 Ki-Fogo<\/strong><br \/>\nHor\u00e1rio: 0h | Concentra\u00e7\u00e3o: 22h55<br \/>\nCom o enredo \u2018Ti\u00e3o \u2013 Sobre o Solo Sagrado da Resist\u00eancia\u2019, a escola revisita a hist\u00f3ria da cidade desde a coloniza\u00e7\u00e3o, destacando a resist\u00eancia dos povos origin\u00e1rios e do povo negro, fundamentais na constru\u00e7\u00e3o da identidade da cidade.<br \/>\nO desfile presta homenagem a Ti\u00e3o F\u00e9lix (Ti\u00e3o Preto), s\u00edmbolo de ancestralidade, luta e amor ao samba, transformando mem\u00f3ria em celebra\u00e7\u00e3o e reafirmando valores de justi\u00e7a, liberdade e esperan\u00e7a.<\/p>\n<p><strong>5\u00aa Escola \u2013 Acad\u00eamicos de S\u00e3o Francisco<\/strong><br \/>\nHor\u00e1rio: 1h | Concentra\u00e7\u00e3o: 23h55<br \/>\nEncerrando a noite, a Acad\u00eamicos de S\u00e3o Francisco apresenta o enredo \u2018O Medo Mora Aqui?\u2019, propondo uma reflex\u00e3o profunda sobre os medos humanos e sociais e convidando o p\u00fablico a encarar seus pr\u00f3prios temores, transform\u00e1-los em aprendizado, coragem e resist\u00eancia, reafirmando o samba como express\u00e3o cultural, art\u00edstica e reflexiva<\/p>\n<p>*A ordem oficial dos desfiles foi definida por sorteio realizado pela ASEC.<\/p>\n","protected":false},"excerpt":{"rendered":"<p>Integrando a extensa programa\u00e7\u00e3o do Carnaval 2026 de S\u00e3o Sebasti\u00e3o, o tradicional Desfile das Escolas de Samba promete levar muita emo\u00e7\u00e3o, cultura e samba no p\u00e9 para o Complexo Tur\u00edstico da Rua da Praia, no Centro Hist\u00f3rico, nas noites de domingo (15\/2) e segunda-feira (16\/2), a partir das 21h. As agremia\u00e7\u00f5es dos grupos de Acesso [&hellip;]<\/p>\n","protected":false},"author":26,"featured_media":42512,"comment_status":"open","ping_status":"open","sticky":false,"template":"","format":"standard","meta":{"footnotes":""},"categories":[12,13],"tags":[],"class_list":["post-42511","post","type-post","status-publish","format-standard","has-post-thumbnail","hentry","category-eventos","category-sao-sebastiao"],"aioseo_notices":[],"_links":{"self":[{"href":"https:\/\/lrm67.com\/index.php\/wp-json\/wp\/v2\/posts\/42511","targetHints":{"allow":["GET"]}}],"collection":[{"href":"https:\/\/lrm67.com\/index.php\/wp-json\/wp\/v2\/posts"}],"about":[{"href":"https:\/\/lrm67.com\/index.php\/wp-json\/wp\/v2\/types\/post"}],"author":[{"embeddable":true,"href":"https:\/\/lrm67.com\/index.php\/wp-json\/wp\/v2\/users\/26"}],"replies":[{"embeddable":true,"href":"https:\/\/lrm67.com\/index.php\/wp-json\/wp\/v2\/comments?post=42511"}],"version-history":[{"count":1,"href":"https:\/\/lrm67.com\/index.php\/wp-json\/wp\/v2\/posts\/42511\/revisions"}],"predecessor-version":[{"id":42513,"href":"https:\/\/lrm67.com\/index.php\/wp-json\/wp\/v2\/posts\/42511\/revisions\/42513"}],"wp:featuredmedia":[{"embeddable":true,"href":"https:\/\/lrm67.com\/index.php\/wp-json\/wp\/v2\/media\/42512"}],"wp:attachment":[{"href":"https:\/\/lrm67.com\/index.php\/wp-json\/wp\/v2\/media?parent=42511"}],"wp:term":[{"taxonomy":"category","embeddable":true,"href":"https:\/\/lrm67.com\/index.php\/wp-json\/wp\/v2\/categories?post=42511"},{"taxonomy":"post_tag","embeddable":true,"href":"https:\/\/lrm67.com\/index.php\/wp-json\/wp\/v2\/tags?post=42511"}],"curies":[{"name":"wp","href":"https:\/\/api.w.org\/{rel}","templated":true}]}}