{"id":42484,"date":"2026-01-29T16:21:41","date_gmt":"2026-01-29T19:21:41","guid":{"rendered":"https:\/\/lrm67.com\/?p=42484"},"modified":"2026-01-29T16:23:51","modified_gmt":"2026-01-29T19:23:51","slug":"cidades-do-litoral-de-sp-alcancam-quase-2-milhoes-de-usuarios-nas-travessias-litoraneas","status":"publish","type":"post","link":"https:\/\/lrm67.com\/index.php\/2026\/01\/29\/cidades-do-litoral-de-sp-alcancam-quase-2-milhoes-de-usuarios-nas-travessias-litoraneas\/","title":{"rendered":"Cidades do litoral de SP alcan\u00e7am quase 2 milh\u00f5es de usu\u00e1rios nas travessias litor\u00e2neas"},"content":{"rendered":"<p>Com previs\u00e3o hist\u00f3rica de receber 16,7 milh\u00f5es de turistas neste ver\u00e3o, o litoral de S\u00e3o Paulo j\u00e1 registra fluxo 7% maior nas travessias litor\u00e2neas e at\u00e9 6% nas rodovias, na compara\u00e7\u00e3o com o per\u00edodo de 2024\/2025. O Governo de S\u00e3o Paulo refor\u00e7ou as a\u00e7\u00f5es na regi\u00e3o neste ano com a\u00a0<a role=\"link\" href=\"https:\/\/www.agenciasp.sp.gov.br\/governo-de-sp-lanca-operacao-verao-integrada-com-reforco-em-seguranca-mobilidade-saude-e-meio-ambiente-para-o-litoral\/\">Opera\u00e7\u00e3o Ver\u00e3o Integrada<\/a>, a\u00e7\u00e3o in\u00e9dita que pela primeira vez levou, al\u00e9m de mais seguran\u00e7a, medidas integradas entre \u00e1reas como sa\u00fade, saneamento e turismo.<\/p>\n<p>A Secretaria Estadual de Meio Ambiente, Infraestrutura e Log\u00edstica (Semil) ampliou em 34% a capacidade de transporte de ve\u00edculos, aumentando de 689 para 923. O atendimento a pedestres e ciclistas tamb\u00e9m foi fortalecido. O n\u00famero de lanchas passou de seis para oito unidades, um crescimento de 33%, o que eleva o potencial de atendimento de 1.749 para 2.489 usu\u00e1rios.<\/p>\n<p>Entre 20 de dezembro de 2025 e 20 de janeiro de 2026, foram transportados uma m\u00e9dia de 62,2 mil usu\u00e1rios por dia. Ao todo, s\u00e3o mais de 1,9 milh\u00e3o de usu\u00e1rios. Comparado \u00e0 opera\u00e7\u00e3o anterior, no mesmo per\u00edodo, o crescimento no transporte de travessias foi de 7%.<\/p>\n<p>As rodovias administradas pela Ecovias Imigrantes, respons\u00e1vel pelo Sistema Anchieta-Imigrantes, tiveram movimento 6% maior neste primeiro m\u00eas de Opera\u00e7\u00e3o Ver\u00e3o, passando de 2,4 milh\u00f5es para 2,6 milh\u00f5es de ve\u00edculos.<\/p>\n<p>Nas rodovias administradas pelo Departamento de Estradas de Rodagem (DER), entre 15 de dezembro de 2025 e 21 de janeiro de 2026, o volume m\u00e9dio di\u00e1rio nas estradas que levam ao litoral paulista cresceu 2,5% em rela\u00e7\u00e3o ao mesmo per\u00edodo da opera\u00e7\u00e3o passada, chegando a mais de 2,4 milh\u00f5es de ve\u00edculos ante 2,3 milh\u00f5es. Na regi\u00e3o serrana, o aumento foi de 3,1%.<\/p>\n<h2 class=\"wp-block-heading\">Turismo<\/h2>\n<p>O ver\u00e3o 2025\/2026 promete uma temporada hist\u00f3rica no estado, com 16,7 milh\u00f5es de turistas \u2013 alta de 4,3% \u2013 e\u00a0<a role=\"link\" href=\"https:\/\/www.agenciasp.sp.gov.br\/turismo-de-sp-projeta-temporada-de-verao-historica\/\">movimenta\u00e7\u00e3o direta de R$ 41 bilh\u00f5es at\u00e9 fevereiro<\/a>, informa o Centro de Intelig\u00eancia da Economia do Turismo (CIET), ligado \u00e0 Secretaria de Turismo e Viagens do Estado de S\u00e3o Paulo (Setur-SP). Somente no litoral paulista, s\u00e3o esperados 7,5 milh\u00f5es de turistas, sendo que 1,95 milh\u00e3o deve se concentrar apenas no litoral norte, o que representa crescimento de 5,7% no fluxo de visitantes em rela\u00e7\u00e3o \u00e0 temporada anterior.<\/p>\n<p>Para 86% dos munic\u00edpios paulistas, a temporada de ver\u00e3o ser\u00e1 melhor que a anterior. Nove em cada dez munic\u00edpios est\u00e3o planejando eventos ou atra\u00e7\u00f5es para os turistas no ver\u00e3o. A expectativa de ocupa\u00e7\u00e3o m\u00e9dia deve ser superior \u00e0 do ano anterior, que foi de 75%. As estimativas n\u00e3o consideram o fluxo do Carnaval.<\/p>\n<h2 class=\"wp-block-heading\">Ver\u00e3o no Clima<\/h2>\n<p>As a\u00e7\u00f5es voltadas aos turistas promovidas pelo Governo de S\u00e3o Paulo receberam, neste ano, o refor\u00e7o do projeto Ver\u00e3o no Clima. A iniciativa, liderada pela Semil, deve impactar cerca de 10 mil pessoas com a\u00e7\u00f5es de educa\u00e7\u00e3o ambiental, oficinas culturais, atra\u00e7\u00f5es art\u00edsticas e atividades esportivas em 16 cidades do litoral paulista. Somente nas cinco primeiras etapas \u2014 Itanha\u00e9m, Peru\u00edbe, Bertioga, Ilha Comprida e Praia Grande \u2014 foi coletada 1,6 tonelada de res\u00edduos nas praias.<\/p>\n<p>Quem curtiu o litoral paulista neste ver\u00e3o p\u00f4de nadar em seguran\u00e7a em quase 80% das praias. Monitoramento realizado pela Companhia Ambiental do Estado de S\u00e3o Paulo (Cetesb) em 175 praias, ao longo de 256 km de extens\u00e3o, apontou que at\u00e9 80% delas estavam pr\u00f3prias para banho.<\/p>\n","protected":false},"excerpt":{"rendered":"<p>Com previs\u00e3o hist\u00f3rica de receber 16,7 milh\u00f5es de turistas neste ver\u00e3o, o litoral de S\u00e3o Paulo j\u00e1 registra fluxo 7% maior nas travessias litor\u00e2neas e at\u00e9 6% nas rodovias, na compara\u00e7\u00e3o com o per\u00edodo de 2024\/2025. O Governo de S\u00e3o Paulo refor\u00e7ou as a\u00e7\u00f5es na regi\u00e3o neste ano com a\u00a0Opera\u00e7\u00e3o Ver\u00e3o Integrada, a\u00e7\u00e3o in\u00e9dita que [&hellip;]<\/p>\n","protected":false},"author":26,"featured_media":42487,"comment_status":"open","ping_status":"open","sticky":false,"template":"","format":"standard","meta":{"footnotes":""},"categories":[2,80,60,5],"tags":[],"class_list":["post-42484","post","type-post","status-publish","format-standard","has-post-thumbnail","hentry","category-geral","category-litoral-norte","category-sao-paulo","category-turismo"],"aioseo_notices":[],"_links":{"self":[{"href":"https:\/\/lrm67.com\/index.php\/wp-json\/wp\/v2\/posts\/42484","targetHints":{"allow":["GET"]}}],"collection":[{"href":"https:\/\/lrm67.com\/index.php\/wp-json\/wp\/v2\/posts"}],"about":[{"href":"https:\/\/lrm67.com\/index.php\/wp-json\/wp\/v2\/types\/post"}],"author":[{"embeddable":true,"href":"https:\/\/lrm67.com\/index.php\/wp-json\/wp\/v2\/users\/26"}],"replies":[{"embeddable":true,"href":"https:\/\/lrm67.com\/index.php\/wp-json\/wp\/v2\/comments?post=42484"}],"version-history":[{"count":1,"href":"https:\/\/lrm67.com\/index.php\/wp-json\/wp\/v2\/posts\/42484\/revisions"}],"predecessor-version":[{"id":42486,"href":"https:\/\/lrm67.com\/index.php\/wp-json\/wp\/v2\/posts\/42484\/revisions\/42486"}],"wp:featuredmedia":[{"embeddable":true,"href":"https:\/\/lrm67.com\/index.php\/wp-json\/wp\/v2\/media\/42487"}],"wp:attachment":[{"href":"https:\/\/lrm67.com\/index.php\/wp-json\/wp\/v2\/media?parent=42484"}],"wp:term":[{"taxonomy":"category","embeddable":true,"href":"https:\/\/lrm67.com\/index.php\/wp-json\/wp\/v2\/categories?post=42484"},{"taxonomy":"post_tag","embeddable":true,"href":"https:\/\/lrm67.com\/index.php\/wp-json\/wp\/v2\/tags?post=42484"}],"curies":[{"name":"wp","href":"https:\/\/api.w.org\/{rel}","templated":true}]}}