{"id":42459,"date":"2026-01-29T11:29:46","date_gmt":"2026-01-29T14:29:46","guid":{"rendered":"https:\/\/lrm67.com\/?p=42459"},"modified":"2026-01-29T11:29:46","modified_gmt":"2026-01-29T14:29:46","slug":"video-policia-civil-prende-homem-de-19-anos-suspeito-de-matar-professor-em-sao-sebastiao","status":"publish","type":"post","link":"https:\/\/lrm67.com\/index.php\/2026\/01\/29\/video-policia-civil-prende-homem-de-19-anos-suspeito-de-matar-professor-em-sao-sebastiao\/","title":{"rendered":"V\u00cdDEO: Pol\u00edcia Civil prende homem de 19 anos suspeito de matar professor em S\u00e3o Sebasti\u00e3o"},"content":{"rendered":"<p><em><strong>Corpo de professor foi encontrado em setembro de 2025, em S\u00e3o Sebasti\u00e3o.<\/strong><\/em><\/p>\n<p><strong>Por Danilo Costa<\/strong><\/p>\n<p>&nbsp;<\/p>\n<p>Um homem de 19 anos, que era considerado foragido da Justi\u00e7a, foi preso pela Pol\u00edcia Civil na manh\u00e3 desta quarta-feira (28), na Costa Sul de S\u00e3o Sebasti\u00e3o.<\/p>\n<p>Ele \u00e9 investigado por uma poss\u00edvel participa\u00e7\u00e3o no assassinato de um professor da cidade, ocorrido no ano passado.<\/p>\n<p>&nbsp;<\/p>\n<h2>Foragido \u00e9 localizado durante investiga\u00e7\u00f5es policiais<\/h2>\n<p>A pris\u00e3o ocorreu na Rua Pantanal, no bairro Juquehy, durante investiga\u00e7\u00f5es realizadas por equipes policiais que j\u00e1 monitoravam a regi\u00e3o.<\/p>\n<p>O suspeito foi localizado em via p\u00fablica e, ap\u00f3s abordagem, os agentes confirmaram a exist\u00eancia de um mandado de pris\u00e3o em aberto.<\/p>\n<p>Ele n\u00e3o ofereceu resist\u00eancia e foi encaminhado ao 2\u00ba Distrito Policial do munic\u00edpio.<\/p>\n<p>&nbsp;<\/p>\n<h2>V\u00edtima lecionava em Boi\u00e7ucanga<\/h2>\n<p>O homic\u00eddio aconteceu na regi\u00e3o do Piavu, em Camburi, onde o corpo da v\u00edtima, de 44 anos, foi encontrado enterrado em uma \u00e1rea de mata de dif\u00edcil acesso, em setembro de 2025.<\/p>\n<p>Segundo a Pol\u00edcia Civil, o professor apresentava sinais de viol\u00eancia, incluindo ferimentos provocados por machado, al\u00e9m de estar com os olhos vendados.<\/p>\n<p>O professor dava aulas em Boi\u00e7ucanga e estava desaparecido desde janeiro daquele ano.<\/p>\n<p>&nbsp;<\/p>\n<h2>Adolescentes j\u00e1 haviam sido apreendidos durante as investiga\u00e7\u00f5es<\/h2>\n<p>As apura\u00e7\u00f5es j\u00e1 haviam resultado na apreens\u00e3o de dois adolescentes suspeitos de envolvimento no crime.<\/p>\n<p>O ve\u00edculo da v\u00edtima tamb\u00e9m foi localizado dias ap\u00f3s o desaparecimento, abandonado por investigados ap\u00f3s uma persegui\u00e7\u00e3o policial na Estrada do Piavu. Com a pris\u00e3o do foragido, a Pol\u00edcia Civil avan\u00e7a para a fase final do inqu\u00e9rito.<\/p>\n<p>Aparelhos celulares apreendidos com os suspeitos est\u00e3o sendo analisados e devem ajudar a esclarecer a din\u00e2mica do crime e a poss\u00edvel participa\u00e7\u00e3o de cada investigado.<\/p>\n<p><strong>V\u00eddeo:<\/strong><\/p>\n<div class=\"wp-video\">\n<div style=\"width: 640px;\" class=\"wp-video\"><!--[if lt IE 9]><script>document.createElement('video');<\/script><![endif]-->\n<video class=\"wp-video-shortcode\" id=\"video-42459-1\" width=\"640\" height=\"360\" preload=\"metadata\" controls=\"controls\"><source type=\"video\/mp4\" src=\"https:\/\/lrm67.com\/wp-content\/uploads\/2026\/01\/Video-reproducao_carro-da-vitima-de-Sao-Sebastiao.mp4?_=1\" \/><a href=\"https:\/\/lrm67.com\/wp-content\/uploads\/2026\/01\/Video-reproducao_carro-da-vitima-de-Sao-Sebastiao.mp4\">https:\/\/lrm67.com\/wp-content\/uploads\/2026\/01\/Video-reproducao_carro-da-vitima-de-Sao-Sebastiao.mp4<\/a><\/video><\/div>\n<\/div>\n<p>&nbsp;<\/p>\n<pre>Foto e v\u00eddeo: Reprodu\u00e7\u00e3o\r\n<\/pre>\n","protected":false},"excerpt":{"rendered":"<p>Corpo de professor foi encontrado em setembro de 2025, em S\u00e3o Sebasti\u00e3o. Por Danilo Costa &nbsp; Um homem de 19 anos, que era considerado foragido da Justi\u00e7a, foi preso pela Pol\u00edcia Civil na manh\u00e3 desta quarta-feira (28), na Costa Sul de S\u00e3o Sebasti\u00e3o. Ele \u00e9 investigado por uma poss\u00edvel participa\u00e7\u00e3o no assassinato de um professor [&hellip;]<\/p>\n","protected":false},"author":26,"featured_media":42461,"comment_status":"open","ping_status":"open","sticky":false,"template":"","format":"standard","meta":{"footnotes":""},"categories":[15,13],"tags":[194,22],"class_list":["post-42459","post","type-post","status-publish","format-standard","has-post-thumbnail","hentry","category-policia","category-sao-sebastiao","tag-policia","tag-sao-sebastiao"],"aioseo_notices":[],"_links":{"self":[{"href":"https:\/\/lrm67.com\/index.php\/wp-json\/wp\/v2\/posts\/42459","targetHints":{"allow":["GET"]}}],"collection":[{"href":"https:\/\/lrm67.com\/index.php\/wp-json\/wp\/v2\/posts"}],"about":[{"href":"https:\/\/lrm67.com\/index.php\/wp-json\/wp\/v2\/types\/post"}],"author":[{"embeddable":true,"href":"https:\/\/lrm67.com\/index.php\/wp-json\/wp\/v2\/users\/26"}],"replies":[{"embeddable":true,"href":"https:\/\/lrm67.com\/index.php\/wp-json\/wp\/v2\/comments?post=42459"}],"version-history":[{"count":1,"href":"https:\/\/lrm67.com\/index.php\/wp-json\/wp\/v2\/posts\/42459\/revisions"}],"predecessor-version":[{"id":42462,"href":"https:\/\/lrm67.com\/index.php\/wp-json\/wp\/v2\/posts\/42459\/revisions\/42462"}],"wp:featuredmedia":[{"embeddable":true,"href":"https:\/\/lrm67.com\/index.php\/wp-json\/wp\/v2\/media\/42461"}],"wp:attachment":[{"href":"https:\/\/lrm67.com\/index.php\/wp-json\/wp\/v2\/media?parent=42459"}],"wp:term":[{"taxonomy":"category","embeddable":true,"href":"https:\/\/lrm67.com\/index.php\/wp-json\/wp\/v2\/categories?post=42459"},{"taxonomy":"post_tag","embeddable":true,"href":"https:\/\/lrm67.com\/index.php\/wp-json\/wp\/v2\/tags?post=42459"}],"curies":[{"name":"wp","href":"https:\/\/api.w.org\/{rel}","templated":true}]}}