{"id":42413,"date":"2026-01-28T10:26:31","date_gmt":"2026-01-28T13:26:31","guid":{"rendered":"https:\/\/lrm67.com\/?p=42413"},"modified":"2026-01-28T10:26:31","modified_gmt":"2026-01-28T13:26:31","slug":"defeso-do-camarao-comeca-no-litoral-norte-e-restringe-pesca-ate-abril-de-2026","status":"publish","type":"post","link":"https:\/\/lrm67.com\/index.php\/2026\/01\/28\/defeso-do-camarao-comeca-no-litoral-norte-e-restringe-pesca-ate-abril-de-2026\/","title":{"rendered":"Defeso do camar\u00e3o come\u00e7a no Litoral Norte e restringe pesca at\u00e9 abril de 2026"},"content":{"rendered":"<p><strong>Por Danilo Costa<\/strong><\/p>\n<p>&nbsp;<\/p>\n<p>A partir desta quarta-feira (28), pescadores e comerciantes do Litoral Norte de S\u00e3o Paulo ter\u00e3o restri\u00e7\u00f5es na captura de camar\u00f5es devido ao in\u00edcio do per\u00edodo de defeso.<\/p>\n<p>A medida, que visa preservar a reprodu\u00e7\u00e3o das esp\u00e9cies e manter o equil\u00edbrio do ecossistema marinho, permanecer\u00e1 em vigor at\u00e9 30 de abril de 2026.<\/p>\n<p>&nbsp;<\/p>\n<h2>Esp\u00e9cies proibidas durante o defeso incluem pelo menos tr\u00eas esp\u00e9cies de camar\u00e3o<\/h2>\n<p>Durante o defeso, a captura dos camar\u00f5es sete-barbas, barba-ru\u00e7a, branco (Penaeus schmitti), rosa e santana (vermelho) est\u00e1 totalmente proibida.<\/p>\n<p>A \u00fanica exce\u00e7\u00e3o, segundo a legisla\u00e7\u00e3o, \u00e9 para o camar\u00e3o-branco do tipo Penaeus subtilis, desde que a pesca n\u00e3o utilize arrasto motorizado.<\/p>\n<p>O objetivo, segundo o Ibama, \u00e9 garantir a sustentabilidade dos estoques naturais e evitar impactos negativos para futuras safras.<\/p>\n<p>&nbsp;<\/p>\n<h2>Regras para pescadores, comerciantes e transportadores<\/h2>\n<p>Para pescadores que capturaram camar\u00f5es antes do in\u00edcio da proibi\u00e7\u00e3o, o desembarque \u00e9 permitido at\u00e9 esta sexta-feira (30).<\/p>\n<p>J\u00e1 comerciantes, transportadores e processadores que possuem estoques devem declarar os volumes armazenados at\u00e9 o dia 04 de fevereiro.<\/p>\n<p>\u00c9 importante que os consumidores adquiram camar\u00f5es apenas em estabelecimentos regularizados, colaborando com a fiscaliza\u00e7\u00e3o e contribuindo para a preserva\u00e7\u00e3o do ecossistema marinho da regi\u00e3o.<\/p>\n<p>&nbsp;<\/p>\n<pre>Foto: Imagem ilustrativa<\/pre>\n","protected":false},"excerpt":{"rendered":"<p>Por Danilo Costa &nbsp; A partir desta quarta-feira (28), pescadores e comerciantes do Litoral Norte de S\u00e3o Paulo ter\u00e3o restri\u00e7\u00f5es na captura de camar\u00f5es devido ao in\u00edcio do per\u00edodo de defeso. A medida, que visa preservar a reprodu\u00e7\u00e3o das esp\u00e9cies e manter o equil\u00edbrio do ecossistema marinho, permanecer\u00e1 em vigor at\u00e9 30 de abril de [&hellip;]<\/p>\n","protected":false},"author":26,"featured_media":42414,"comment_status":"open","ping_status":"open","sticky":false,"template":"","format":"standard","meta":{"footnotes":""},"categories":[2,80,18],"tags":[32,23],"class_list":["post-42413","post","type-post","status-publish","format-standard","has-post-thumbnail","hentry","category-geral","category-litoral-norte","category-meio-ambiente","tag-litoral-norte","tag-meio-ambiente"],"aioseo_notices":[],"_links":{"self":[{"href":"https:\/\/lrm67.com\/index.php\/wp-json\/wp\/v2\/posts\/42413","targetHints":{"allow":["GET"]}}],"collection":[{"href":"https:\/\/lrm67.com\/index.php\/wp-json\/wp\/v2\/posts"}],"about":[{"href":"https:\/\/lrm67.com\/index.php\/wp-json\/wp\/v2\/types\/post"}],"author":[{"embeddable":true,"href":"https:\/\/lrm67.com\/index.php\/wp-json\/wp\/v2\/users\/26"}],"replies":[{"embeddable":true,"href":"https:\/\/lrm67.com\/index.php\/wp-json\/wp\/v2\/comments?post=42413"}],"version-history":[{"count":1,"href":"https:\/\/lrm67.com\/index.php\/wp-json\/wp\/v2\/posts\/42413\/revisions"}],"predecessor-version":[{"id":42415,"href":"https:\/\/lrm67.com\/index.php\/wp-json\/wp\/v2\/posts\/42413\/revisions\/42415"}],"wp:featuredmedia":[{"embeddable":true,"href":"https:\/\/lrm67.com\/index.php\/wp-json\/wp\/v2\/media\/42414"}],"wp:attachment":[{"href":"https:\/\/lrm67.com\/index.php\/wp-json\/wp\/v2\/media?parent=42413"}],"wp:term":[{"taxonomy":"category","embeddable":true,"href":"https:\/\/lrm67.com\/index.php\/wp-json\/wp\/v2\/categories?post=42413"},{"taxonomy":"post_tag","embeddable":true,"href":"https:\/\/lrm67.com\/index.php\/wp-json\/wp\/v2\/tags?post=42413"}],"curies":[{"name":"wp","href":"https:\/\/api.w.org\/{rel}","templated":true}]}}