{"id":42409,"date":"2026-01-28T07:19:15","date_gmt":"2026-01-28T10:19:15","guid":{"rendered":"https:\/\/lrm67.com\/?p=42409"},"modified":"2026-01-27T17:33:40","modified_gmt":"2026-01-27T20:33:40","slug":"ubatuba-tera-bloco-de-carnaval-voltado-ao-combate-a-violencia-domestica","status":"publish","type":"post","link":"https:\/\/lrm67.com\/index.php\/2026\/01\/28\/ubatuba-tera-bloco-de-carnaval-voltado-ao-combate-a-violencia-domestica\/","title":{"rendered":"Ubatuba ter\u00e1 bloco de Carnaval voltado ao combate \u00e0 viol\u00eancia dom\u00e9stica"},"content":{"rendered":"<p style=\"font-weight: 400;\">De acordo com uma pesquisa do Instituto Locomotiva em parceria com a QuestionPro Brasil de 2024, os \u00edndices de viol\u00eancia contra a mulher no carnaval no Brasil s\u00e3o elevados, com 50% das brasileiras relatando j\u00e1 terem sofrido ass\u00e9dio sexual durante a festividade e 7 em cada 10 (73%) sentindo medo de passar por essa situa\u00e7\u00e3o.<\/p>\n<p style=\"font-weight: 400;\">Esses \u00edndices apontam a necessidade de combater a viol\u00eancia e o ass\u00e9dio contra a mulher na imin\u00eancia do Carnaval, com campanhas e medidas que possam relembrar a import\u00e2ncia do respeito e da seguran\u00e7a. O aumento do consumo de \u00e1lcool e as mudan\u00e7as de rotina no per\u00edodo festivo podem contribuir com a incid\u00eancia de situa\u00e7\u00f5es de viol\u00eancia e\/ou ass\u00e9dio sexual.<\/p>\n<p style=\"font-weight: 400;\">Diante dessa realidade, Ubatuba contar\u00e1 com um bloco de Carnaval com foco na conscientiza\u00e7\u00e3o e no enfrentamento \u00e0 viol\u00eancia contra a mulher. Intitulado Bloco Elas, o movimento tem como proposta reunir mulheres e apoiadores para mobiliza\u00e7\u00e3o p\u00fablica durante o per\u00edodo.<\/p>\n<p style=\"font-weight: 400;\">A iniciativa \u00e9 organizada pela administra\u00e7\u00e3o municipal com apoio de entidades e institui\u00e7\u00f5es que atuam na defesa e prote\u00e7\u00e3o das mulheres. O objetivo \u00e9 ocupar as ruas como forma de manifesta\u00e7\u00e3o coletiva, com a mensagem \u201cMexeu com uma, mexeu com todas\u201d, voltada \u00e0 uni\u00e3o e \u00e0 conscientiza\u00e7\u00e3o.<\/p>\n<p style=\"font-weight: 400;\">A a\u00e7\u00e3o re\u00fane diferentes frentes de atendimento e prote\u00e7\u00e3o \u00e0s mulheres, como pol\u00edcias Civil e Militar, do Fundo Social de Solidariedade e do Instituto Todas Por Uma. Na \u00faltima segunda-feira, 26, esses segmentos se reuniram na sede da prefeitura para iniciar a mobiliza\u00e7\u00e3o e organizar o movimento.<\/p>\n<p style=\"font-weight: 400;\">Um dos focos \u00e9 o desenvolvimento de campanhas educativas e medidas de preven\u00e7\u00e3o n\u00e3o somente no Carnaval, mas de forma cont\u00ednua ao longo do ano.<\/p>\n<p style=\"font-weight: 400;\">A mobiliza\u00e7\u00e3o tamb\u00e9m resgata a\u00e7\u00f5es de conscientiza\u00e7\u00e3o j\u00e1 realizadas no munic\u00edpio, como a campanha \u201cN\u00e3o \u00e9 N\u00e3o\u201d, desenvolvida desde 2025. A discuss\u00e3o sobre o tema ganhou repercuss\u00e3o recente ap\u00f3s o cancelamento de um show do MC Daniel em Ubatuba, cuja decis\u00e3o ocorreu em defesa das mulheres.<\/p>\n<p style=\"font-weight: 400;\">A sa\u00edda do Bloco Elas est\u00e1 prevista para a sexta-feira, 13 de fevereiro, a partir das 22h30 com concentra\u00e7\u00e3o a partir das 21h na Pra\u00e7a de Alimenta\u00e7\u00e3o ao lado do Farol (pr\u00f3ximo \u00e0 ponte do Perequ\u00ea-A\u00e7u).<\/p>\n","protected":false},"excerpt":{"rendered":"<p>De acordo com uma pesquisa do Instituto Locomotiva em parceria com a QuestionPro Brasil de 2024, os \u00edndices de viol\u00eancia contra a mulher no carnaval no Brasil s\u00e3o elevados, com 50% das brasileiras relatando j\u00e1 terem sofrido ass\u00e9dio sexual durante a festividade e 7 em cada 10 (73%) sentindo medo de passar por essa situa\u00e7\u00e3o. [&hellip;]<\/p>\n","protected":false},"author":26,"featured_media":42411,"comment_status":"open","ping_status":"open","sticky":false,"template":"","format":"standard","meta":{"footnotes":""},"categories":[12,14],"tags":[],"class_list":["post-42409","post","type-post","status-publish","format-standard","has-post-thumbnail","hentry","category-eventos","category-ubatuba"],"aioseo_notices":[],"_links":{"self":[{"href":"https:\/\/lrm67.com\/index.php\/wp-json\/wp\/v2\/posts\/42409","targetHints":{"allow":["GET"]}}],"collection":[{"href":"https:\/\/lrm67.com\/index.php\/wp-json\/wp\/v2\/posts"}],"about":[{"href":"https:\/\/lrm67.com\/index.php\/wp-json\/wp\/v2\/types\/post"}],"author":[{"embeddable":true,"href":"https:\/\/lrm67.com\/index.php\/wp-json\/wp\/v2\/users\/26"}],"replies":[{"embeddable":true,"href":"https:\/\/lrm67.com\/index.php\/wp-json\/wp\/v2\/comments?post=42409"}],"version-history":[{"count":1,"href":"https:\/\/lrm67.com\/index.php\/wp-json\/wp\/v2\/posts\/42409\/revisions"}],"predecessor-version":[{"id":42412,"href":"https:\/\/lrm67.com\/index.php\/wp-json\/wp\/v2\/posts\/42409\/revisions\/42412"}],"wp:featuredmedia":[{"embeddable":true,"href":"https:\/\/lrm67.com\/index.php\/wp-json\/wp\/v2\/media\/42411"}],"wp:attachment":[{"href":"https:\/\/lrm67.com\/index.php\/wp-json\/wp\/v2\/media?parent=42409"}],"wp:term":[{"taxonomy":"category","embeddable":true,"href":"https:\/\/lrm67.com\/index.php\/wp-json\/wp\/v2\/categories?post=42409"},{"taxonomy":"post_tag","embeddable":true,"href":"https:\/\/lrm67.com\/index.php\/wp-json\/wp\/v2\/tags?post=42409"}],"curies":[{"name":"wp","href":"https:\/\/api.w.org\/{rel}","templated":true}]}}