{"id":42372,"date":"2026-01-27T10:36:56","date_gmt":"2026-01-27T13:36:56","guid":{"rendered":"https:\/\/lrm67.com\/?p=42372"},"modified":"2026-01-27T10:36:56","modified_gmt":"2026-01-27T13:36:56","slug":"caraguatatuba-soma-mais-de-160-atendimentos-da-carreta-odontologica-e-segue-com-servico-ate-30-de-janeiro","status":"publish","type":"post","link":"https:\/\/lrm67.com\/index.php\/2026\/01\/27\/caraguatatuba-soma-mais-de-160-atendimentos-da-carreta-odontologica-e-segue-com-servico-ate-30-de-janeiro\/","title":{"rendered":"Caraguatatuba soma mais de 160 atendimentos da Carreta Odontol\u00f3gica e segue com servi\u00e7o at\u00e9 30 de janeiro"},"content":{"rendered":"<p>A Carreta Odontol\u00f3gica \u201cCuidar e Sorrir\u201d realizou entre os dias 19 e 23 de janeiro 162 atendimentos gratuitos \u00e0 popula\u00e7\u00e3o de Caraguatatuba, em uma a\u00e7\u00e3o do Governo do Estado de S\u00e3o Paulo, por meio da Secretaria de Pol\u00edticas para a Mulher, com foco na sa\u00fade bucal em parceria com a Prefeitura.<\/p>\n<p>O servi\u00e7o oferta assist\u00eancia para mulheres e segue at\u00e9 sexta-feira, 30 de janeiro, no estacionamento da UPA Sul, no bairro Perequ\u00ea-Mirim, das 8h \u00e0s 12h e das 14h \u00e0s 18h.<\/p>\n<p>A carreta conta com tr\u00eas consult\u00f3rios odontol\u00f3gicos, cada um operacionalizado por uma equipe formada por cirurgi\u00e3o-dentista e auxiliar, al\u00e9m de equipes de sa\u00fade coletiva voltadas a atividades educativas e preventivas. O foco dos atendimentos s\u00e3o mulheres e seus dependentes at\u00e9 17 anos, com procedimentos cl\u00ednicos como avalia\u00e7\u00f5es, restaura\u00e7\u00f5es, exames e orienta\u00e7\u00f5es de higiene bucal, al\u00e9m da distribui\u00e7\u00e3o de kits de higiene.<\/p>\n<p>S\u00e3o ofertadas 30 vagas di\u00e1rias, sendo 20 destinadas a mulheres e 10 a crian\u00e7as, al\u00e9m da realiza\u00e7\u00e3o de procedimentos odontol\u00f3gicos e a\u00e7\u00f5es preventivas.<\/p>\n<p>De acordo com o levantamento, foram distribu\u00eddos 50 kits de higiene bucal durante as atividades coletivas realizadas nos dias 21, 22 e 23 de janeiro.<\/p>\n<p>Entre os procedimentos ofertados pela carreta est\u00e3o extra\u00e7\u00f5es, restaura\u00e7\u00f5es, limpeza, tratamento endod\u00f4ntico e confec\u00e7\u00e3o de coroas unit\u00e1rias.<\/p>\n<p>Paralelamente aos atendimentos cl\u00ednicos da Carreta Odontol\u00f3gica, as equipes de preven\u00e7\u00e3o do munic\u00edpio tamb\u00e9m realizaram atividades educativas em unidades da rede municipal de ensino. As a\u00e7\u00f5es ocorreram ao longo da semana na CEI\/EMEI Prof\u00aa Regina C\u00e9lia Santos Chapira Blaustein, CEI\/EMEI Prof. Francisco Assis de Carvalho e na CEI\/EMEI Leonor Mendes de Barros, todos na regi\u00e3o Sul.<\/p>\n<p><img fetchpriority=\"high\" decoding=\"async\" class=\"alignnone size-full wp-image-42374\" src=\"https:\/\/lrm67.com\/wp-content\/uploads\/2026\/01\/55061799677_8fbea86e1a_b.jpg\" alt=\"\" width=\"1024\" height=\"576\" srcset=\"https:\/\/lrm67.com\/wp-content\/uploads\/2026\/01\/55061799677_8fbea86e1a_b.jpg 1024w, https:\/\/lrm67.com\/wp-content\/uploads\/2026\/01\/55061799677_8fbea86e1a_b-300x169.jpg 300w, https:\/\/lrm67.com\/wp-content\/uploads\/2026\/01\/55061799677_8fbea86e1a_b-768x432.jpg 768w\" sizes=\"(max-width: 1024px) 100vw, 1024px\" \/><\/p>\n<p>Na segunda-feira (26), estiveram na CEI\/EMEI ADI Adriana Aparecida Cassiano e seguem para a CEI\/EMEI Insp. Waldete Ferreira de Souza no dia 27, CEI\/EMEI Stela da Silva, no dia 28, CEI\/EMEI Prof\u00aa C\u00e9lia Rocha Lobo no dia 29 e, finalmente, na CEI\/EMEI Prof\u00aa Thereza Yanesse Schimidt Cardozo na sexta-feira, dia 30.<\/p>\n<p>A iniciativa integra as pol\u00edticas p\u00fablicas de aten\u00e7\u00e3o \u00e0 sa\u00fade da mulher e da crian\u00e7a, aliando atendimento odontol\u00f3gico especializado e a\u00e7\u00f5es educativas de preven\u00e7\u00e3o, com foco na amplia\u00e7\u00e3o do acesso aos servi\u00e7os de sa\u00fade bucal na cidade.<\/p>\n","protected":false},"excerpt":{"rendered":"<p>A Carreta Odontol\u00f3gica \u201cCuidar e Sorrir\u201d realizou entre os dias 19 e 23 de janeiro 162 atendimentos gratuitos \u00e0 popula\u00e7\u00e3o de Caraguatatuba, em uma a\u00e7\u00e3o do Governo do Estado de S\u00e3o Paulo, por meio da Secretaria de Pol\u00edticas para a Mulher, com foco na sa\u00fade bucal em parceria com a Prefeitura. O servi\u00e7o oferta assist\u00eancia [&hellip;]<\/p>\n","protected":false},"author":26,"featured_media":42373,"comment_status":"open","ping_status":"open","sticky":false,"template":"","format":"standard","meta":{"footnotes":""},"categories":[8,2,10],"tags":[],"class_list":["post-42372","post","type-post","status-publish","format-standard","has-post-thumbnail","hentry","category-caraguatatuba","category-geral","category-saude"],"aioseo_notices":[],"_links":{"self":[{"href":"https:\/\/lrm67.com\/index.php\/wp-json\/wp\/v2\/posts\/42372","targetHints":{"allow":["GET"]}}],"collection":[{"href":"https:\/\/lrm67.com\/index.php\/wp-json\/wp\/v2\/posts"}],"about":[{"href":"https:\/\/lrm67.com\/index.php\/wp-json\/wp\/v2\/types\/post"}],"author":[{"embeddable":true,"href":"https:\/\/lrm67.com\/index.php\/wp-json\/wp\/v2\/users\/26"}],"replies":[{"embeddable":true,"href":"https:\/\/lrm67.com\/index.php\/wp-json\/wp\/v2\/comments?post=42372"}],"version-history":[{"count":1,"href":"https:\/\/lrm67.com\/index.php\/wp-json\/wp\/v2\/posts\/42372\/revisions"}],"predecessor-version":[{"id":42375,"href":"https:\/\/lrm67.com\/index.php\/wp-json\/wp\/v2\/posts\/42372\/revisions\/42375"}],"wp:featuredmedia":[{"embeddable":true,"href":"https:\/\/lrm67.com\/index.php\/wp-json\/wp\/v2\/media\/42373"}],"wp:attachment":[{"href":"https:\/\/lrm67.com\/index.php\/wp-json\/wp\/v2\/media?parent=42372"}],"wp:term":[{"taxonomy":"category","embeddable":true,"href":"https:\/\/lrm67.com\/index.php\/wp-json\/wp\/v2\/categories?post=42372"},{"taxonomy":"post_tag","embeddable":true,"href":"https:\/\/lrm67.com\/index.php\/wp-json\/wp\/v2\/tags?post=42372"}],"curies":[{"name":"wp","href":"https:\/\/api.w.org\/{rel}","templated":true}]}}