{"id":42226,"date":"2026-01-23T08:06:46","date_gmt":"2026-01-23T11:06:46","guid":{"rendered":"https:\/\/lrm67.com\/?p=42226"},"modified":"2026-01-23T11:18:12","modified_gmt":"2026-01-23T14:18:12","slug":"coletivo-forro-de-todos-abre-calendario-comemorativo-com-evento-gratuito-neste-sabado","status":"publish","type":"post","link":"https:\/\/lrm67.com\/index.php\/2026\/01\/23\/coletivo-forro-de-todos-abre-calendario-comemorativo-com-evento-gratuito-neste-sabado\/","title":{"rendered":"Coletivo Forr\u00f3 de Todos abre calend\u00e1rio comemorativo  com evento gratuito neste s\u00e1bado"},"content":{"rendered":"<p>A Pra\u00e7a do Cai\u00e7ara, no Centro de Caraguatatuba, recebe neste s\u00e1bado (24), das 14h \u00e0s 22h, o primeiro evento do ano do Coletivo Forr\u00f3 de Todos &#8211; um encontro entre tradi\u00e7\u00e3o, cultura popular e economia criativa, valorizando express\u00f5es ligadas \u00e0 identidade cai\u00e7ara e \u00e0 cultura nordestina. A entrada \u00e9 gratuita.<strong><br \/>\n<\/strong><\/p>\n<p>O p\u00fablico pode acompanhar apresenta\u00e7\u00f5es de forr\u00f3, fandango e capoeira, al\u00e9m de um espa\u00e7o dan\u00e7ante aberto, estimulando a participa\u00e7\u00e3o ativa da comunidade e a ocupa\u00e7\u00e3o coletiva do espa\u00e7o p\u00fablico.<strong><br \/>\n<\/strong><\/p>\n<p>O evento contar\u00e1 ainda com uma Feira de Economia Criativa Cai\u00e7ara, reunindo mais de 15 expositores de produtos tipicamente cai\u00e7aras, para fortalecer o artesanato local, os saberes tradicionais e a gera\u00e7\u00e3o de renda para produtores independentes. A \u00e1rea gastron\u00f4mica ter\u00e1 food truck e, de forma in\u00e9dita, chope artesanal, ampliando a experi\u00eancia cultural do p\u00fablico.<\/p>\n<p>Esta edi\u00e7\u00e3o inaugura simbolicamente o calend\u00e1rio comemorativo da d\u00e9cada do coletivo. O grupo, reconhecido como Ponto de Cultura, prev\u00ea uma s\u00e9rie de programa\u00e7\u00f5es culturais em diferentes formatos e territ\u00f3rios ao longo de 2026, em comemora\u00e7\u00e3o ao anivers\u00e1rio de dez anos de atua\u00e7\u00e3o, celebrado no m\u00eas de maio.<\/p>\n<p>Durante sua trajet\u00f3ria, o Forr\u00f3 de Todos consolidou-se por promover a\u00e7\u00f5es culturais prioritariamente na baixa temporada e fora de per\u00edodos de feriados prolongados, como estrat\u00e9gia de fortalecimento da cidade para al\u00e9m do turismo sazonal, momento em que o munic\u00edpio tradicionalmente concentra maior volume de investimentos e fomento cultural. Mais do que uma a\u00e7\u00e3o cultural pontual, o Forr\u00f3 de Todos reafirma seu compromisso com a democratiza\u00e7\u00e3o do acesso \u00e0 cultura, a valoriza\u00e7\u00e3o das manifesta\u00e7\u00f5es populares e a constru\u00e7\u00e3o de pol\u00edticas culturais de base comunit\u00e1ria.<\/p>\n<p>A Pra\u00e7a do Cai\u00e7ara est\u00e1 localizada na Rua Dr. Paul Harris, n\u00ba 1107, no Centro (atr\u00e1s do Macc \u2013 Museu de Arte e Cultura de Caraguatatuba)<\/p>\n<p><strong>Saiba mais atrav\u00e9s do Instagram:\u00a0<em>@forrodetodos<\/em><\/strong><\/p>\n","protected":false},"excerpt":{"rendered":"<p>A Pra\u00e7a do Cai\u00e7ara, no Centro de Caraguatatuba, recebe neste s\u00e1bado (24), das 14h \u00e0s 22h, o primeiro evento do ano do Coletivo Forr\u00f3 de Todos &#8211; um encontro entre tradi\u00e7\u00e3o, cultura popular e economia criativa, valorizando express\u00f5es ligadas \u00e0 identidade cai\u00e7ara e \u00e0 cultura nordestina. A entrada \u00e9 gratuita. O p\u00fablico pode acompanhar apresenta\u00e7\u00f5es [&hellip;]<\/p>\n","protected":false},"author":26,"featured_media":42227,"comment_status":"open","ping_status":"open","sticky":false,"template":"","format":"standard","meta":{"footnotes":""},"categories":[8,12],"tags":[],"class_list":["post-42226","post","type-post","status-publish","format-standard","has-post-thumbnail","hentry","category-caraguatatuba","category-eventos"],"aioseo_notices":[],"_links":{"self":[{"href":"https:\/\/lrm67.com\/index.php\/wp-json\/wp\/v2\/posts\/42226","targetHints":{"allow":["GET"]}}],"collection":[{"href":"https:\/\/lrm67.com\/index.php\/wp-json\/wp\/v2\/posts"}],"about":[{"href":"https:\/\/lrm67.com\/index.php\/wp-json\/wp\/v2\/types\/post"}],"author":[{"embeddable":true,"href":"https:\/\/lrm67.com\/index.php\/wp-json\/wp\/v2\/users\/26"}],"replies":[{"embeddable":true,"href":"https:\/\/lrm67.com\/index.php\/wp-json\/wp\/v2\/comments?post=42226"}],"version-history":[{"count":1,"href":"https:\/\/lrm67.com\/index.php\/wp-json\/wp\/v2\/posts\/42226\/revisions"}],"predecessor-version":[{"id":42228,"href":"https:\/\/lrm67.com\/index.php\/wp-json\/wp\/v2\/posts\/42226\/revisions\/42228"}],"wp:featuredmedia":[{"embeddable":true,"href":"https:\/\/lrm67.com\/index.php\/wp-json\/wp\/v2\/media\/42227"}],"wp:attachment":[{"href":"https:\/\/lrm67.com\/index.php\/wp-json\/wp\/v2\/media?parent=42226"}],"wp:term":[{"taxonomy":"category","embeddable":true,"href":"https:\/\/lrm67.com\/index.php\/wp-json\/wp\/v2\/categories?post=42226"},{"taxonomy":"post_tag","embeddable":true,"href":"https:\/\/lrm67.com\/index.php\/wp-json\/wp\/v2\/tags?post=42226"}],"curies":[{"name":"wp","href":"https:\/\/api.w.org\/{rel}","templated":true}]}}