{"id":42187,"date":"2026-01-21T15:49:44","date_gmt":"2026-01-21T18:49:44","guid":{"rendered":"https:\/\/lrm67.com\/?p=42187"},"modified":"2026-01-21T15:49:44","modified_gmt":"2026-01-21T18:49:44","slug":"evento-o-mar-nao-esta-pra-lixo-mobiliza-caraguatatuba-para-a-conscientizacao-ambiental-no-dia-22-de-janeiro","status":"publish","type":"post","link":"https:\/\/lrm67.com\/index.php\/2026\/01\/21\/evento-o-mar-nao-esta-pra-lixo-mobiliza-caraguatatuba-para-a-conscientizacao-ambiental-no-dia-22-de-janeiro\/","title":{"rendered":"Evento \u201cO Mar N\u00e3o Est\u00e1 Pra Lixo\u201d mobiliza Caraguatatuba para a conscientiza\u00e7\u00e3o ambiental no dia 22 de janeiro"},"content":{"rendered":"<p>Caraguatatuba recebe, na pr\u00f3xima quinta-feira (22), o evento \u201cO Mar N\u00e3o Est\u00e1 Pra Lixo\u201d, uma a\u00e7\u00e3o de educa\u00e7\u00e3o ambiental voltada \u00e0 sensibiliza\u00e7\u00e3o da popula\u00e7\u00e3o sobre a responsabilidade individual do descarte correto de res\u00edduos. A atividade ser\u00e1 realizada das 8h30 \u00e0s 14h, na Avenida Geraldo Nogueira da Silva, n\u00ba 25, ao lado da Secretaria de Turismo, na orla da praia do Centro.<\/p>\n<p>A iniciativa tem como objetivo promover a conscientiza\u00e7\u00e3o ambiental de moradores, visitantes e de quem vive e trabalha com o turismo, al\u00e9m de refor\u00e7ar a import\u00e2ncia das boas pr\u00e1ticas para a preserva\u00e7\u00e3o do meio ambiente, especialmente dos ecossistemas marinhos e costeiros.<\/p>\n<p>O \u201cO Mar N\u00e3o Est\u00e1 Pra Lixo\u201d \u00e9 um programa institucional do Instituto Supereco, que busca reduzir os impactos dos res\u00edduos em terra e no mar por meio da educa\u00e7\u00e3o ambiental, da valoriza\u00e7\u00e3o de atitudes sustent\u00e1veis e do engajamento da comunidade.<\/p>\n<p>A a\u00e7\u00e3o integra o Projeto Tecendo as \u00c1guas: Serra, Terra e Mar, realizado em parceria com a Petrobras, por meio do Programa Petrobras Socioambiental, conectando educa\u00e7\u00e3o ambiental, cultura oce\u00e2nica e o cuidado com o territ\u00f3rio para fortalecer a rela\u00e7\u00e3o entre a popula\u00e7\u00e3o e os ambientes naturais da regi\u00e3o.<\/p>\n<p>O evento contar\u00e1 com a parceria da Secretaria do Meio Ambiente, Agricultura e Pesca de Caraguatatuba, do projeto Guardi\u00e3o da Costeira, do Instituto Argonauta, do Parque Estadual da Serra do Mar \u2013 N\u00facleo Caraguatatuba, da Mar\u00e9 Sustent\u00e1vel e da associa\u00e7\u00e3o Caraguatas.<\/p>\n<p>A programa\u00e7\u00e3o ser\u00e1 marcada por abordagens l\u00fadicas e educativas, com jogos, brincadeiras, exposi\u00e7\u00f5es interativas e um mini mutir\u00e3o de limpeza de praia, para promover a participa\u00e7\u00e3o ativa do p\u00fablico e incentivar atitudes conscientes em rela\u00e7\u00e3o ao descarte correto de res\u00edduos.<\/p>\n<p>A Prefeitura de Caraguatatuba refor\u00e7a o convite para que a popula\u00e7\u00e3o participe do evento e contribua para a constru\u00e7\u00e3o de uma cidade mais sustent\u00e1vel, limpa e comprometida com o futuro do planeta.<\/p>\n","protected":false},"excerpt":{"rendered":"<p>Caraguatatuba recebe, na pr\u00f3xima quinta-feira (22), o evento \u201cO Mar N\u00e3o Est\u00e1 Pra Lixo\u201d, uma a\u00e7\u00e3o de educa\u00e7\u00e3o ambiental voltada \u00e0 sensibiliza\u00e7\u00e3o da popula\u00e7\u00e3o sobre a responsabilidade individual do descarte correto de res\u00edduos. A atividade ser\u00e1 realizada das 8h30 \u00e0s 14h, na Avenida Geraldo Nogueira da Silva, n\u00ba 25, ao lado da Secretaria de Turismo, [&hellip;]<\/p>\n","protected":false},"author":26,"featured_media":42188,"comment_status":"open","ping_status":"open","sticky":false,"template":"","format":"standard","meta":{"footnotes":""},"categories":[8,7,12,18],"tags":[17,132,23],"class_list":["post-42187","post","type-post","status-publish","format-standard","has-post-thumbnail","hentry","category-caraguatatuba","category-destaque","category-eventos","category-meio-ambiente","tag-caraguatatuba","tag-eventos","tag-meio-ambiente"],"aioseo_notices":[],"_links":{"self":[{"href":"https:\/\/lrm67.com\/index.php\/wp-json\/wp\/v2\/posts\/42187","targetHints":{"allow":["GET"]}}],"collection":[{"href":"https:\/\/lrm67.com\/index.php\/wp-json\/wp\/v2\/posts"}],"about":[{"href":"https:\/\/lrm67.com\/index.php\/wp-json\/wp\/v2\/types\/post"}],"author":[{"embeddable":true,"href":"https:\/\/lrm67.com\/index.php\/wp-json\/wp\/v2\/users\/26"}],"replies":[{"embeddable":true,"href":"https:\/\/lrm67.com\/index.php\/wp-json\/wp\/v2\/comments?post=42187"}],"version-history":[{"count":1,"href":"https:\/\/lrm67.com\/index.php\/wp-json\/wp\/v2\/posts\/42187\/revisions"}],"predecessor-version":[{"id":42189,"href":"https:\/\/lrm67.com\/index.php\/wp-json\/wp\/v2\/posts\/42187\/revisions\/42189"}],"wp:featuredmedia":[{"embeddable":true,"href":"https:\/\/lrm67.com\/index.php\/wp-json\/wp\/v2\/media\/42188"}],"wp:attachment":[{"href":"https:\/\/lrm67.com\/index.php\/wp-json\/wp\/v2\/media?parent=42187"}],"wp:term":[{"taxonomy":"category","embeddable":true,"href":"https:\/\/lrm67.com\/index.php\/wp-json\/wp\/v2\/categories?post=42187"},{"taxonomy":"post_tag","embeddable":true,"href":"https:\/\/lrm67.com\/index.php\/wp-json\/wp\/v2\/tags?post=42187"}],"curies":[{"name":"wp","href":"https:\/\/api.w.org\/{rel}","templated":true}]}}