{"id":41944,"date":"2026-01-13T17:12:25","date_gmt":"2026-01-13T20:12:25","guid":{"rendered":"https:\/\/lrm67.com\/?p=41944"},"modified":"2026-01-13T21:44:38","modified_gmt":"2026-01-14T00:44:38","slug":"cobranca-da-tpa-em-ilhabela-entra-em-fase-final-apos-confirmacao-de-empresa","status":"publish","type":"post","link":"https:\/\/lrm67.com\/index.php\/2026\/01\/13\/cobranca-da-tpa-em-ilhabela-entra-em-fase-final-apos-confirmacao-de-empresa\/","title":{"rendered":"Cobran\u00e7a da TPA em Ilhabela entra em fase final ap\u00f3s confirma\u00e7\u00e3o de empresa"},"content":{"rendered":"<p><strong>Por Danilo Costa<\/strong><\/p>\n<p>&nbsp;<\/p>\n<p>Ilhabela deu mais um passo para a retomada da Taxa de Preserva\u00e7\u00e3o Ambiental (TPA), mecanismo que incide sobre a entrada de ve\u00edculos no arquip\u00e9lago.<\/p>\n<p>A confirma\u00e7\u00e3o da empresa respons\u00e1vel pela opera\u00e7\u00e3o do sistema foi oficializada nesta segunda-feira (12) e marca o in\u00edcio da fase operacional necess\u00e1ria para que a cobran\u00e7a volte a ser aplicada.<\/p>\n<p>A empresa contratada para administrar o servi\u00e7o \u00e9 a Telmesh Tecnologia e Sistemas Ltda., sediada em Blumenau, em Santa Catarina.<\/p>\n<p>&nbsp;<\/p>\n<h2>Prazo para implanta\u00e7\u00e3o do sistema<\/h2>\n<p>A partir da formaliza\u00e7\u00e3o do contrato, a companhia ter\u00e1 um prazo de at\u00e9 dez dias para implantar a estrutura tecnol\u00f3gica que permitir\u00e1 o in\u00edcio da cobran\u00e7a, que ainda depende da defini\u00e7\u00e3o de uma data oficial para come\u00e7ar a valer.<\/p>\n<p>Pelo contrato, a empresa ficar\u00e1 com 9% do valor arrecadado.<\/p>\n<p>A taxa j\u00e1 foi adotada em Ilhabela entre 2007 e 2020, mas deixou de ser cobrada durante a pandemia da Covid-19.<\/p>\n<p>De acordo com a administra\u00e7\u00e3o municipal, o desempenho financeiro abaixo do esperado naquele per\u00edodo contribuiu para a suspens\u00e3o do modelo anterior.<\/p>\n<p>&nbsp;<\/p>\n<h2>Valores variam conforme o tipo de ve\u00edculo<\/h2>\n<p>Os valores da TPA variam conforme o tipo de ve\u00edculo e s\u00e3o cobrados por entrada, sem rela\u00e7\u00e3o com o tempo de perman\u00eancia no munic\u00edpio.<\/p>\n<p>Motocicletas pagar\u00e3o R$ 10, enquanto carros de passeio, utilit\u00e1rios e kombis ter\u00e3o taxa de R$ 48. Vans e caminh\u00f5es pagar\u00e3o R$ 70, micro-\u00f4nibus R$ 100 e \u00f4nibus R$ 140.<\/p>\n<p>&nbsp;<\/p>\n<h2>Formas de pagamento e isen\u00e7\u00f5es<\/h2>\n<p>Inicialmente, o pagamento ser\u00e1 feito por boleto, dispon\u00edvel pela internet ou no Centro de Atendimento ao Usu\u00e1rio.<\/p>\n<p>A prefeitura tamb\u00e9m prev\u00ea a implanta\u00e7\u00e3o futura de cobran\u00e7a autom\u00e1tica por meio de tags eletr\u00f4nicas e sistemas de leitura de placas, ap\u00f3s a realiza\u00e7\u00e3o de um chamamento p\u00fablico para credenciar as empresas operadoras.<\/p>\n<p>Ve\u00edculos emplacados em Ilhabela e no munic\u00edpio de S\u00e3o Sebasti\u00e3o ter\u00e3o isen\u00e7\u00e3o autom\u00e1tica da taxa, sem necessidade de cadastro.<\/p>\n<p>&nbsp;<\/p>\n<pre>Foto: Reprodu\u00e7\u00e3o \/ redes sociais<\/pre>\n","protected":false},"excerpt":{"rendered":"<p>Por Danilo Costa &nbsp; Ilhabela deu mais um passo para a retomada da Taxa de Preserva\u00e7\u00e3o Ambiental (TPA), mecanismo que incide sobre a entrada de ve\u00edculos no arquip\u00e9lago. A confirma\u00e7\u00e3o da empresa respons\u00e1vel pela opera\u00e7\u00e3o do sistema foi oficializada nesta segunda-feira (12) e marca o in\u00edcio da fase operacional necess\u00e1ria para que a cobran\u00e7a volte [&hellip;]<\/p>\n","protected":false},"author":26,"featured_media":41945,"comment_status":"open","ping_status":"open","sticky":false,"template":"","format":"standard","meta":{"footnotes":""},"categories":[2,3,18],"tags":[33,23],"class_list":["post-41944","post","type-post","status-publish","format-standard","has-post-thumbnail","hentry","category-geral","category-ilhabela","category-meio-ambiente","tag-ilhabela","tag-meio-ambiente"],"aioseo_notices":[],"_links":{"self":[{"href":"https:\/\/lrm67.com\/index.php\/wp-json\/wp\/v2\/posts\/41944","targetHints":{"allow":["GET"]}}],"collection":[{"href":"https:\/\/lrm67.com\/index.php\/wp-json\/wp\/v2\/posts"}],"about":[{"href":"https:\/\/lrm67.com\/index.php\/wp-json\/wp\/v2\/types\/post"}],"author":[{"embeddable":true,"href":"https:\/\/lrm67.com\/index.php\/wp-json\/wp\/v2\/users\/26"}],"replies":[{"embeddable":true,"href":"https:\/\/lrm67.com\/index.php\/wp-json\/wp\/v2\/comments?post=41944"}],"version-history":[{"count":1,"href":"https:\/\/lrm67.com\/index.php\/wp-json\/wp\/v2\/posts\/41944\/revisions"}],"predecessor-version":[{"id":41946,"href":"https:\/\/lrm67.com\/index.php\/wp-json\/wp\/v2\/posts\/41944\/revisions\/41946"}],"wp:featuredmedia":[{"embeddable":true,"href":"https:\/\/lrm67.com\/index.php\/wp-json\/wp\/v2\/media\/41945"}],"wp:attachment":[{"href":"https:\/\/lrm67.com\/index.php\/wp-json\/wp\/v2\/media?parent=41944"}],"wp:term":[{"taxonomy":"category","embeddable":true,"href":"https:\/\/lrm67.com\/index.php\/wp-json\/wp\/v2\/categories?post=41944"},{"taxonomy":"post_tag","embeddable":true,"href":"https:\/\/lrm67.com\/index.php\/wp-json\/wp\/v2\/tags?post=41944"}],"curies":[{"name":"wp","href":"https:\/\/api.w.org\/{rel}","templated":true}]}}