{"id":41754,"date":"2026-01-07T12:07:04","date_gmt":"2026-01-07T15:07:04","guid":{"rendered":"https:\/\/lrm67.com\/?p=41754"},"modified":"2026-01-07T12:07:04","modified_gmt":"2026-01-07T15:07:04","slug":"pm-flagra-pichacao-em-cemiterio-de-ubatuba-suspeito-usava-veiculo-da-prefeitura","status":"publish","type":"post","link":"https:\/\/lrm67.com\/index.php\/2026\/01\/07\/pm-flagra-pichacao-em-cemiterio-de-ubatuba-suspeito-usava-veiculo-da-prefeitura\/","title":{"rendered":"PM flagra picha\u00e7\u00e3o em cemit\u00e9rio de Ubatuba; suspeito usava ve\u00edculo da Prefeitura"},"content":{"rendered":"<p><strong>Por Danilo Costa<\/strong><\/p>\n<p>&nbsp;<\/p>\n<p>Uma a\u00e7\u00e3o de rotina da Pol\u00edcia Militar terminou com a condu\u00e7\u00e3o de um homem \u00e0 delegacia ap\u00f3s um epis\u00f3dio de vandalismo registrado no centro de Ubatuba.<\/p>\n<p>O caso ocorreu na madrugada desta quarta-feira (7) e envolveu a picha\u00e7\u00e3o do muro do Cemit\u00e9rio Municipal.<\/p>\n<p>&nbsp;<\/p>\n<h2>Abordagem ocorreu durante patrulhamento preventivo<\/h2>\n<p><img fetchpriority=\"high\" decoding=\"async\" class=\"wp-image-41756 alignleft\" src=\"https:\/\/lrm67.com\/wp-content\/uploads\/2026\/01\/WhatsApp-Image-2026-01-07-at-12.00.00.jpeg\" alt=\"\" width=\"233\" height=\"340\" srcset=\"https:\/\/lrm67.com\/wp-content\/uploads\/2026\/01\/WhatsApp-Image-2026-01-07-at-12.00.00.jpeg 731w, https:\/\/lrm67.com\/wp-content\/uploads\/2026\/01\/WhatsApp-Image-2026-01-07-at-12.00.00-205x300.jpeg 205w, https:\/\/lrm67.com\/wp-content\/uploads\/2026\/01\/WhatsApp-Image-2026-01-07-at-12.00.00-701x1024.jpeg 701w\" sizes=\"(max-width: 233px) 100vw, 233px\" \/>Segundo informa\u00e7\u00f5es do boletim de ocorr\u00eancia, os policiais realizavam patrulhamento pela regi\u00e3o central quando perceberam a atitude suspeita de um homem nas imedia\u00e7\u00f5es do cemit\u00e9rio, na Rua Salvador Corr\u00eaa.<\/p>\n<p>Ao notar a aproxima\u00e7\u00e3o da viatura, ele tentou esconder um objeto, o que motivou a abordagem.<\/p>\n<p>Durante a verifica\u00e7\u00e3o no local, os agentes constataram que o muro havia sido recentemente pichado.<\/p>\n<p>A tinta ainda estava fresca e correspondia \u00e0 cor do material encontrado com o suspeito, refor\u00e7ando o flagrante.<\/p>\n<p>&nbsp;<\/p>\n<h2>Ve\u00edculo da Prefeitura e materiais foram apreendidos<\/h2>\n<p>Com o homem, os policiais encontraram uma chave de ve\u00edculo. Questionado, ele afirmou que o autom\u00f3vel pertencia \u00e0 Prefeitura de Ubatuba e que trabalhava no setor de manuten\u00e7\u00e3o.<\/p>\n<p>Em vistoria no carro, foram localizadas outras latas de tinta spray. Ao todo, quatro latas foram apreendidas, al\u00e9m do ve\u00edculo utilizado pelo suspeito.<\/p>\n<p>A ocorr\u00eancia foi encaminhada \u00e0 Delegacia de Pol\u00edcia de Ubatuba, onde o caso foi registrado como crime ambiental por picha\u00e7\u00e3o de bem p\u00fablico, conforme previsto na legisla\u00e7\u00e3o vigente.<\/p>\n<p>&nbsp;<\/p>\n<pre>Fotos: Divulga\u00e7\u00e3o<\/pre>\n","protected":false},"excerpt":{"rendered":"<p>Por Danilo Costa &nbsp; Uma a\u00e7\u00e3o de rotina da Pol\u00edcia Militar terminou com a condu\u00e7\u00e3o de um homem \u00e0 delegacia ap\u00f3s um epis\u00f3dio de vandalismo registrado no centro de Ubatuba. O caso ocorreu na madrugada desta quarta-feira (7) e envolveu a picha\u00e7\u00e3o do muro do Cemit\u00e9rio Municipal. &nbsp; Abordagem ocorreu durante patrulhamento preventivo Segundo informa\u00e7\u00f5es [&hellip;]<\/p>\n","protected":false},"author":26,"featured_media":41755,"comment_status":"open","ping_status":"open","sticky":false,"template":"","format":"standard","meta":{"footnotes":""},"categories":[15,14],"tags":[194,28],"class_list":["post-41754","post","type-post","status-publish","format-standard","has-post-thumbnail","hentry","category-policia","category-ubatuba","tag-policia","tag-ubatuba"],"aioseo_notices":[],"_links":{"self":[{"href":"https:\/\/lrm67.com\/index.php\/wp-json\/wp\/v2\/posts\/41754","targetHints":{"allow":["GET"]}}],"collection":[{"href":"https:\/\/lrm67.com\/index.php\/wp-json\/wp\/v2\/posts"}],"about":[{"href":"https:\/\/lrm67.com\/index.php\/wp-json\/wp\/v2\/types\/post"}],"author":[{"embeddable":true,"href":"https:\/\/lrm67.com\/index.php\/wp-json\/wp\/v2\/users\/26"}],"replies":[{"embeddable":true,"href":"https:\/\/lrm67.com\/index.php\/wp-json\/wp\/v2\/comments?post=41754"}],"version-history":[{"count":1,"href":"https:\/\/lrm67.com\/index.php\/wp-json\/wp\/v2\/posts\/41754\/revisions"}],"predecessor-version":[{"id":41757,"href":"https:\/\/lrm67.com\/index.php\/wp-json\/wp\/v2\/posts\/41754\/revisions\/41757"}],"wp:featuredmedia":[{"embeddable":true,"href":"https:\/\/lrm67.com\/index.php\/wp-json\/wp\/v2\/media\/41755"}],"wp:attachment":[{"href":"https:\/\/lrm67.com\/index.php\/wp-json\/wp\/v2\/media?parent=41754"}],"wp:term":[{"taxonomy":"category","embeddable":true,"href":"https:\/\/lrm67.com\/index.php\/wp-json\/wp\/v2\/categories?post=41754"},{"taxonomy":"post_tag","embeddable":true,"href":"https:\/\/lrm67.com\/index.php\/wp-json\/wp\/v2\/tags?post=41754"}],"curies":[{"name":"wp","href":"https:\/\/api.w.org\/{rel}","templated":true}]}}