{"id":41448,"date":"2025-12-26T16:25:00","date_gmt":"2025-12-26T19:25:00","guid":{"rendered":"https:\/\/lrm67.com\/?p=41448"},"modified":"2025-12-27T09:31:48","modified_gmt":"2025-12-27T12:31:48","slug":"verao-show-sao-sebastiao-2026-estreia-com-shows-dos-cantores-belo-gustavo-mioto-e-alexandre-pires","status":"publish","type":"post","link":"https:\/\/lrm67.com\/index.php\/2025\/12\/26\/verao-show-sao-sebastiao-2026-estreia-com-shows-dos-cantores-belo-gustavo-mioto-e-alexandre-pires\/","title":{"rendered":"Ver\u00e3o Show S\u00e3o Sebasti\u00e3o 2026 estreia com shows dos cantores Belo, Gustavo Mioto e Alexandre Pires"},"content":{"rendered":"<p>Iniciando o ano com muita m\u00fasica boa e anima\u00e7\u00e3o, no dia 2 de janeiro come\u00e7a o Ver\u00e3o Show 2026 no Complexo Tur\u00edstico da Rua da Praia, no Centro Hist\u00f3rico de S\u00e3o Sebasti\u00e3o, consolidando o munic\u00edpio como um dos principais destinos de entretenimento do litoral paulista durante a alta temporada.<\/p>\n<p>Abrindo a programa\u00e7\u00e3o do maior festival de m\u00fasica e entretenimento j\u00e1 realizado na regi\u00e3o, na noite de sexta-feira (2\/1), o cantor Belo sobe ao palco. Dono de uma das vozes mais amadas do pagode rom\u00e2ntico, o cantor iniciou sua trajet\u00f3ria como vocalista do grupo Soweto, respons\u00e1vel por sucessos como \u2018Der\u00ea\u2019, \u2018Farol das Estrelas\u2019, \u2018Tempo de Aprender\u2019, \u2018Tua Boca\u2019, entre outras famosas can\u00e7\u00f5es.<\/p>\n<p>No s\u00e1bado (3\/1), o palco do Ver\u00e3o Show recebe shows de dois grandes artistas da m\u00fasica brasileira. \u00a0O cantor e compositor Gustavo Mioto apresenta hits consagrados como \u2018Impressionando os Anjos\u2019, \u2018Anti-Amor\u2019 e \u2018Com Ou Sem Mim\u2019. Na mesma noite, Alexandre Pires leva ao p\u00fablico muito samba e pagode, em um show marcado por carisma e grandes cl\u00e1ssicos.<\/p>\n<p>Todos os shows do Ver\u00e3o Show ter\u00e3o abertura com artistas locais, fortalecendo a cultura sebastianense e valorizando talentos da cidade. A iniciativa refor\u00e7a o compromisso da gest\u00e3o em promover oportunidades para m\u00fasicos da regi\u00e3o e ampliar a diversidade cultural durante a temporada.<\/p>\n<p>A pista ser\u00e1 gratuita, e haver\u00e1 op\u00e7\u00f5es de \u00e1rea VIP e camarotes, que poder\u00e3o ser adquiridas no site\u00a0<a href=\"http:\/\/www.veraoshow.com.br\/\">www.veraoshow.com.br<\/a>.<\/p>\n<p>O evento ocorrer\u00e1 todas \u00e0s sextas e s\u00e1bados do m\u00eas de janeiro e contar\u00e1 ainda com shows da cantora Ana Castela, Jorge &amp; Mateus, Luan Santana, Wesley Safad\u00e3o, Matu\u00ea, Dennis, Z\u00e9 Neto &amp; Cristiano, Natanzinho Lima e Thiaguinho.<\/p>\n<p>A nova temporada promete impulsionar a economia local, atrair milhares de turistas, manter praias e com\u00e9rcios movimentados e garantir um dos ver\u00f5es mais intensos dos \u00faltimos anos, fortalecendo o turismo e o desenvolvimento econ\u00f4mico do munic\u00edpio. Vale ressaltar que os shows ser\u00e3o inteiramente custeados pela empresa vencedora da licita\u00e7\u00e3o, sem utiliza\u00e7\u00e3o de recursos da Prefeitura.<\/p>\n<h2><strong>Servi\u00e7o<\/strong><\/h2>\n<p><strong>Ver\u00e3o Show S\u00e3o Sebasti\u00e3o 2026<\/strong><\/p>\n<p><strong>Data:<\/strong>\u00a002 a 31 de janeiro de 2026<\/p>\n<p><strong>Local:<\/strong>\u00a0Complexo Tur\u00edstico da Rua da Praia, Centro Hist\u00f3rico de S\u00e3o Sebasti\u00e3o<\/p>\n<p><strong>Hor\u00e1rios (sujeitos a altera\u00e7\u00e3o):<\/strong><\/p>\n<p><strong>Abertura dos port\u00f5es:<\/strong>\u00a019h<\/p>\n<p><strong>Previs\u00e3o de in\u00edcio do show de abertura:<\/strong>\u00a020h30<\/p>\n<p><strong>Previs\u00e3o de in\u00edcios dos shows:<\/strong>\u00a0Ap\u00f3s a atra\u00e7\u00e3o de abertura<\/p>\n<p><strong>Ingressos:<\/strong><\/p>\n<p><strong>Pista:<\/strong>\u00a0Entrada liberada e gratuita.<\/p>\n<p><strong>\u00c1reas Pagas (VIP e Camarote):<\/strong>\u00a0Vendas pelo site oficial do evento:\u00a0<a href=\"http:\/\/www.xn--veroshow-tza.com.br\/\">www.ver\u00e3oshow.com.br<\/a><\/p>\n","protected":false},"excerpt":{"rendered":"<p>Iniciando o ano com muita m\u00fasica boa e anima\u00e7\u00e3o, no dia 2 de janeiro come\u00e7a o Ver\u00e3o Show 2026 no Complexo Tur\u00edstico da Rua da Praia, no Centro Hist\u00f3rico de S\u00e3o Sebasti\u00e3o, consolidando o munic\u00edpio como um dos principais destinos de entretenimento do litoral paulista durante a alta temporada. Abrindo a programa\u00e7\u00e3o do maior festival [&hellip;]<\/p>\n","protected":false},"author":26,"featured_media":41449,"comment_status":"open","ping_status":"open","sticky":false,"template":"","format":"standard","meta":{"footnotes":""},"categories":[12,13],"tags":[],"class_list":["post-41448","post","type-post","status-publish","format-standard","has-post-thumbnail","hentry","category-eventos","category-sao-sebastiao"],"aioseo_notices":[],"_links":{"self":[{"href":"https:\/\/lrm67.com\/index.php\/wp-json\/wp\/v2\/posts\/41448","targetHints":{"allow":["GET"]}}],"collection":[{"href":"https:\/\/lrm67.com\/index.php\/wp-json\/wp\/v2\/posts"}],"about":[{"href":"https:\/\/lrm67.com\/index.php\/wp-json\/wp\/v2\/types\/post"}],"author":[{"embeddable":true,"href":"https:\/\/lrm67.com\/index.php\/wp-json\/wp\/v2\/users\/26"}],"replies":[{"embeddable":true,"href":"https:\/\/lrm67.com\/index.php\/wp-json\/wp\/v2\/comments?post=41448"}],"version-history":[{"count":1,"href":"https:\/\/lrm67.com\/index.php\/wp-json\/wp\/v2\/posts\/41448\/revisions"}],"predecessor-version":[{"id":41450,"href":"https:\/\/lrm67.com\/index.php\/wp-json\/wp\/v2\/posts\/41448\/revisions\/41450"}],"wp:featuredmedia":[{"embeddable":true,"href":"https:\/\/lrm67.com\/index.php\/wp-json\/wp\/v2\/media\/41449"}],"wp:attachment":[{"href":"https:\/\/lrm67.com\/index.php\/wp-json\/wp\/v2\/media?parent=41448"}],"wp:term":[{"taxonomy":"category","embeddable":true,"href":"https:\/\/lrm67.com\/index.php\/wp-json\/wp\/v2\/categories?post=41448"},{"taxonomy":"post_tag","embeddable":true,"href":"https:\/\/lrm67.com\/index.php\/wp-json\/wp\/v2\/tags?post=41448"}],"curies":[{"name":"wp","href":"https:\/\/api.w.org\/{rel}","templated":true}]}}