{"id":41366,"date":"2025-12-22T11:00:22","date_gmt":"2025-12-22T14:00:22","guid":{"rendered":"https:\/\/lrm67.com\/?p=41366"},"modified":"2025-12-22T19:03:07","modified_gmt":"2025-12-22T22:03:07","slug":"prefeitura-de-sao-sebastiao-prepara-programacao-de-reveillon-2026-com-festa-em-12-praias","status":"publish","type":"post","link":"https:\/\/lrm67.com\/index.php\/2025\/12\/22\/prefeitura-de-sao-sebastiao-prepara-programacao-de-reveillon-2026-com-festa-em-12-praias\/","title":{"rendered":"Prefeitura de S\u00e3o Sebasti\u00e3o prepara programa\u00e7\u00e3o de R\u00e9veillon 2026 com festa em 12 praias"},"content":{"rendered":"<p>A Prefeitura de S\u00e3o Sebasti\u00e3o, por meio da Secretaria de Turismo (Setur), com patroc\u00ednio da Corona, prepara uma grande festa de R\u00e9veillon que promete movimentar praias da Costa Sul \u00e0 Costa Norte do munic\u00edpio. Moradores e visitantes poder\u00e3o dar as boas-vindas a 2026 \u00e0 beira-mar, com programa\u00e7\u00e3o especial que une m\u00fasica, luzes e cuidado com o bem-estar de todos.<\/p>\n<p>A celebra\u00e7\u00e3o ocorre das 21h do dia 31 de dezembro de 2025 at\u00e9 \u00e0s 2h do dia 1\u00ba de janeiro de 2026, com apresenta\u00e7\u00f5es de DJs e o tradicional show pirot\u00e9cnico sem estampidos, garantindo um espet\u00e1culo visual inclusivo e respons\u00e1vel. Ao todo, ser\u00e3o 12 pontos de festa, distribu\u00eddos pelas praias da Enseada (Pra\u00e7a do Kitesurf), Cigarras, Arrast\u00e3o, S\u00e3o Francisco, Centro (Rua da Praia), Bareque\u00e7aba, Toque-Toque Pequeno, Pa\u00faba, Maresias, Boi\u00e7ucanga, Barra do Una e Boraceia.<\/p>\n<p>Na praia de Toque-Toque Pequeno, a programa\u00e7\u00e3o contar\u00e1 exclusivamente com o show pirot\u00e9cnico sem estampido. J\u00e1 nas praias de S\u00e3o Francisco e Cigarras, haver\u00e1 apenas apresenta\u00e7\u00f5es de DJs. Nas demais localidades, o p\u00fablico poder\u00e1 aproveitar tanto a m\u00fasica quanto o espet\u00e1culo de fogos.<\/p>\n<p>Um dos destaques da noite ser\u00e1 a praia do Arrast\u00e3o, onde uma balsa sem propuls\u00e3o servir\u00e1 como ponto de lan\u00e7amento dos fogos de artif\u00edcio, garantindo um grande espet\u00e1culo de luzes no c\u00e9u. Para assegurar a seguran\u00e7a do p\u00fablico, a estrutura estar\u00e1 posicionada a aproximadamente 400 metros da faixa de areia.<\/p>\n<p><img fetchpriority=\"high\" decoding=\"async\" class=\"alignnone size-full wp-image-41367\" src=\"https:\/\/lrm67.com\/wp-content\/uploads\/2025\/12\/WhatsApp-Image-2025-12-19-at-18.11.32-2.jpeg\" alt=\"\" width=\"1600\" height=\"1231\" srcset=\"https:\/\/lrm67.com\/wp-content\/uploads\/2025\/12\/WhatsApp-Image-2025-12-19-at-18.11.32-2.jpeg 1600w, https:\/\/lrm67.com\/wp-content\/uploads\/2025\/12\/WhatsApp-Image-2025-12-19-at-18.11.32-2-300x231.jpeg 300w, https:\/\/lrm67.com\/wp-content\/uploads\/2025\/12\/WhatsApp-Image-2025-12-19-at-18.11.32-2-1024x788.jpeg 1024w, https:\/\/lrm67.com\/wp-content\/uploads\/2025\/12\/WhatsApp-Image-2025-12-19-at-18.11.32-2-768x591.jpeg 768w, https:\/\/lrm67.com\/wp-content\/uploads\/2025\/12\/WhatsApp-Image-2025-12-19-at-18.11.32-2-1536x1182.jpeg 1536w\" sizes=\"(max-width: 1600px) 100vw, 1600px\" \/><\/p>\n<p>A iniciativa refor\u00e7a o compromisso da Prefeitura com a inclus\u00e3o, a seguran\u00e7a e o respeito \u00e0s pessoas sens\u00edveis ao som, al\u00e9m da prote\u00e7\u00e3o dos animais, mantendo o tradicional show de fogos sem estampidos.<\/p>\n<p>De acordo com a Secretaria de Turismo (Setur), a expectativa \u00e9 de que cerca de 500 mil de pessoas escolham S\u00e3o Sebasti\u00e3o para celebrar a chegada do Ano Novo e a taxa de ocupa\u00e7\u00e3o hoteleira ultrapasse os 90%.<\/p>\n<h2>Servi\u00e7o<\/h2>\n<p>Festa do R\u00e9veillon em S\u00e3o Sebasti\u00e3o<br \/>\n31 de dezembro &#8211; das 21h \u00e0s 2h<\/p>\n<h2>Locais<\/h2>\n<p>&#8211; Praia da Enseada (Pra\u00e7a do Kitesurf) \u2013 Dj L\u00e9o Carvalho + show pirot\u00e9cnico<br \/>\n&#8211; Praia das Cigarras &#8211; Dj Riva Decib\u00e9is (n\u00e3o haver\u00e1 show pirot\u00e9cnico)<br \/>\n&#8211; Praia de S\u00e3o Francisco \u2013 Dj Xandy (n\u00e3o haver\u00e1 show pirot\u00e9cnico)<br \/>\n&#8211; Praia do Arrast\u00e3o \u2013 Dj Gee + show pirot\u00e9cnico<br \/>\n&#8211; Centro (Rua da Praia) \u2013 Dj Dani Turtles + show pirot\u00e9cnico<br \/>\n&#8211; Praia de Bareque\u00e7aba \u2013 Dj Bico + show pirot\u00e9cnico<br \/>\n&#8211; Praia de Toque-Toque Pequeno \u2013 Somente show pirot\u00e9cnico<br \/>\n&#8211; Praia de Pa\u00faba \u2013 Dj Careca + show pirot\u00e9cnico<br \/>\n&#8211; Praia de Maresias (Pra\u00e7a Internacional do Surf) \u2013 Dj Cidy + show pirot\u00e9cnico<br \/>\n&#8211; Praia de Boi\u00e7ucanga (Pra\u00e7a P\u00f4r do Sol) \u2013 Dj Mateus Tom\u00e9 + show pirot\u00e9cnico<br \/>\n&#8211; Praia de Barra do Una (entrada pr\u00f3xima \u00e1 Capela Nossa Senhora do Carmo) \u2013 Dj Lost + show pirot\u00e9cnico<br \/>\n&#8211; Praia de Boraceia (entrada pr\u00f3xima \u00e0 Alameda Mau\u00e1) \u2013 Dj Evandro Machado + show pirot\u00e9cnico<\/p>\n","protected":false},"excerpt":{"rendered":"<p>A Prefeitura de S\u00e3o Sebasti\u00e3o, por meio da Secretaria de Turismo (Setur), com patroc\u00ednio da Corona, prepara uma grande festa de R\u00e9veillon que promete movimentar praias da Costa Sul \u00e0 Costa Norte do munic\u00edpio. Moradores e visitantes poder\u00e3o dar as boas-vindas a 2026 \u00e0 beira-mar, com programa\u00e7\u00e3o especial que une m\u00fasica, luzes e cuidado com [&hellip;]<\/p>\n","protected":false},"author":26,"featured_media":41368,"comment_status":"open","ping_status":"open","sticky":false,"template":"","format":"standard","meta":{"footnotes":""},"categories":[12,13,5],"tags":[],"class_list":["post-41366","post","type-post","status-publish","format-standard","has-post-thumbnail","hentry","category-eventos","category-sao-sebastiao","category-turismo"],"aioseo_notices":[],"_links":{"self":[{"href":"https:\/\/lrm67.com\/index.php\/wp-json\/wp\/v2\/posts\/41366","targetHints":{"allow":["GET"]}}],"collection":[{"href":"https:\/\/lrm67.com\/index.php\/wp-json\/wp\/v2\/posts"}],"about":[{"href":"https:\/\/lrm67.com\/index.php\/wp-json\/wp\/v2\/types\/post"}],"author":[{"embeddable":true,"href":"https:\/\/lrm67.com\/index.php\/wp-json\/wp\/v2\/users\/26"}],"replies":[{"embeddable":true,"href":"https:\/\/lrm67.com\/index.php\/wp-json\/wp\/v2\/comments?post=41366"}],"version-history":[{"count":1,"href":"https:\/\/lrm67.com\/index.php\/wp-json\/wp\/v2\/posts\/41366\/revisions"}],"predecessor-version":[{"id":41369,"href":"https:\/\/lrm67.com\/index.php\/wp-json\/wp\/v2\/posts\/41366\/revisions\/41369"}],"wp:featuredmedia":[{"embeddable":true,"href":"https:\/\/lrm67.com\/index.php\/wp-json\/wp\/v2\/media\/41368"}],"wp:attachment":[{"href":"https:\/\/lrm67.com\/index.php\/wp-json\/wp\/v2\/media?parent=41366"}],"wp:term":[{"taxonomy":"category","embeddable":true,"href":"https:\/\/lrm67.com\/index.php\/wp-json\/wp\/v2\/categories?post=41366"},{"taxonomy":"post_tag","embeddable":true,"href":"https:\/\/lrm67.com\/index.php\/wp-json\/wp\/v2\/tags?post=41366"}],"curies":[{"name":"wp","href":"https:\/\/api.w.org\/{rel}","templated":true}]}}