{"id":41350,"date":"2025-12-22T18:29:40","date_gmt":"2025-12-22T21:29:40","guid":{"rendered":"https:\/\/lrm67.com\/?p=41350"},"modified":"2025-12-22T18:29:40","modified_gmt":"2025-12-22T21:29:40","slug":"toninho-colucci-entrega-viaturas-e-equipamentos-e-reforca-a-seguranca-publica-em-ilhabela","status":"publish","type":"post","link":"https:\/\/lrm67.com\/index.php\/2025\/12\/22\/toninho-colucci-entrega-viaturas-e-equipamentos-e-reforca-a-seguranca-publica-em-ilhabela\/","title":{"rendered":"Toninho Colucci entrega viaturas e equipamentos e refor\u00e7a a seguran\u00e7a p\u00fablica em Ilhabela"},"content":{"rendered":"<p align=\"justify\">O prefeito de Ilhabela, Toninho Colucci, realizou na manh\u00e3 desta segunda-feira (22) a entrega de novas viaturas, ve\u00edculos, maquin\u00e1rios e equipamentos destinados ao fortalecimento da seguran\u00e7a p\u00fablica e dos servi\u00e7os de prote\u00e7\u00e3o do munic\u00edpio. A a\u00e7\u00e3o integra o planejamento estrat\u00e9gico da administra\u00e7\u00e3o municipal e amplia de forma significativa a capacidade operacional das for\u00e7as de seguran\u00e7a, especialmente neste per\u00edodo de alta temporada, quando a cidade registra aumento expressivo no fluxo de moradores e turistas.<\/p>\n<p align=\"justify\">Ao todo, foram entregues duas viaturas cedidas pelo munic\u00edpio e 14 bicicletas para a Pol\u00edcia Militar; uma viatura para a Pol\u00edcia Civil; uma ambul\u00e2ncia para o Corpo de Bombeiros; quatro ve\u00edculos e nove motocicletas para o Departamento Municipal de Tr\u00e2nsito; al\u00e9m de maquin\u00e1rios e equipamentos que ir\u00e3o refor\u00e7ar diretamente as a\u00e7\u00f5es da Defesa Civil.<\/p>\n<p align=\"justify\">Para o prefeito Toninho Colucci, o investimento reflete o compromisso da gest\u00e3o com a prote\u00e7\u00e3o da popula\u00e7\u00e3o e o ordenamento da cidade. \u201cSeguran\u00e7a p\u00fablica \u00e9 prioridade absoluta. Estamos investindo de forma planejada, fortalecendo a estrutura das for\u00e7as de seguran\u00e7a, garantindo mais presen\u00e7a nas ruas, mais agilidade no atendimento \u00e0s ocorr\u00eancias e mais tranquilidade para quem vive e visita Ilhabela. Esse trabalho integrado \u00e9 fundamental para acompanhar o crescimento da cidade e o aumento do fluxo tur\u00edstico\u201d, destacou.<\/p>\n<p align=\"justify\">Participaram da frente de honra da solenidade o vice-prefeito Jo\u00e3o Pedro Reale Colucci; o presidente da C\u00e2mara Municipal, vereador Ezequiel Alves; o coronel da Pol\u00edcia Militar Luiz Fernando Alves, comandante do Comando de Policiamento do Interior; o tenente-coronel Fernando Edson Mendes, comandante do 20\u00ba Batalh\u00e3o da Pol\u00edcia Militar do Interior; o delegado seccional de Pol\u00edcia de S\u00e3o Sebasti\u00e3o, Dr. Andr\u00e9 Luiz Matera Costilhas, respons\u00e1vel tamb\u00e9m por Ilhabela, Ubatuba e Caraguatatuba; o delegado titular da Pol\u00edcia Civil de Ilhabela, Dr. Caio Fresatto Nunes de Miranda; o major Paulo Roberto Reis, comandante do 11\u00ba Grupamento do Corpo de Bombeiros do Vale do Para\u00edba e Litoral Norte; a capit\u00e3 da Pol\u00edcia Militar \u00c9rica Ramalho de Macedo, comandante do 4\u00ba Subgrupamento de Bombeiros do 11\u00ba GB; o secret\u00e1rio municipal de Mobilidade e Seguran\u00e7a de Ilhabela, Lucas Oliveira; os vereadores Nanci Zanato, Enfermeira Nalva, Pastor Jos\u00e9 Milton, Ed\u00edlson da Ilha, Lel\u00e9co Augusto e os vereadores licenciados, Gabriel Rocha e Alessandro Aben\u00e7oado.<\/p>\n<p align=\"justify\"><img fetchpriority=\"high\" decoding=\"async\" class=\"alignnone size-full wp-image-41351\" src=\"https:\/\/lrm67.com\/wp-content\/uploads\/2025\/12\/ENTREGAVIATURAS2.jpg\" alt=\"\" width=\"1476\" height=\"984\" srcset=\"https:\/\/lrm67.com\/wp-content\/uploads\/2025\/12\/ENTREGAVIATURAS2.jpg 1476w, https:\/\/lrm67.com\/wp-content\/uploads\/2025\/12\/ENTREGAVIATURAS2-300x200.jpg 300w, https:\/\/lrm67.com\/wp-content\/uploads\/2025\/12\/ENTREGAVIATURAS2-1024x683.jpg 1024w, https:\/\/lrm67.com\/wp-content\/uploads\/2025\/12\/ENTREGAVIATURAS2-768x512.jpg 768w\" sizes=\"(max-width: 1476px) 100vw, 1476px\" \/><\/p>\n<p align=\"justify\">Na ocasi\u00e3o, foram homenageados tamb\u00e9m os policiais militares que se destacaram com bravura nas fortes chuvas que assolaram Ilhabela entre a ter\u00e7a e quarta-feira (16 e 17\/12). Foram eles: Cabo Gabriely de Souza Cruz, Soldado Roberto Fernandes dos Santos, Soldado M\u00e1rcio Lousano Martin e Cabo Patrick G\u00f3es de Carvalho Calvo.<\/p>\n<p align=\"justify\">A entrega dos novos equipamentos fortalece a atua\u00e7\u00e3o conjunta entre as for\u00e7as policiais, os \u00f3rg\u00e3os municipais e as equipes de emerg\u00eancia, ampliando a capacidade de resposta, a preven\u00e7\u00e3o de ocorr\u00eancias e o ordenamento urbano em todas as regi\u00f5es do munic\u00edpio.<\/p>\n<h2 align=\"justify\"><b>Opera\u00e7\u00e3o Ver\u00e3o<\/b><b><\/b><\/h2>\n<p align=\"justify\">Ilhabela j\u00e1 est\u00e1 com a Opera\u00e7\u00e3o Ver\u00e3o 2025\/2026 em andamento, refor\u00e7ando o policiamento ostensivo e preventivo durante a alta temporada. O munic\u00edpio conta atualmente com o apoio de 89 policiais militares, distribu\u00eddos em pontos estrat\u00e9gicos da cidade para garantir mais seguran\u00e7a a moradores e turistas.<\/p>\n<p align=\"justify\">Para viabilizar a opera\u00e7\u00e3o, a Prefeitura disponibilizou infraestrutura completa ao efetivo, incluindo alimenta\u00e7\u00e3o e hospedagem em um alojamento totalmente reformado, preparado exclusivamente para receber os policiais durante o per\u00edodo da opera\u00e7\u00e3o.<\/p>\n<p align=\"justify\"><img decoding=\"async\" class=\"alignnone size-full wp-image-41352\" src=\"https:\/\/lrm67.com\/wp-content\/uploads\/2025\/12\/ENTREGAVIATURAS9.jpg\" alt=\"\" width=\"1476\" height=\"984\" srcset=\"https:\/\/lrm67.com\/wp-content\/uploads\/2025\/12\/ENTREGAVIATURAS9.jpg 1476w, https:\/\/lrm67.com\/wp-content\/uploads\/2025\/12\/ENTREGAVIATURAS9-300x200.jpg 300w, https:\/\/lrm67.com\/wp-content\/uploads\/2025\/12\/ENTREGAVIATURAS9-1024x683.jpg 1024w, https:\/\/lrm67.com\/wp-content\/uploads\/2025\/12\/ENTREGAVIATURAS9-768x512.jpg 768w\" sizes=\"(max-width: 1476px) 100vw, 1476px\" \/><\/p>\n<p align=\"justify\">A Opera\u00e7\u00e3o Ver\u00e3o segue at\u00e9 o m\u00eas de fevereiro. De acordo com proje\u00e7\u00f5es do Observat\u00f3rio do Turismo, Ilhabela deve ultrapassar a marca de 1 milh\u00e3o de visitantes entre dezembro e o Carnaval, representando um aumento de 8% no fluxo tur\u00edstico em rela\u00e7\u00e3o ao \u00faltimo ver\u00e3o. O cen\u00e1rio exige refor\u00e7o cont\u00ednuo nas a\u00e7\u00f5es de seguran\u00e7a, mobilidade, fiscaliza\u00e7\u00e3o e ordenamento urbano, \u00e1reas que seguem recebendo investimentos diretos da administra\u00e7\u00e3o municipal.<\/p>\n","protected":false},"excerpt":{"rendered":"<p>O prefeito de Ilhabela, Toninho Colucci, realizou na manh\u00e3 desta segunda-feira (22) a entrega de novas viaturas, ve\u00edculos, maquin\u00e1rios e equipamentos destinados ao fortalecimento da seguran\u00e7a p\u00fablica e dos servi\u00e7os de prote\u00e7\u00e3o do munic\u00edpio. A a\u00e7\u00e3o integra o planejamento estrat\u00e9gico da administra\u00e7\u00e3o municipal e amplia de forma significativa a capacidade operacional das for\u00e7as de seguran\u00e7a, [&hellip;]<\/p>\n","protected":false},"author":26,"featured_media":41353,"comment_status":"open","ping_status":"open","sticky":false,"template":"","format":"standard","meta":{"footnotes":""},"categories":[3,16,21],"tags":[],"class_list":["post-41350","post","type-post","status-publish","format-standard","has-post-thumbnail","hentry","category-ilhabela","category-politica","category-seguranca"],"aioseo_notices":[],"_links":{"self":[{"href":"https:\/\/lrm67.com\/index.php\/wp-json\/wp\/v2\/posts\/41350","targetHints":{"allow":["GET"]}}],"collection":[{"href":"https:\/\/lrm67.com\/index.php\/wp-json\/wp\/v2\/posts"}],"about":[{"href":"https:\/\/lrm67.com\/index.php\/wp-json\/wp\/v2\/types\/post"}],"author":[{"embeddable":true,"href":"https:\/\/lrm67.com\/index.php\/wp-json\/wp\/v2\/users\/26"}],"replies":[{"embeddable":true,"href":"https:\/\/lrm67.com\/index.php\/wp-json\/wp\/v2\/comments?post=41350"}],"version-history":[{"count":1,"href":"https:\/\/lrm67.com\/index.php\/wp-json\/wp\/v2\/posts\/41350\/revisions"}],"predecessor-version":[{"id":41354,"href":"https:\/\/lrm67.com\/index.php\/wp-json\/wp\/v2\/posts\/41350\/revisions\/41354"}],"wp:featuredmedia":[{"embeddable":true,"href":"https:\/\/lrm67.com\/index.php\/wp-json\/wp\/v2\/media\/41353"}],"wp:attachment":[{"href":"https:\/\/lrm67.com\/index.php\/wp-json\/wp\/v2\/media?parent=41350"}],"wp:term":[{"taxonomy":"category","embeddable":true,"href":"https:\/\/lrm67.com\/index.php\/wp-json\/wp\/v2\/categories?post=41350"},{"taxonomy":"post_tag","embeddable":true,"href":"https:\/\/lrm67.com\/index.php\/wp-json\/wp\/v2\/tags?post=41350"}],"curies":[{"name":"wp","href":"https:\/\/api.w.org\/{rel}","templated":true}]}}