{"id":41320,"date":"2025-12-21T10:06:55","date_gmt":"2025-12-21T13:06:55","guid":{"rendered":"https:\/\/lrm67.com\/?p=41320"},"modified":"2026-01-05T16:51:10","modified_gmt":"2026-01-05T19:51:10","slug":"governo-de-sp-lanca-operacao-verao-integrada-com-reforco-em-seguranca-mobilidade-saude-e-meio-ambiente-para-o-litoral","status":"publish","type":"post","link":"https:\/\/lrm67.com\/index.php\/2025\/12\/21\/governo-de-sp-lanca-operacao-verao-integrada-com-reforco-em-seguranca-mobilidade-saude-e-meio-ambiente-para-o-litoral\/","title":{"rendered":"Governo de SP lan\u00e7a Opera\u00e7\u00e3o Ver\u00e3o Integrada com refor\u00e7o em seguran\u00e7a, mobilidade, sa\u00fade e meio ambiente para o litoral"},"content":{"rendered":"<p><em><strong>Para o Litoral Norte vir\u00e3o 861 policiais militares atuar no per\u00edodo.<\/strong><\/em><\/p>\n<p>&nbsp;<\/p>\n<p>O Governo de S\u00e3o Paulo deu in\u00edcio neste s\u00e1bado (20), em Bertioga, \u00e0 Opera\u00e7\u00e3o Ver\u00e3o Integrada, uma a\u00e7\u00e3o in\u00e9dita e intersetorial para refor\u00e7ar a seguran\u00e7a, sa\u00fade, mobilidade e prote\u00e7\u00e3o ambiental no litoral paulista durante o per\u00edodo de maior fluxo de turistas.<\/p>\n<p>S\u00e3o R$ 55 milh\u00f5es em investimentos, com destaque para o maior efetivo policial da hist\u00f3ria. Em outra frente, a distribui\u00e7\u00e3o de \u00e1gua e o tratamento de esgoto contaram com investimento de R$ 2 bilh\u00f5es neste ano pela Sabesp para melhorar o saneamento para moradores e turistas. A previs\u00e3o \u00e9 que o litoral paulista receba 16,7 milh\u00f5es de visitantes neste ver\u00e3o.<\/p>\n<p>\u201cEstamos fazendo uma Opera\u00e7\u00e3o Ver\u00e3o um pouco diferente esse ano. A gente sempre comunicou o refor\u00e7o policial, mas dessa vez estamos indo al\u00e9m. Esta \u00e9 a maior Opera\u00e7\u00e3o Ver\u00e3o da hist\u00f3ria. Vamos ter 4 mil homens a mais, 435 viaturas, vamos operar com helic\u00f3pteros, jet ski, motocicleta e bicicleta. E vamos usar drones. Teremos uma delegacia volante, mais equipamento para os bombeiros, guardas-vidas para tomar conta dos banhistas. Estamos agregando mais munic\u00edpios do litoral ao Muralha Paulista, que conta com 1.700 c\u00e2meras de monitoramento\u201d, destacou o governador Tarc\u00edsio de Freitas.Vamos refor\u00e7ar o atendimento em sa\u00fade repassando recursos aos munic\u00edpios, al\u00e9m de um trabalho amplo nas estradas e travessias litor\u00e2neas. O turista que vier para c\u00e1 pode ter certeza que vai desfrutar do melhor do nosso litoral\u201d, disse o governador de S\u00e3o Paulo, afirmou.<\/p>\n<p><img fetchpriority=\"high\" decoding=\"async\" class=\"alignnone size-full wp-image-41321\" src=\"https:\/\/lrm67.com\/wp-content\/uploads\/2025\/12\/54995451961_7d309d3aff_h.jpg\" alt=\"\" width=\"1558\" height=\"1039\" srcset=\"https:\/\/lrm67.com\/wp-content\/uploads\/2025\/12\/54995451961_7d309d3aff_h.jpg 1558w, https:\/\/lrm67.com\/wp-content\/uploads\/2025\/12\/54995451961_7d309d3aff_h-300x200.jpg 300w, https:\/\/lrm67.com\/wp-content\/uploads\/2025\/12\/54995451961_7d309d3aff_h-1024x683.jpg 1024w, https:\/\/lrm67.com\/wp-content\/uploads\/2025\/12\/54995451961_7d309d3aff_h-768x512.jpg 768w, https:\/\/lrm67.com\/wp-content\/uploads\/2025\/12\/54995451961_7d309d3aff_h-1536x1024.jpg 1536w\" sizes=\"(max-width: 1558px) 100vw, 1558px\" \/><\/p>\n<h2 class=\"wp-block-heading\"><strong>Seguran\u00e7a P\u00fablica<\/strong><\/h2>\n<p>A Secretaria da Seguran\u00e7a P\u00fablica coordena a maior Opera\u00e7\u00e3o Ver\u00e3o da hist\u00f3ria do Estado, com o empenho de 4.075 policiais militares e 436 viaturas, al\u00e9m do apoio da Pol\u00edcia Civil e do Corpo de Bombeiros. Pela primeira vez as for\u00e7as de seguran\u00e7a contar\u00e3o com o apoio de 7 drones e 3 aeronaves para monitorar a orla e garantir a seguran\u00e7a da popula\u00e7\u00e3o.<\/p>\n<p>\u201cCom apoio do Muralha Paulista, estamos ampliando a capacidade de monitoramento no litoral, usando a rede de c\u00e2meras com tecnologia de reconhecimento facial. Ent\u00e3o, quem pratica um crime no Guaruj\u00e1, por exemplo, e vai para outra cidade estar\u00e1 sendo monitorado pela pol\u00edcia\u201d, explicou o secret\u00e1rio de Seguran\u00e7a P\u00fablica Osvaldo Nico Gon\u00e7alves.<\/p>\n<p>Do total de efetivo mobilizado, cerca de 2,8 mil policiais atuam na Baixada Santista e 861 no Litoral Norte. A opera\u00e7\u00e3o tamb\u00e9m conta com 253 bombeiros e\u00a0 147 policiais do Policiamento Rodovi\u00e1rio, ampliando a capacidade de resposta a ocorr\u00eancias e atendimentos emergenciais.<\/p>\n<p>Unidades especializadas, como os Comandos de Policiamento de Choque, Rodovi\u00e1rio, Ambiental, Avia\u00e7\u00e3o e Corpo de Bombeiros, integram o planejamento, que inclui refor\u00e7o no Centro de Opera\u00e7\u00f5es da Pol\u00edcia Militar para monitoramento cont\u00ednuo das ocorr\u00eancias.<\/p>\n<p>Ao menos 13 cidades do litoral sul e norte participam do programa Muralha Paulista, com cerca de 1,7 mil c\u00e2meras, parte delas com tecnologia de reconhecimento facial e leitura de placas, auxiliando na captura de foragidos e na recupera\u00e7\u00e3o de ve\u00edculos.<\/p>\n<p>O Corpo de Bombeiros refor\u00e7ou sua atua\u00e7\u00e3o com 567 guarda-vidas tempor\u00e1rios, 253 soldados rec\u00e9m-formados, vagas adicionais de Di\u00e1ria Especial por Jornada Extraordin\u00e1ria (Dejem), postos avan\u00e7ados 24 horas no Litoral Norte e apoio de aeronaves da Avia\u00e7\u00e3o da PM. A Pol\u00edcia Civil tamb\u00e9m ampliou seu efetivo e vagas de Dejec para fortalecer o atendimento e a investiga\u00e7\u00e3o durante a temporada.<\/p>\n<h2 class=\"wp-block-heading\"><strong>Defesa Civil<\/strong><\/h2>\n<p><img decoding=\"async\" class=\"alignnone size-full wp-image-41322\" src=\"https:\/\/lrm67.com\/wp-content\/uploads\/2025\/12\/WhatsApp-Image-2025-12-20-at-14.48.06-1024x683-1.jpeg\" alt=\"\" width=\"1024\" height=\"683\" srcset=\"https:\/\/lrm67.com\/wp-content\/uploads\/2025\/12\/WhatsApp-Image-2025-12-20-at-14.48.06-1024x683-1.jpeg 1024w, https:\/\/lrm67.com\/wp-content\/uploads\/2025\/12\/WhatsApp-Image-2025-12-20-at-14.48.06-1024x683-1-300x200.jpeg 300w, https:\/\/lrm67.com\/wp-content\/uploads\/2025\/12\/WhatsApp-Image-2025-12-20-at-14.48.06-1024x683-1-768x512.jpeg 768w\" sizes=\"(max-width: 1024px) 100vw, 1024px\" \/><\/p>\n<p>A Defesa Civil do Estado refor\u00e7a sua atua\u00e7\u00e3o em todo o litoral, com R$ 1,3 milh\u00e3o em investimentos e 5,4 mil agentes de prontid\u00e3o. No lan\u00e7amento, foi realizada a entrega de uma ponte constru\u00edda na Estrada Folha Seca, em Ubatuba, que liga os moradores do bairro Folha Seca ao centro da cidade, al\u00e9m do an\u00fancio da instala\u00e7\u00e3o de uma nova sirene de alerta remoto em Santos, no bairro Vila Progresso, o terceiro equipamento do tipo no litoral paulista.<\/p>\n<p>Como parte do refor\u00e7o operacional, todas as Defesas Civis do litoral receberam botes de resgate doados pelo Movimento Uni\u00e3o BR. Dos 20 equipamentos doados, 16 foram destinados aos munic\u00edpios litor\u00e2neos, fundamentais para o resgate de pessoas em situa\u00e7\u00f5es de alagamento. As equipes das 16 cidades passaram por capacita\u00e7\u00e3o no Treinamento SP Sempre Alerta \u2013 Opera\u00e7\u00e3o Chuvas e, pela primeira vez, receberam diretamente em seus munic\u00edpios os kits de ver\u00e3o, com cerca de mil itens distribu\u00eddos, incluindo coletes, botas, capacetes, luvas, pluvi\u00f4metros e outros equipamentos.<\/p>\n<p>A Defesa Civil tamb\u00e9m realizou exerc\u00edcios simulados com moradores de \u00e1reas de risco em cidades como Santos, Ilhabela, S\u00e3o Sebasti\u00e3o, Guaruj\u00e1 e Cubat\u00e3o, orientando a popula\u00e7\u00e3o sobre como agir diante de temporais, deslizamentos, alagamentos, enxurradas e quedas de \u00e1rvores.<\/p>\n<p>Para ampliar a agilidade no envio de alertas, foi criado o Painel de Intelig\u00eancia SP Sempre Alerta, que integra dados meteorol\u00f3gicos e reduziu em cerca de 80% o tempo necess\u00e1rio para a tomada de decis\u00e3o sobre a emiss\u00e3o de alertas \u00e0 popula\u00e7\u00e3o. \u201cEsse \u00e9 um per\u00edodo de aten\u00e7\u00e3o para a Defesa Civil, mobilizamos todo o nosso time, usando tecnologia, monitoramento, porque \u00e9 tamb\u00e9m um per\u00edodo de chuvas intensas. A gente investiu muito no estado de S\u00e3o Paulo, com sistema de radar, via sat\u00e9lite, intelig\u00eancia artificial, para fazer as previs\u00f5es com tempo de enviar os alertas \u00e0s regi\u00f5es de risco e instalamos sirenes em Santos, agora vamos treinar os moradores. Mas precisamos do apoio da popula\u00e7\u00e3o para que n\u00e3o se coloque em risco e siga as orienta\u00e7\u00f5es da Defesa Civil\u201d, disse o Coordenador da Defesa Civil do Estado, Coronel PM Henguel Ricardo Pereira.<\/p>\n<h2 class=\"wp-block-heading\"><strong>Sa\u00fade<\/strong><\/h2>\n<p>O Governo de S\u00e3o Paulo destinou R$ 53,9 milh\u00f5es para refor\u00e7ar a rede de assist\u00eancia em sa\u00fade dos munic\u00edpios do litoral paulista durante a Opera\u00e7\u00e3o Ver\u00e3o Integrada. Os recursos s\u00e3o transferidos em parcela \u00fanica do Fundo Estadual de Sa\u00fade aos Fundos Municipais de Sa\u00fade e devem ser aplicados exclusivamente no custeio da assist\u00eancia.<\/p>\n<p>Ao todo, 16 munic\u00edpios das regi\u00f5es da Baixada Santista, Litoral Norte e Vale do Ribeira s\u00e3o beneficiados. A Baixada Santista concentra a maior parte dos recursos, seguida pelo Litoral Norte e pelo Vale do Ribeira.<\/p>\n<p>O investimento tem como objetivo fortalecer a capacidade de resposta do Sistema \u00danico de Sa\u00fade (SUS) em um per\u00edodo de aumento expressivo da popula\u00e7\u00e3o, garantindo atendimento oportuno e qualificado tanto para moradores quanto para visitantes.<\/p>\n<h2 class=\"wp-block-heading\"><strong>Meio Ambiente, Infraestrutura e Log\u00edstica<\/strong><\/h2>\n<p>A Opera\u00e7\u00e3o Ver\u00e3o tamb\u00e9m re\u00fane a\u00e7\u00f5es de infraestrutura, mobilidade, saneamento e conscientiza\u00e7\u00e3o ambiental.<\/p>\n<p>O Departamento de Estradas de Rodagem (DER-SP) mobiliza 1.238 colaboradores e 323 ve\u00edculos, entre viaturas de combate a inc\u00eandio, caminhonetes, guinchos, vans, motocicletas e papacones (dispositivos de sinaliza\u00e7\u00e3o), posicionados estrategicamente ao longo de todas as rodovias estaduais sob administra\u00e7\u00e3o do Departamento. Entre as a\u00e7\u00f5es previstas est\u00e3o a libera\u00e7\u00e3o de acostamentos, o uso de faixa revers\u00edvel, a opera\u00e7\u00e3o \u201cpare e siga\u201d, al\u00e9m do controle de acessos e desvios operacionais. Os usu\u00e1rios podem acionar o DER-SP 24 horas por dia pelo telefone de emerg\u00eancia 0800-055-5510.<\/p>\n<p>Nas Travessias Litor\u00e2neas, a frota foi ampliada de 29 para 40 embarca\u00e7\u00f5es, com redu\u00e7\u00e3o significativa de equipamentos inoperantes, ajustes operacionais em hor\u00e1rios de pico, melhorias nas esta\u00e7\u00f5es e refor\u00e7o na manuten\u00e7\u00e3o. Com esse refor\u00e7o, a capacidade de transporte de ve\u00edculos cresce de 689 para 923, um aumento de 34%, ampliando a fluidez e a seguran\u00e7a da opera\u00e7\u00e3o. O atendimento a pedestres e ciclistas tamb\u00e9m foi fortalecido. O n\u00famero de lanchas passou de seis para oito unidades, um crescimento de 33%, o que eleva o potencial de atendimento de 1.749 para 2.489 usu\u00e1rios.<\/p>\n<p>\u201cA quest\u00e3o das balsas \u00e9 uma grande demanda que a gente tem nesta \u00e9poca do ano. Vamos ter esse ano a maior capacidade da hist\u00f3ria das travessias, porque a gente vem investindo muito desde 2023, mais de R$ 200 milh\u00f5es, o que no possibilitou ter um aumento de 29 para 40 balsas, 34% a mais de capacidade operacional, trazendo agilidade e conforto para a popula\u00e7\u00e3o e acabando com as longas filas de espera\u201d, disse a secret\u00e1ria do Meio Ambiente de S\u00e3o Paulo, Nat\u00e1lia Resende.<\/p>\n<p>A Cetesb mant\u00e9m a opera\u00e7\u00e3o permanente do Programa de Monitoramento da Qualidade das Praias, com acompanhamento semanal de 175 praias em 15 munic\u00edpios, divulga\u00e7\u00e3o cont\u00ednua dos resultados e suporte t\u00e9cnico \u00e0s prefeituras, com foco na prote\u00e7\u00e3o da sa\u00fade dos banhistas e na gest\u00e3o ambiental. \u00c9 poss\u00edvel conferir a qualidade das praias no site da Companhia.<\/p>\n<p>A Semil tamb\u00e9m traz para as 16 praias do litoral o projeto de Educa\u00e7\u00e3o Ambinetal Ver\u00e3o no Clima, circuito itinerante que est\u00e1 percorrendo 16 munic\u00edpios com a\u00e7\u00f5es de conscientiza\u00e7\u00e3o ambiental, mutir\u00f5es de limpeza de praias, oficinas, atividades culturais e esportivas gratuitas, al\u00e9m de ativa\u00e7\u00f5es educativas sobre o uso racional da \u00e1gua. O evento teve a primeira etapa em Itanha\u00e9m em dezembro e segue at\u00e9 mar\u00e7o. O calend\u00e1rio pode ser conferido no Instagram, no @veraonoclima.<\/p>\n<h2 class=\"wp-block-heading\"><strong>Rodovias<\/strong><\/h2>\n<p>A Superintend\u00eancia de Transportes Coletivos intensificar\u00e1 a fiscaliza\u00e7\u00e3o do transporte intermunicipal e rodovi\u00e1rio de passageiros, regular e fretado, com mais de 70 fiscais em opera\u00e7\u00e3o, apoio de 59 viaturas e atua\u00e7\u00e3o integrada com a Pol\u00edcia Militar e a Pol\u00edcia Militar Rodovi\u00e1ria, priorizando os deslocamentos para cidades litor\u00e2neas e est\u00e2ncias tur\u00edsticas.<\/p>\n<p>As concession\u00e1rias reguladas pela Ag\u00eancia de Transporte do Estado de S\u00e3o Paulo (Artesp) estruturaram a\u00e7\u00f5es espec\u00edficas voltadas \u00e0 fluidez do tr\u00e1fego e \u00e0 seguran\u00e7a vi\u00e1ria durante o per\u00edodo.<\/p>\n<p>No Sistema Anchieta-Imigrantes, haver\u00e1 aumento de recursos operacionais, como guinchos e equipes de inspe\u00e7\u00e3o de tr\u00e1fego, al\u00e9m da possibilidade de opera\u00e7\u00f5es especiais de revers\u00e3o de pistas na Serra, como os esquemas 7\u00d73 e 2\u00d78, de acordo com a demanda monitorada pela Ecovias. J\u00e1 a Rodovia dos Tamoios manter\u00e1 o esquema padr\u00e3o com duas faixas para subida e duas para descida. Outras rodovias de acesso ao litoral, como a SP-055 e a SP-098, tamb\u00e9m poder\u00e3o contar com opera\u00e7\u00f5es especiais para melhoria da fluidez.<\/p>\n<p>A Motiva far\u00e1 ativa\u00e7\u00f5es em postos de servi\u00e7os ao longo de seus trechos concedidos, com est\u00edmulo ao uso de TAGs e caixas eletr\u00f4nicos, reduzindo filas e tempos de parada. A concession\u00e1ria tamb\u00e9m intensificar\u00e1 campanhas educativas de seguran\u00e7a vi\u00e1ria, com foco no uso indevido do celular ao volante, em a\u00e7\u00e3o conjunta com a Associa\u00e7\u00e3o Brasileira de Concession\u00e1rias de Rodovias (ABCR).<\/p>\n<p>A Entrevias realizar\u00e1 a\u00e7\u00f5es educativas refor\u00e7ando a orienta\u00e7\u00e3o aos usu\u00e1rios das rodovias. Al\u00e9m disso, a concession\u00e1ria confirmou o aumento do efetivo de equipes operacionais durante os feriados de fim de ano, com amplia\u00e7\u00e3o de guinchos, viaturas de inspe\u00e7\u00e3o e equipes de atendimento, para agilizar o socorro a ve\u00edculos e a libera\u00e7\u00e3o das vias em caso de ocorr\u00eancias.<\/p>\n<p>J\u00e1 a SPMAR definiu um cronograma de campanhas tem\u00e1ticas abordando riscos associados ao uso de celular na dire\u00e7\u00e3o, aos perigos causados por pipas nas comunidades lindeiras \u00e0s rodovias e \u00e0 circula\u00e7\u00e3o ou paradas indevidas no acostamento.<\/p>\n<h2 class=\"wp-block-heading\"><strong>Turismo<\/strong><\/h2>\n<p>A Secretaria de Turismo e Viagens do Estado estima que 16,7 milh\u00f5es de visitantes circulem por S\u00e3o Paulo durante a temporada de ver\u00e3o, entre dezembro de 2025 e fevereiro de 2026, com movimenta\u00e7\u00e3o financeira direta aproximada de R$ 41 bilh\u00f5es.<\/p>\n<p>Levantamento do Centro de Intelig\u00eancia da Economia do Turismo (CIET) aponta que, para 86% dos munic\u00edpios, a pr\u00f3xima temporada ser\u00e1 melhor que a anterior, com expectativa de ocupa\u00e7\u00e3o m\u00e9dia superior a 75%. Nove em cada dez munic\u00edpios planejam eventos ou atra\u00e7\u00f5es para o per\u00edodo, refor\u00e7ando a import\u00e2ncia da Opera\u00e7\u00e3o Ver\u00e3o para o ordenamento e a seguran\u00e7a da atividade tur\u00edstica.<\/p>\n","protected":false},"excerpt":{"rendered":"<p>Para o Litoral Norte vir\u00e3o 861 policiais militares atuar no per\u00edodo. &nbsp; O Governo de S\u00e3o Paulo deu in\u00edcio neste s\u00e1bado (20), em Bertioga, \u00e0 Opera\u00e7\u00e3o Ver\u00e3o Integrada, uma a\u00e7\u00e3o in\u00e9dita e intersetorial para refor\u00e7ar a seguran\u00e7a, sa\u00fade, mobilidade e prote\u00e7\u00e3o ambiental no litoral paulista durante o per\u00edodo de maior fluxo de turistas. S\u00e3o R$ [&hellip;]<\/p>\n","protected":false},"author":26,"featured_media":41323,"comment_status":"open","ping_status":"open","sticky":false,"template":"","format":"standard","meta":{"footnotes":""},"categories":[82,8,83,3,80,16,13,21,14],"tags":[],"class_list":["post-41320","post","type-post","status-publish","format-standard","has-post-thumbnail","hentry","category-bertioga","category-caraguatatuba","category-guaruja","category-ilhabela","category-litoral-norte","category-politica","category-sao-sebastiao","category-seguranca","category-ubatuba"],"aioseo_notices":[],"_links":{"self":[{"href":"https:\/\/lrm67.com\/index.php\/wp-json\/wp\/v2\/posts\/41320","targetHints":{"allow":["GET"]}}],"collection":[{"href":"https:\/\/lrm67.com\/index.php\/wp-json\/wp\/v2\/posts"}],"about":[{"href":"https:\/\/lrm67.com\/index.php\/wp-json\/wp\/v2\/types\/post"}],"author":[{"embeddable":true,"href":"https:\/\/lrm67.com\/index.php\/wp-json\/wp\/v2\/users\/26"}],"replies":[{"embeddable":true,"href":"https:\/\/lrm67.com\/index.php\/wp-json\/wp\/v2\/comments?post=41320"}],"version-history":[{"count":1,"href":"https:\/\/lrm67.com\/index.php\/wp-json\/wp\/v2\/posts\/41320\/revisions"}],"predecessor-version":[{"id":41324,"href":"https:\/\/lrm67.com\/index.php\/wp-json\/wp\/v2\/posts\/41320\/revisions\/41324"}],"wp:featuredmedia":[{"embeddable":true,"href":"https:\/\/lrm67.com\/index.php\/wp-json\/wp\/v2\/media\/41323"}],"wp:attachment":[{"href":"https:\/\/lrm67.com\/index.php\/wp-json\/wp\/v2\/media?parent=41320"}],"wp:term":[{"taxonomy":"category","embeddable":true,"href":"https:\/\/lrm67.com\/index.php\/wp-json\/wp\/v2\/categories?post=41320"},{"taxonomy":"post_tag","embeddable":true,"href":"https:\/\/lrm67.com\/index.php\/wp-json\/wp\/v2\/tags?post=41320"}],"curies":[{"name":"wp","href":"https:\/\/api.w.org\/{rel}","templated":true}]}}