{"id":41052,"date":"2025-12-12T12:18:15","date_gmt":"2025-12-12T15:18:15","guid":{"rendered":"https:\/\/lrm67.com\/?p=41052"},"modified":"2025-12-12T12:21:07","modified_gmt":"2025-12-12T15:21:07","slug":"rmvale-se-prepara-para-calor-intenso-e-pancadas-de-chuva-neste-fim-de-semana","status":"publish","type":"post","link":"https:\/\/lrm67.com\/index.php\/2025\/12\/12\/rmvale-se-prepara-para-calor-intenso-e-pancadas-de-chuva-neste-fim-de-semana\/","title":{"rendered":"RMVale se prepara para calor intenso e pancadas de chuva neste fim de semana"},"content":{"rendered":"<p><strong>Por Danilo Costa<\/strong><\/p>\n<p>&nbsp;<\/p>\n<p>A RMVale deve enfrentar um fim de semana marcado pela combina\u00e7\u00e3o de calor e instabilidade, com o retorno das pancadas de chuva de ver\u00e3o, segundo previs\u00e3o do Instituto Nacional de Pesquisas Espaciais (INPE).<\/p>\n<p>Ap\u00f3s uma quinta-feira (11) de umidade relativa do ar muito baixa em diversas cidades da regi\u00e3o, em alguns pontos variando entre 25% e 30%, as condi\u00e7\u00f5es atmosf\u00e9ricas come\u00e7am a mudar com o aumento gradual da umidade.<\/p>\n<p>O cen\u00e1rio favorece a forma\u00e7\u00e3o de nuvens carregadas e eleva o potencial de temporais a partir desta sexta-feira (12).<\/p>\n<p>O dia come\u00e7a com temperaturas m\u00ednimas ligeiramente mais amenas devido ao ar seco da madrugada, mas a eleva\u00e7\u00e3o t\u00e9rmica ocorre rapidamente.<\/p>\n<p>As m\u00e1ximas podem variar entre 22\u00b0C a 24\u00b0C na Serra da Mantiqueira, 30\u00b0C e 32\u00b0C no Vale do Para\u00edba e atingir at\u00e9 34\u00b0C no Litoral Norte.<\/p>\n<p>Risco de tempestades localizadas<\/p>\n<p>Com o avan\u00e7o de ar quente e \u00famido, o INPE prev\u00ea pancadas de chuva irregulares, que podem vir acompanhadas de rajadas de vento, descargas el\u00e9tricas e at\u00e9 granizo em \u00e1reas isoladas.<\/p>\n<p>O risco aumenta especialmente entre o fim da tarde e o in\u00edcio da noite. No s\u00e1bado (13), a presen\u00e7a de um cavado atmosf\u00e9rico intensifica a instabilidade.<\/p>\n<p>O tempo fica mais nublado e abafado, com possibilidade de chuva em diferentes per\u00edodos do dia, sobretudo \u00e0 tarde.<\/p>\n<p>As m\u00ednimas sobem para valores entre 20\u00b0C e 22\u00b0C em grande parte do Vale, enquanto as m\u00e1ximas permanecem altas mesmo com maior cobertura de nuvens.<\/p>\n<p>O domingo (14) segue com sensa\u00e7\u00e3o de abafamento e novas pancadas de chuva entre a tarde e \u00e0 noite.<\/p>\n<p>A previs\u00e3o mant\u00e9m o comportamento t\u00edpico da esta\u00e7\u00e3o, com sol, calor e tempestades distribu\u00eddas de forma irregular.<\/p>\n<p>Por fim, o INPE alerta que, a partir de ter\u00e7a-feira (16), a aproxima\u00e7\u00e3o de um sistema frontal no oceano, combinada ao calor na regi\u00e3o, pode gerar acumulados mais elevados de chuva, especialmente no Litoral Norte e partes do Vale, com valores que podem superar 40 a 50 mm.<\/p>\n<p>&nbsp;<\/p>\n<pre>Foto: Reprodu\u00e7\u00e3o \/ Cl\u00e1udio Capucho<\/pre>\n","protected":false},"excerpt":{"rendered":"<p>Por Danilo Costa &nbsp; A RMVale deve enfrentar um fim de semana marcado pela combina\u00e7\u00e3o de calor e instabilidade, com o retorno das pancadas de chuva de ver\u00e3o, segundo previs\u00e3o do Instituto Nacional de Pesquisas Espaciais (INPE). Ap\u00f3s uma quinta-feira (11) de umidade relativa do ar muito baixa em diversas cidades da regi\u00e3o, em alguns [&hellip;]<\/p>\n","protected":false},"author":26,"featured_media":41053,"comment_status":"open","ping_status":"open","sticky":false,"template":"","format":"standard","meta":{"footnotes":""},"categories":[2,80,6,89],"tags":[32,415,202,207],"class_list":["post-41052","post","type-post","status-publish","format-standard","has-post-thumbnail","hentry","category-geral","category-litoral-norte","category-tempo","category-vale-do-paraiba","tag-litoral-norte","tag-serra-da-mantiqueira","tag-tempo","tag-vale-do-paraiba"],"aioseo_notices":[],"_links":{"self":[{"href":"https:\/\/lrm67.com\/index.php\/wp-json\/wp\/v2\/posts\/41052","targetHints":{"allow":["GET"]}}],"collection":[{"href":"https:\/\/lrm67.com\/index.php\/wp-json\/wp\/v2\/posts"}],"about":[{"href":"https:\/\/lrm67.com\/index.php\/wp-json\/wp\/v2\/types\/post"}],"author":[{"embeddable":true,"href":"https:\/\/lrm67.com\/index.php\/wp-json\/wp\/v2\/users\/26"}],"replies":[{"embeddable":true,"href":"https:\/\/lrm67.com\/index.php\/wp-json\/wp\/v2\/comments?post=41052"}],"version-history":[{"count":3,"href":"https:\/\/lrm67.com\/index.php\/wp-json\/wp\/v2\/posts\/41052\/revisions"}],"predecessor-version":[{"id":41056,"href":"https:\/\/lrm67.com\/index.php\/wp-json\/wp\/v2\/posts\/41052\/revisions\/41056"}],"wp:featuredmedia":[{"embeddable":true,"href":"https:\/\/lrm67.com\/index.php\/wp-json\/wp\/v2\/media\/41053"}],"wp:attachment":[{"href":"https:\/\/lrm67.com\/index.php\/wp-json\/wp\/v2\/media?parent=41052"}],"wp:term":[{"taxonomy":"category","embeddable":true,"href":"https:\/\/lrm67.com\/index.php\/wp-json\/wp\/v2\/categories?post=41052"},{"taxonomy":"post_tag","embeddable":true,"href":"https:\/\/lrm67.com\/index.php\/wp-json\/wp\/v2\/tags?post=41052"}],"curies":[{"name":"wp","href":"https:\/\/api.w.org\/{rel}","templated":true}]}}