{"id":40885,"date":"2025-12-08T17:01:00","date_gmt":"2025-12-08T20:01:00","guid":{"rendered":"https:\/\/lrm67.com\/?p=40885"},"modified":"2025-12-08T19:05:23","modified_gmt":"2025-12-08T22:05:23","slug":"mais-de-200-pms-chegam-a-ubatuba-para-a-operacao-verao","status":"publish","type":"post","link":"https:\/\/lrm67.com\/index.php\/2025\/12\/08\/mais-de-200-pms-chegam-a-ubatuba-para-a-operacao-verao\/","title":{"rendered":"Mais de 200 PMs chegam a Ubatuba para a Opera\u00e7\u00e3o Ver\u00e3o"},"content":{"rendered":"<p style=\"font-weight: 400;\">A partir da pr\u00f3xima segunda-feira (15), Ubatuba dar\u00e1 in\u00edcio \u00e0 Opera\u00e7\u00e3o Ver\u00e3o 2025\/2026, que intensificar\u00e1 a seguran\u00e7a no munic\u00edpio durante todo o per\u00edodo da alta temporada. Mais de 200 Policiais Militares ser\u00e3o deslocados para a cidade, permanecendo at\u00e9 mar\u00e7o de 2026 para refor\u00e7ar o patrulhamento preventivo, o atendimento a ocorr\u00eancias e a presen\u00e7a nas \u00e1reas de maior circula\u00e7\u00e3o de moradores e turistas.<\/p>\n<p style=\"font-weight: 400;\">O refor\u00e7o estadual ser\u00e1 complementado por um conjunto de for\u00e7as de seguran\u00e7a, garantindo uma a\u00e7\u00e3o integrada entre diferentes esferas:<\/p>\n<p style=\"font-weight: 400;\">&#8211; Pol\u00edcia Militar: 215 agentes<\/p>\n<p style=\"font-weight: 400;\">&#8211; Corpo de Bombeiros \u2013 Grupamento de Inc\u00eandio: 22 agentes<\/p>\n<p style=\"font-weight: 400;\">&#8211; GBMar \u2013 Grupamento de Bombeiros Mar\u00edtimo: 16 guarda-vidas<\/p>\n<p style=\"font-weight: 400;\">&#8211; Pol\u00edcia Rodovi\u00e1ria Estadual (DER): 19 agentes<\/p>\n<p style=\"font-weight: 400;\">Al\u00e9m do efetivo ampliado, Ubatuba receber\u00e1 30 ve\u00edculos militares, entre carros e motocicletas, aumentando a capacidade de resposta e o alcance das opera\u00e7\u00f5es nos bairros, praias e \u00e1reas mais movimentadas da cidade. A a\u00e7\u00e3o contar\u00e1 tamb\u00e9m com apoio a\u00e9reo do Helic\u00f3ptero \u00c1guia, que auxiliar\u00e1 em salvamentos aqu\u00e1ticos, ocorr\u00eancias emergenciais e no policiamento di\u00e1rio.<\/p>\n<h2 style=\"font-weight: 400;\"><strong>Monitoramento 24h<\/strong><\/h2>\n<p style=\"font-weight: 400;\">A Opera\u00e7\u00e3o Ver\u00e3o contar\u00e1 com o apoio direto da Secretaria de Seguran\u00e7a P\u00fablica. As c\u00e2meras de videomonitoramento funcionar\u00e3o 24 horas por dia, com acompanhamento feito pelos pr\u00f3prios Policiais Militares, permitindo respostas mais r\u00e1pidas e precisas diante de ocorr\u00eancias registradas pela central.<\/p>\n<p style=\"font-weight: 400;\">\u201cO refor\u00e7o da Opera\u00e7\u00e3o Ver\u00e3o representa um ganho enorme para Ubatuba. A uni\u00e3o entre Estado, Uni\u00e3o e munic\u00edpio fortalece nossas a\u00e7\u00f5es e amplia a capacidade de prevenir crimes, organizar o fluxo da cidade e garantir um atendimento mais \u00e1gil. Temos mais efetivo, mais viaturas e agora um monitoramento permanente via COI, o que nos deixa mais preparados para receber moradores e turistas com seguran\u00e7a e responsabilidade\u201d, afirmou o secret\u00e1rio de Seguran\u00e7a P\u00fablica, Nilson Santos.<\/p>\n<h2 style=\"font-weight: 400;\"><strong>A\u00e7\u00e3o integrada e resultados esperados<\/strong><\/h2>\n<p style=\"font-weight: 400;\">A Opera\u00e7\u00e3o Ver\u00e3o 2025\/2026 foi planejada para atender o aumento expressivo de pessoas que visitam Ubatuba nesta \u00e9poca do ano. As equipes atuar\u00e3o:<\/p>\n<p style=\"font-weight: 400;\">&#8211; No patrulhamento preventivo;<\/p>\n<p style=\"font-weight: 400;\">&#8211; No ordenamento vi\u00e1rio;<\/p>\n<p style=\"font-weight: 400;\">&#8211; Na fiscaliza\u00e7\u00e3o das rodovias;<\/p>\n<p style=\"font-weight: 400;\">&#8211; No resgate mar\u00edtimo nas praias;<\/p>\n<p style=\"font-weight: 400;\">&#8211; No atendimento de emerg\u00eancia;<\/p>\n<p style=\"font-weight: 400;\">&#8211; E no monitoramento de \u00e1reas p\u00fablicas por c\u00e2mera.<\/p>\n","protected":false},"excerpt":{"rendered":"<p>A partir da pr\u00f3xima segunda-feira (15), Ubatuba dar\u00e1 in\u00edcio \u00e0 Opera\u00e7\u00e3o Ver\u00e3o 2025\/2026, que intensificar\u00e1 a seguran\u00e7a no munic\u00edpio durante todo o per\u00edodo da alta temporada. Mais de 200 Policiais Militares ser\u00e3o deslocados para a cidade, permanecendo at\u00e9 mar\u00e7o de 2026 para refor\u00e7ar o patrulhamento preventivo, o atendimento a ocorr\u00eancias e a presen\u00e7a nas \u00e1reas [&hellip;]<\/p>\n","protected":false},"author":26,"featured_media":40886,"comment_status":"open","ping_status":"open","sticky":false,"template":"","format":"standard","meta":{"footnotes":""},"categories":[15,14],"tags":[],"class_list":["post-40885","post","type-post","status-publish","format-standard","has-post-thumbnail","hentry","category-policia","category-ubatuba"],"aioseo_notices":[],"_links":{"self":[{"href":"https:\/\/lrm67.com\/index.php\/wp-json\/wp\/v2\/posts\/40885","targetHints":{"allow":["GET"]}}],"collection":[{"href":"https:\/\/lrm67.com\/index.php\/wp-json\/wp\/v2\/posts"}],"about":[{"href":"https:\/\/lrm67.com\/index.php\/wp-json\/wp\/v2\/types\/post"}],"author":[{"embeddable":true,"href":"https:\/\/lrm67.com\/index.php\/wp-json\/wp\/v2\/users\/26"}],"replies":[{"embeddable":true,"href":"https:\/\/lrm67.com\/index.php\/wp-json\/wp\/v2\/comments?post=40885"}],"version-history":[{"count":1,"href":"https:\/\/lrm67.com\/index.php\/wp-json\/wp\/v2\/posts\/40885\/revisions"}],"predecessor-version":[{"id":40887,"href":"https:\/\/lrm67.com\/index.php\/wp-json\/wp\/v2\/posts\/40885\/revisions\/40887"}],"wp:featuredmedia":[{"embeddable":true,"href":"https:\/\/lrm67.com\/index.php\/wp-json\/wp\/v2\/media\/40886"}],"wp:attachment":[{"href":"https:\/\/lrm67.com\/index.php\/wp-json\/wp\/v2\/media?parent=40885"}],"wp:term":[{"taxonomy":"category","embeddable":true,"href":"https:\/\/lrm67.com\/index.php\/wp-json\/wp\/v2\/categories?post=40885"},{"taxonomy":"post_tag","embeddable":true,"href":"https:\/\/lrm67.com\/index.php\/wp-json\/wp\/v2\/tags?post=40885"}],"curies":[{"name":"wp","href":"https:\/\/api.w.org\/{rel}","templated":true}]}}