{"id":40865,"date":"2025-12-08T17:40:44","date_gmt":"2025-12-08T20:40:44","guid":{"rendered":"https:\/\/lrm67.com\/?p=40865"},"modified":"2025-12-08T17:40:44","modified_gmt":"2025-12-08T20:40:44","slug":"rodovia-dos-tamoios-tera-fechamentos-noturnos-nos-tuneis-dos-contornos-a-partir-desta-segunda-8","status":"publish","type":"post","link":"https:\/\/lrm67.com\/index.php\/2025\/12\/08\/rodovia-dos-tamoios-tera-fechamentos-noturnos-nos-tuneis-dos-contornos-a-partir-desta-segunda-8\/","title":{"rendered":"Rodovia dos Tamoios ter\u00e1 fechamentos noturnos nos t\u00faneis dos contornos a partir desta segunda (8)"},"content":{"rendered":"<p><strong>Por Danilo Costa<\/strong><\/p>\n<p>&nbsp;<\/p>\n<p>A Rodovia dos Tamoios, principal liga\u00e7\u00e3o entre o Vale do Para\u00edba e o Litoral Norte, ter\u00e1 mudan\u00e7as na circula\u00e7\u00e3o durante as noites desta semana por conta de uma nova etapa de manuten\u00e7\u00e3o preventiva nos t\u00faneis dos contornos Norte e Sul.<\/p>\n<p>Os ajustes come\u00e7am nesta segunda-feira (8) e seguem sempre entre 22h e 6h.<\/p>\n<p>As interven\u00e7\u00f5es fazem parte do cronograma peri\u00f3dico adotado pela concession\u00e1ria para preservar as estruturas e manter o sistema vi\u00e1rio em condi\u00e7\u00f5es adequadas de seguran\u00e7a, especialmente neste per\u00edodo que antecede o aumento de movimento rumo \u00e0s praias.<\/p>\n<p>No Contorno Sul, o primeiro a receber a equipe t\u00e9cnica nesta segunda-feira, apenas um t\u00fanel ser\u00e1 interditado por vez.<\/p>\n<p>Com isso, os motoristas seguir\u00e3o em m\u00e3o dupla pelo t\u00fanel ao lado, evitando bloqueio total do trecho e permitindo que o fluxo permane\u00e7a cont\u00ednuo, mesmo durante os trabalhos.<\/p>\n<p>A programa\u00e7\u00e3o prev\u00ea fechamentos alternados ao longo da semana, sempre com desvios internos e sem previs\u00e3o de paralisa\u00e7\u00e3o completa da rodovia.<\/p>\n<p>&nbsp;<\/p>\n<pre>Foto: Divulga\u00e7\u00e3o<\/pre>\n","protected":false},"excerpt":{"rendered":"<p>Por Danilo Costa &nbsp; A Rodovia dos Tamoios, principal liga\u00e7\u00e3o entre o Vale do Para\u00edba e o Litoral Norte, ter\u00e1 mudan\u00e7as na circula\u00e7\u00e3o durante as noites desta semana por conta de uma nova etapa de manuten\u00e7\u00e3o preventiva nos t\u00faneis dos contornos Norte e Sul. Os ajustes come\u00e7am nesta segunda-feira (8) e seguem sempre entre 22h [&hellip;]<\/p>\n","protected":false},"author":26,"featured_media":40863,"comment_status":"open","ping_status":"open","sticky":false,"template":"","format":"standard","meta":{"footnotes":""},"categories":[2,80,78,89],"tags":[32,205,207],"class_list":["post-40865","post","type-post","status-publish","format-standard","has-post-thumbnail","hentry","category-geral","category-litoral-norte","category-transito","category-vale-do-paraiba","tag-litoral-norte","tag-transito","tag-vale-do-paraiba"],"aioseo_notices":[],"_links":{"self":[{"href":"https:\/\/lrm67.com\/index.php\/wp-json\/wp\/v2\/posts\/40865","targetHints":{"allow":["GET"]}}],"collection":[{"href":"https:\/\/lrm67.com\/index.php\/wp-json\/wp\/v2\/posts"}],"about":[{"href":"https:\/\/lrm67.com\/index.php\/wp-json\/wp\/v2\/types\/post"}],"author":[{"embeddable":true,"href":"https:\/\/lrm67.com\/index.php\/wp-json\/wp\/v2\/users\/26"}],"replies":[{"embeddable":true,"href":"https:\/\/lrm67.com\/index.php\/wp-json\/wp\/v2\/comments?post=40865"}],"version-history":[{"count":1,"href":"https:\/\/lrm67.com\/index.php\/wp-json\/wp\/v2\/posts\/40865\/revisions"}],"predecessor-version":[{"id":40866,"href":"https:\/\/lrm67.com\/index.php\/wp-json\/wp\/v2\/posts\/40865\/revisions\/40866"}],"wp:featuredmedia":[{"embeddable":true,"href":"https:\/\/lrm67.com\/index.php\/wp-json\/wp\/v2\/media\/40863"}],"wp:attachment":[{"href":"https:\/\/lrm67.com\/index.php\/wp-json\/wp\/v2\/media?parent=40865"}],"wp:term":[{"taxonomy":"category","embeddable":true,"href":"https:\/\/lrm67.com\/index.php\/wp-json\/wp\/v2\/categories?post=40865"},{"taxonomy":"post_tag","embeddable":true,"href":"https:\/\/lrm67.com\/index.php\/wp-json\/wp\/v2\/tags?post=40865"}],"curies":[{"name":"wp","href":"https:\/\/api.w.org\/{rel}","templated":true}]}}