{"id":40775,"date":"2025-12-04T19:59:33","date_gmt":"2025-12-04T22:59:33","guid":{"rendered":"https:\/\/lrm67.com\/?p=40775"},"modified":"2025-12-04T19:59:33","modified_gmt":"2025-12-04T22:59:33","slug":"caraguatatuba-recebe-primeira-edicao-do-pedal-ecologico-neste-domingo","status":"publish","type":"post","link":"https:\/\/lrm67.com\/index.php\/2025\/12\/04\/caraguatatuba-recebe-primeira-edicao-do-pedal-ecologico-neste-domingo\/","title":{"rendered":"Caraguatatuba recebe primeira edi\u00e7\u00e3o do Pedal Ecol\u00f3gico neste domingo"},"content":{"rendered":"<p>Caraguatatuba realiza neste domingo (7), a primeira edi\u00e7\u00e3o do Pedal Ecol\u00f3gico, com sa\u00edda a partir das 8h, na Pra\u00e7a do Coreto do bairro Barranco Alto. O evento tem o objetivo de incentivar a pr\u00e1tica do ciclismo, promover h\u00e1bitos saud\u00e1veis e valorizar o contato com a natureza por meio de um percurso integrado \u00e0s \u00e1reas verdes do munic\u00edpio.<\/p>\n<p>O trajeto total ter\u00e1 30 quil\u00f4metros, com 15 km de ida e 15 km de volta, incluindo uma parada no Centro Comunit\u00e1rio do Po\u00e7o das Antas para descanso e hidrata\u00e7\u00e3o dos participantes. Ap\u00f3s o ponto de apoio, o grupo retorna ao local de partida, concluindo o percurso planejado.<\/p>\n<p>A concentra\u00e7\u00e3o ser\u00e1 na Pra\u00e7a do Coreto do Barranco Alto, com a largada marcada para a Avenida C\u00e2ndido de Souza, seguindo pela Jos\u00e9 Caetano de Oliveira e acessando a Estrada do Rio Claro, no sentido do Po\u00e7o das Antas.<\/p>\n<p>A organiza\u00e7\u00e3o orienta todos os participantes a levarem\u00a0<em>squeeze<\/em>\u00a0ou garrafa para hidrata\u00e7\u00e3o, j\u00e1 que haver\u00e1 pontos de abastecimento ao longo do local de sa\u00edda e no percurso.<\/p>\n<p>O Pedal Ecol\u00f3gico \u00e9 realizado pelo Governo Municipal, por meio da Secretaria de Esportes e Recrea\u00e7\u00e3o.<\/p>\n<p>&nbsp;<\/p>\n<pre>Foto: Donizete Machado\/PMC<\/pre>\n","protected":false},"excerpt":{"rendered":"<p>Caraguatatuba realiza neste domingo (7), a primeira edi\u00e7\u00e3o do Pedal Ecol\u00f3gico, com sa\u00edda a partir das 8h, na Pra\u00e7a do Coreto do bairro Barranco Alto. O evento tem o objetivo de incentivar a pr\u00e1tica do ciclismo, promover h\u00e1bitos saud\u00e1veis e valorizar o contato com a natureza por meio de um percurso integrado \u00e0s \u00e1reas verdes [&hellip;]<\/p>\n","protected":false},"author":26,"featured_media":40776,"comment_status":"open","ping_status":"open","sticky":false,"template":"","format":"standard","meta":{"footnotes":""},"categories":[8,7,11,12,18],"tags":[17,252,132,23],"class_list":["post-40775","post","type-post","status-publish","format-standard","has-post-thumbnail","hentry","category-caraguatatuba","category-destaque","category-esportes","category-eventos","category-meio-ambiente","tag-caraguatatuba","tag-esportes","tag-eventos","tag-meio-ambiente"],"aioseo_notices":[],"_links":{"self":[{"href":"https:\/\/lrm67.com\/index.php\/wp-json\/wp\/v2\/posts\/40775","targetHints":{"allow":["GET"]}}],"collection":[{"href":"https:\/\/lrm67.com\/index.php\/wp-json\/wp\/v2\/posts"}],"about":[{"href":"https:\/\/lrm67.com\/index.php\/wp-json\/wp\/v2\/types\/post"}],"author":[{"embeddable":true,"href":"https:\/\/lrm67.com\/index.php\/wp-json\/wp\/v2\/users\/26"}],"replies":[{"embeddable":true,"href":"https:\/\/lrm67.com\/index.php\/wp-json\/wp\/v2\/comments?post=40775"}],"version-history":[{"count":1,"href":"https:\/\/lrm67.com\/index.php\/wp-json\/wp\/v2\/posts\/40775\/revisions"}],"predecessor-version":[{"id":40777,"href":"https:\/\/lrm67.com\/index.php\/wp-json\/wp\/v2\/posts\/40775\/revisions\/40777"}],"wp:featuredmedia":[{"embeddable":true,"href":"https:\/\/lrm67.com\/index.php\/wp-json\/wp\/v2\/media\/40776"}],"wp:attachment":[{"href":"https:\/\/lrm67.com\/index.php\/wp-json\/wp\/v2\/media?parent=40775"}],"wp:term":[{"taxonomy":"category","embeddable":true,"href":"https:\/\/lrm67.com\/index.php\/wp-json\/wp\/v2\/categories?post=40775"},{"taxonomy":"post_tag","embeddable":true,"href":"https:\/\/lrm67.com\/index.php\/wp-json\/wp\/v2\/tags?post=40775"}],"curies":[{"name":"wp","href":"https:\/\/api.w.org\/{rel}","templated":true}]}}