{"id":40769,"date":"2025-12-04T18:30:18","date_gmt":"2025-12-04T21:30:18","guid":{"rendered":"https:\/\/lrm67.com\/?p=40769"},"modified":"2025-12-04T18:32:05","modified_gmt":"2025-12-04T21:32:05","slug":"prefeitura-de-ilhabela-e-pioneira-na-regiao-e-lanca-marco-regulamentario-da-politica-da-educacao-integral-em-tempo-integral","status":"publish","type":"post","link":"https:\/\/lrm67.com\/index.php\/2025\/12\/04\/prefeitura-de-ilhabela-e-pioneira-na-regiao-e-lanca-marco-regulamentario-da-politica-da-educacao-integral-em-tempo-integral\/","title":{"rendered":"Prefeitura de Ilhabela \u00e9 pioneira na regi\u00e3o e lan\u00e7a marco regulament\u00e1rio da Pol\u00edtica da Educa\u00e7\u00e3o Integral em Tempo Integral"},"content":{"rendered":"<p>A Prefeitura de Ilhabela lan\u00e7a, na segunda-feira (8), o Marco Regulament\u00e1rio da Pol\u00edtica da Educa\u00e7\u00e3o Integral em Tempo Integral, uma iniciativa que vai atender 3.589 alunos e posicionar o munic\u00edpio como pioneiro na regi\u00e3o. Com essa a\u00e7\u00e3o, Ilhabela sai \u00e0 frente e refor\u00e7a seu compromisso com uma educa\u00e7\u00e3o mais completa e transformadora.<\/p>\n<p>As novas medidas v\u00e3o impactar 89% da rede municipal de ensino de Ilhabela e contemplar 25 escolas, sendo 15 de Educa\u00e7\u00e3o Infantil e 11 de Fundamental I (anos iniciais). Al\u00e9m da base curricular j\u00e1 existente, o decreto formaliza a inclus\u00e3o de pr\u00e1ticas culturais, atividades sustent\u00e1veis, playtime em ingl\u00eas, educa\u00e7\u00e3o digital, educa\u00e7\u00e3o socioemocional e pr\u00e1ticas esportivas no dia a dia das unidades. A mudan\u00e7a amplia oportunidades e fortalece a forma\u00e7\u00e3o integral dos estudantes da cidade.<\/p>\n<p>Em reuni\u00e3o realizada na Secretaria de Educa\u00e7\u00e3o nesta quinta-feira (4), foram definidos os \u00faltimos detalhes para a apresenta\u00e7\u00e3o e assinatura do decreto. Participaram do encontro o secret\u00e1rio de Educa\u00e7\u00e3o, F\u00e1bio Merlin; o secret\u00e1rio adjunto, Professor Diego Serena; o secret\u00e1rio de Esporte e Lazer, Gabriel Rocha; o secret\u00e1rio de Cultura, Marquinhos Guti; a secret\u00e1ria de Sa\u00fade, L\u00facia Reale; al\u00e9m de representantes das secretarias de Meio Ambiente e de Desenvolvimento e Inclus\u00e3o Social.<\/p>\n<p>O secret\u00e1rio de Educa\u00e7\u00e3o, F\u00e1bio Merlin, destacou a import\u00e2ncia da regulamenta\u00e7\u00e3o. \u201cO decreto \u00e9 um marco para a nossa educa\u00e7\u00e3o. Ilhabela, mais uma vez, assume a dianteira ao implementar uma pol\u00edtica que valoriza o desenvolvimento integral dos nossos estudantes. Essa \u00e9 a vis\u00e3o do nosso prefeito Toninho Colucci, que coloca Ilhabela como refer\u00eancia na constru\u00e7\u00e3o de um ensino mais humano e inclusivo\u201d, afirmou.<\/p>\n<blockquote><p>\u201cEsse momento mostra como o trabalho conjunto faz a diferen\u00e7a. A uni\u00e3o entre as secretarias fortalece nossas a\u00e7\u00f5es e garante que cada passo dado na educa\u00e7\u00e3o seja s\u00f3lido, integrado e pensado para acolher melhor nossos estudantes\u201d, declarou o Professor Diego Serena, secret\u00e1rio adjunto de Educa\u00e7\u00e3o.<\/p><\/blockquote>\n<p>Na perspectiva da rede municipal de Ilhabela, a Educa\u00e7\u00e3o Integral em Tempo Integral passa, com o documento, a assumir o car\u00e1ter de uma pol\u00edtica p\u00fablica estruturante e territorializada. Ela se orienta pelos princ\u00edpios da integralidade, equidade, justi\u00e7a curricular, diversidade, interculturalidade, sustentabilidade, justi\u00e7a ambiental, democracia e gest\u00e3o participativa, consolidando um projeto educacional que valoriza as m\u00faltiplas dimens\u00f5es dos estudantes e do territ\u00f3rio.<\/p>\n<p>A regulamenta\u00e7\u00e3o \u00e9 baseada na resolu\u00e7\u00e3o CNE\/CEB n\u00ba 7\/2025, lan\u00e7ada em 4 de agosto de 2025 pelo Conselho Nacional de Educa\u00e7\u00e3o (CNE), por meio da C\u00e2mara de Educa\u00e7\u00e3o B\u00e1sica (CEB).<\/p>\n","protected":false},"excerpt":{"rendered":"<p>A Prefeitura de Ilhabela lan\u00e7a, na segunda-feira (8), o Marco Regulament\u00e1rio da Pol\u00edtica da Educa\u00e7\u00e3o Integral em Tempo Integral, uma iniciativa que vai atender 3.589 alunos e posicionar o munic\u00edpio como pioneiro na regi\u00e3o. Com essa a\u00e7\u00e3o, Ilhabela sai \u00e0 frente e refor\u00e7a seu compromisso com uma educa\u00e7\u00e3o mais completa e transformadora. As novas medidas [&hellip;]<\/p>\n","protected":false},"author":26,"featured_media":40771,"comment_status":"open","ping_status":"open","sticky":false,"template":"","format":"standard","meta":{"footnotes":""},"categories":[19,3,16],"tags":[110,33,114,309],"class_list":["post-40769","post","type-post","status-publish","format-standard","has-post-thumbnail","hentry","category-educacao","category-ilhabela","category-politica","tag-educacao","tag-ilhabela","tag-politica","tag-secretaria-de-educacao"],"aioseo_notices":[],"_links":{"self":[{"href":"https:\/\/lrm67.com\/index.php\/wp-json\/wp\/v2\/posts\/40769","targetHints":{"allow":["GET"]}}],"collection":[{"href":"https:\/\/lrm67.com\/index.php\/wp-json\/wp\/v2\/posts"}],"about":[{"href":"https:\/\/lrm67.com\/index.php\/wp-json\/wp\/v2\/types\/post"}],"author":[{"embeddable":true,"href":"https:\/\/lrm67.com\/index.php\/wp-json\/wp\/v2\/users\/26"}],"replies":[{"embeddable":true,"href":"https:\/\/lrm67.com\/index.php\/wp-json\/wp\/v2\/comments?post=40769"}],"version-history":[{"count":1,"href":"https:\/\/lrm67.com\/index.php\/wp-json\/wp\/v2\/posts\/40769\/revisions"}],"predecessor-version":[{"id":40772,"href":"https:\/\/lrm67.com\/index.php\/wp-json\/wp\/v2\/posts\/40769\/revisions\/40772"}],"wp:featuredmedia":[{"embeddable":true,"href":"https:\/\/lrm67.com\/index.php\/wp-json\/wp\/v2\/media\/40771"}],"wp:attachment":[{"href":"https:\/\/lrm67.com\/index.php\/wp-json\/wp\/v2\/media?parent=40769"}],"wp:term":[{"taxonomy":"category","embeddable":true,"href":"https:\/\/lrm67.com\/index.php\/wp-json\/wp\/v2\/categories?post=40769"},{"taxonomy":"post_tag","embeddable":true,"href":"https:\/\/lrm67.com\/index.php\/wp-json\/wp\/v2\/tags?post=40769"}],"curies":[{"name":"wp","href":"https:\/\/api.w.org\/{rel}","templated":true}]}}