{"id":40758,"date":"2025-12-04T16:26:02","date_gmt":"2025-12-04T19:26:02","guid":{"rendered":"https:\/\/lrm67.com\/?p=40758"},"modified":"2025-12-04T16:26:02","modified_gmt":"2025-12-04T19:26:02","slug":"asm-surf-festival-exibe-alto-nivel-dos-surfistas-sebastianenses-e-conta-com-participacao-de-gabriel-medina","status":"publish","type":"post","link":"https:\/\/lrm67.com\/index.php\/2025\/12\/04\/asm-surf-festival-exibe-alto-nivel-dos-surfistas-sebastianenses-e-conta-com-participacao-de-gabriel-medina\/","title":{"rendered":"ASM Surf Festival exibe alto n\u00edvel dos surfistas sebastianenses e conta com participa\u00e7\u00e3o de Gabriel Medina"},"content":{"rendered":"<p>A entrada 15 da Praia de Maresias, localizada na Costa Sul de S\u00e3o Sebasti\u00e3o, recebeu, na quarta-feira (3\/12) mais uma grande competi\u00e7\u00e3o do surfe local, o ASM Surf Festival, que teve participa\u00e7\u00e3o do tricampe\u00e3o mundial Gabriel Medina que ficou com a 4\u00aa coloca\u00e7\u00e3o na categoria Pro\/Masculino.<\/p>\n<p>As categorias disputadas foram a Pro\/Amador (Masculino e Feminino), Supwave, Master e Longboard. A categoria Pro\/Am deu uma premia\u00e7\u00e3o em dinheiro de R$ 7 mil para os primeiros colocados.<\/p>\n<p>Medina relembrou que foi nessa competi\u00e7\u00e3o que come\u00e7ou a carreira ainda crian\u00e7a e afirmou que \u00e9 sempre um prazer surfar em casa. \u201cEu sei o que esses meninos sonham, pois eu j\u00e1 passei por esse desejo e gra\u00e7as a Deus cheguei em lugar muito legal na minha vida atrav\u00e9s desse esporte. Espero que eles consigam conquistar o objetivo deles, pois nada \u00e9 imposs\u00edvel\u201d, disse o atleta.<\/p>\n<p>As performances com n\u00edveis t\u00e9cnicos elevados consagraram como campe\u00f5es Jefson Silva, na categoria Longboard; Leandro Martins foi o vencedor da categoria Master; Mayara Zampiere conquistou a lideran\u00e7a da categoria Pro\/Feminino; Renan Pulga sagrou-se campe\u00e3o da categoria Pro\/Masculino, j\u00e1 M\u00e1rcio Grilo, refer\u00eancia no Stand-up, venceu a categoria Supwave, resultados que refor\u00e7am a qualidade dos atletas e a competitividade da disputa.<\/p>\n<p>O tradicional evento foi organizado pela Associa\u00e7\u00e3o de Surf de Maresias (ASM), com apoio da Prefeitura de S\u00e3o Sebasti\u00e3o, por meio da Secretaria de Esportes (Seesp), e da Associa\u00e7\u00e3o de Surf de S\u00e3o Sebasti\u00e3o (ASSS).<\/p>\n<p>A Associa\u00e7\u00e3o de Surf de Maresias teve o seu registro oficial realizado em 2006, por\u00e9m, j\u00e1 trabalhava desde os prim\u00f3rdios do surfe na cidade. O principal intuito da organiza\u00e7\u00e3o \u00e9 pelo desenvolvimento do esporte, preserva\u00e7\u00e3o do meio ambiente e pela promo\u00e7\u00e3o da cidadania.<\/p>\n<p>&nbsp;<\/p>\n<p><strong>P\u00f3dio de todas as categorias do ASM Surf Festival:<\/strong><\/p>\n<p><strong>Categoria Longboard<\/strong><\/p>\n<p>1\u00ba lugar &#8211; Jefson Silva<br \/>\n2\u00ba lugar &#8211; Carlos Bahia<br \/>\n3\u00ba lugar &#8211; Caio Costa<br \/>\n4\u00ba lugar &#8211; Hideke Duarte<\/p>\n<p><strong>Categoria Master <\/strong><br \/>\n1\u00balugar &#8211; Leandro Martins<br \/>\n2\u00ba lugar &#8211; Lucas Felipe<br \/>\n3\u00ba lugar &#8211; F\u00e1bio Andrade<br \/>\n4\u00ba lugar &#8211; Cristiano Ros\u00e1rio<\/p>\n<p><strong>Categoria Pro\/Feminino <\/strong><br \/>\n1\u00ba lugar &#8211; Mayara Zampiere<br \/>\n2\u00ba lugar &#8211; Isabelly Knut<br \/>\n3\u00ba lugar &#8211; Luana Reis<br \/>\n4\u00ba lugar &#8211; Sophia Gon\u00e7alves<\/p>\n<p><strong>Categoria Pro\/Masculino <\/strong><br \/>\n1\u00ba lugar &#8211; Renan Pulga<br \/>\n2\u00ba lugar &#8211; Murilo Coura<br \/>\n3\u00ba lugar &#8211; Caio Costa<br \/>\n4\u00ba lugar &#8211; Gabriel Medina<\/p>\n<p><strong>Categoria Supwave <\/strong><br \/>\n1\u00ba lugar \u2013 M\u00e1rcio Grilo<br \/>\n2\u00ba lugar \u2013 Gabriela Sztamfater<br \/>\n3\u00ba lugar \u2013 Alex Durant Pinto<br \/>\n4\u00ba lugar \u2013 Leandro Alem\u00e3o<\/p>\n<p>&nbsp;<\/p>\n<p><img fetchpriority=\"high\" decoding=\"async\" class=\"alignnone size-full wp-image-40759\" src=\"https:\/\/lrm67.com\/wp-content\/uploads\/2025\/12\/WhatsApp-Image-2025-12-04-at-15.33.51.jpeg\" alt=\"\" width=\"790\" height=\"608\" srcset=\"https:\/\/lrm67.com\/wp-content\/uploads\/2025\/12\/WhatsApp-Image-2025-12-04-at-15.33.51.jpeg 790w, https:\/\/lrm67.com\/wp-content\/uploads\/2025\/12\/WhatsApp-Image-2025-12-04-at-15.33.51-300x231.jpeg 300w, https:\/\/lrm67.com\/wp-content\/uploads\/2025\/12\/WhatsApp-Image-2025-12-04-at-15.33.51-768x591.jpeg 768w\" sizes=\"(max-width: 790px) 100vw, 790px\" \/><\/p>\n","protected":false},"excerpt":{"rendered":"<p>A entrada 15 da Praia de Maresias, localizada na Costa Sul de S\u00e3o Sebasti\u00e3o, recebeu, na quarta-feira (3\/12) mais uma grande competi\u00e7\u00e3o do surfe local, o ASM Surf Festival, que teve participa\u00e7\u00e3o do tricampe\u00e3o mundial Gabriel Medina que ficou com a 4\u00aa coloca\u00e7\u00e3o na categoria Pro\/Masculino. As categorias disputadas foram a Pro\/Amador (Masculino e Feminino), [&hellip;]<\/p>\n","protected":false},"author":26,"featured_media":40760,"comment_status":"open","ping_status":"open","sticky":false,"template":"","format":"standard","meta":{"footnotes":""},"categories":[11,12,13],"tags":[252,132,22],"class_list":["post-40758","post","type-post","status-publish","format-standard","has-post-thumbnail","hentry","category-esportes","category-eventos","category-sao-sebastiao","tag-esportes","tag-eventos","tag-sao-sebastiao"],"aioseo_notices":[],"_links":{"self":[{"href":"https:\/\/lrm67.com\/index.php\/wp-json\/wp\/v2\/posts\/40758","targetHints":{"allow":["GET"]}}],"collection":[{"href":"https:\/\/lrm67.com\/index.php\/wp-json\/wp\/v2\/posts"}],"about":[{"href":"https:\/\/lrm67.com\/index.php\/wp-json\/wp\/v2\/types\/post"}],"author":[{"embeddable":true,"href":"https:\/\/lrm67.com\/index.php\/wp-json\/wp\/v2\/users\/26"}],"replies":[{"embeddable":true,"href":"https:\/\/lrm67.com\/index.php\/wp-json\/wp\/v2\/comments?post=40758"}],"version-history":[{"count":1,"href":"https:\/\/lrm67.com\/index.php\/wp-json\/wp\/v2\/posts\/40758\/revisions"}],"predecessor-version":[{"id":40763,"href":"https:\/\/lrm67.com\/index.php\/wp-json\/wp\/v2\/posts\/40758\/revisions\/40763"}],"wp:featuredmedia":[{"embeddable":true,"href":"https:\/\/lrm67.com\/index.php\/wp-json\/wp\/v2\/media\/40760"}],"wp:attachment":[{"href":"https:\/\/lrm67.com\/index.php\/wp-json\/wp\/v2\/media?parent=40758"}],"wp:term":[{"taxonomy":"category","embeddable":true,"href":"https:\/\/lrm67.com\/index.php\/wp-json\/wp\/v2\/categories?post=40758"},{"taxonomy":"post_tag","embeddable":true,"href":"https:\/\/lrm67.com\/index.php\/wp-json\/wp\/v2\/tags?post=40758"}],"curies":[{"name":"wp","href":"https:\/\/api.w.org\/{rel}","templated":true}]}}