{"id":40740,"date":"2025-12-03T16:12:54","date_gmt":"2025-12-03T19:12:54","guid":{"rendered":"https:\/\/lrm67.com\/?p=40740"},"modified":"2025-12-03T21:17:22","modified_gmt":"2025-12-04T00:17:22","slug":"ubatuba-realiza-4o-encontro-de-carros-antigos-e-motofest","status":"publish","type":"post","link":"https:\/\/lrm67.com\/index.php\/2025\/12\/03\/ubatuba-realiza-4o-encontro-de-carros-antigos-e-motofest\/","title":{"rendered":"Ubatuba realiza 4\u00ba Encontro de Carros Antigos e MotoFest"},"content":{"rendered":"<p style=\"font-weight: 400;\">No pr\u00f3ximo final de semana, entre os dias 5 e 7, ser\u00e1 realizada a 4\u00aa edi\u00e7\u00e3o do Encontro de Carros Antigos e MotoFest, que ser\u00e1 realizado na Pra\u00e7a de Eventos, na Avenida Iperoig. O evento re\u00fane apaixonados por ve\u00edculos cl\u00e1ssicos de toda a regi\u00e3o, com uma programa\u00e7\u00e3o repleta de atra\u00e7\u00f5es musicais, exposi\u00e7\u00e3o de autom\u00f3veis raros e a\u00e7\u00f5es solid\u00e1rias em prol do Fundo Social de Solidariedade.<\/p>\n<p style=\"font-weight: 400;\">A cada edi\u00e7\u00e3o, o encontro se consolida como um dos eventos culturais e automobil\u00edsticos mais aguardados do calend\u00e1rio local. Nesta edi\u00e7\u00e3o, para participar da exposi\u00e7\u00e3o, cada ve\u00edculo \u2014 carro ou moto \u2014 contribui com 1 kg de alimento, refor\u00e7ando o car\u00e1ter social da iniciativa.<\/p>\n<p style=\"font-weight: 400;\">\u201cSem essa galera apaixonada por carros antigos e por Ubatuba, nada disso seria poss\u00edvel. \u00c9 uma festa constru\u00edda em comunidade, que celebra hist\u00f3ria, cultura, amizade e solidariedade. Estamos muito felizes em realizar mais uma edi\u00e7\u00e3o e ver o p\u00fablico sempre presente,\u201d comentou o presidente do Clube de Carros Antigos de Ubatuba, Douglas Teixeira.<\/p>\n<p style=\"font-weight: 400;\">\u201cO Encontro de Carros Antigos e MotoFest fortalece nosso turismo, movimenta a economia, atrai visitantes e valoriza a cultura automotiva. \u00c9 um evento que une lazer, m\u00fasica e solidariedade, consolidando Ubatuba como destino plural e atrativo em todas as \u00e9pocas do ano\u201d, ressaltou o secret\u00e1rio de Turismo, Anderson Paiva.<\/p>\n<h2 style=\"font-weight: 400;\"><strong>Interdi\u00e7\u00e3o parcial da Avenida Iperoig<\/strong><\/h2>\n<p style=\"font-weight: 400;\">Durante o evento, a Avenida Iperoig ter\u00e1 interdi\u00e7\u00e3o parcial, com bloqueio de uma das faixas no trecho Centro \u2192 Perequ\u00ea-A\u00e7u, entre a Rua Dom Jo\u00e3o III e a Rua Thomas Galhardo.<br \/>\nNo sentido Bairro \u2192 Centro, o tr\u00e2nsito seguir\u00e1 normalmente.<\/p>\n<h2 style=\"font-weight: 400;\"><strong>Programa\u00e7\u00e3o completa<\/strong><\/h2>\n<p style=\"font-weight: 400;\"><strong>Sexta-feira \u2013 05\/12<\/strong><\/p>\n<p style=\"font-weight: 400;\">&#8211; 18h \u2013 Abertura Oficial<\/p>\n<p style=\"font-weight: 400;\">&#8211; 19h \u2013 Reprise In\u00e9dita<\/p>\n<p style=\"font-weight: 400;\">&#8211; 21h30 \u2013 Black Jack<\/p>\n<p style=\"font-weight: 400;\"><strong>S\u00e1bado \u2013 06\/12<\/strong><\/p>\n<p style=\"font-weight: 400;\">&#8211; 10h \u2013 Exposi\u00e7\u00e3o de Carros Antigos e Motos<\/p>\n<p style=\"font-weight: 400;\">&#8211; 12h \u2013 Daniel Ruberti (voz e viol\u00e3o)<\/p>\n<p style=\"font-weight: 400;\">&#8211; 16h \u2013 Banda Bra\u00falio<\/p>\n<p style=\"font-weight: 400;\">&#8211; 19h \u2013 Banda Total<\/p>\n<p style=\"font-weight: 400;\">&#8211; 21h30 \u2013 Banda Sr. Gouveia<\/p>\n<p style=\"font-weight: 400;\"><strong>Domingo \u2013 07\/12<\/strong><\/p>\n<p style=\"font-weight: 400;\">&#8211; 10h \u2013 Exposi\u00e7\u00e3o de Carros Antigos e Motos<\/p>\n<p style=\"font-weight: 400;\">&#8211; 12h \u2013 Daniel Ruberti (voz e viol\u00e3o)<\/p>\n<p style=\"font-weight: 400;\">&#8211; 18h \u2013 Cai\u00e7ara Band\u2019s<\/p>\n<p style=\"font-weight: 400;\">&#8211; 20h30 \u2013\u00a0AutoRockers<\/p>\n","protected":false},"excerpt":{"rendered":"<p>No pr\u00f3ximo final de semana, entre os dias 5 e 7, ser\u00e1 realizada a 4\u00aa edi\u00e7\u00e3o do Encontro de Carros Antigos e MotoFest, que ser\u00e1 realizado na Pra\u00e7a de Eventos, na Avenida Iperoig. O evento re\u00fane apaixonados por ve\u00edculos cl\u00e1ssicos de toda a regi\u00e3o, com uma programa\u00e7\u00e3o repleta de atra\u00e7\u00f5es musicais, exposi\u00e7\u00e3o de autom\u00f3veis raros [&hellip;]<\/p>\n","protected":false},"author":26,"featured_media":40741,"comment_status":"open","ping_status":"open","sticky":false,"template":"","format":"standard","meta":{"footnotes":""},"categories":[12,14],"tags":[],"class_list":["post-40740","post","type-post","status-publish","format-standard","has-post-thumbnail","hentry","category-eventos","category-ubatuba"],"aioseo_notices":[],"_links":{"self":[{"href":"https:\/\/lrm67.com\/index.php\/wp-json\/wp\/v2\/posts\/40740","targetHints":{"allow":["GET"]}}],"collection":[{"href":"https:\/\/lrm67.com\/index.php\/wp-json\/wp\/v2\/posts"}],"about":[{"href":"https:\/\/lrm67.com\/index.php\/wp-json\/wp\/v2\/types\/post"}],"author":[{"embeddable":true,"href":"https:\/\/lrm67.com\/index.php\/wp-json\/wp\/v2\/users\/26"}],"replies":[{"embeddable":true,"href":"https:\/\/lrm67.com\/index.php\/wp-json\/wp\/v2\/comments?post=40740"}],"version-history":[{"count":1,"href":"https:\/\/lrm67.com\/index.php\/wp-json\/wp\/v2\/posts\/40740\/revisions"}],"predecessor-version":[{"id":40742,"href":"https:\/\/lrm67.com\/index.php\/wp-json\/wp\/v2\/posts\/40740\/revisions\/40742"}],"wp:featuredmedia":[{"embeddable":true,"href":"https:\/\/lrm67.com\/index.php\/wp-json\/wp\/v2\/media\/40741"}],"wp:attachment":[{"href":"https:\/\/lrm67.com\/index.php\/wp-json\/wp\/v2\/media?parent=40740"}],"wp:term":[{"taxonomy":"category","embeddable":true,"href":"https:\/\/lrm67.com\/index.php\/wp-json\/wp\/v2\/categories?post=40740"},{"taxonomy":"post_tag","embeddable":true,"href":"https:\/\/lrm67.com\/index.php\/wp-json\/wp\/v2\/tags?post=40740"}],"curies":[{"name":"wp","href":"https:\/\/api.w.org\/{rel}","templated":true}]}}