{"id":40736,"date":"2025-12-03T15:06:42","date_gmt":"2025-12-03T18:06:42","guid":{"rendered":"https:\/\/lrm67.com\/?p=40736"},"modified":"2025-12-03T21:06:59","modified_gmt":"2025-12-04T00:06:59","slug":"educacao-de-sao-sebastiao-e-destaque-no-premio-amvale-com-iniciativa-voltada-a-conservacao-educacao-e-sustentabilidade-marinha","status":"publish","type":"post","link":"https:\/\/lrm67.com\/index.php\/2025\/12\/03\/educacao-de-sao-sebastiao-e-destaque-no-premio-amvale-com-iniciativa-voltada-a-conservacao-educacao-e-sustentabilidade-marinha\/","title":{"rendered":"Educa\u00e7\u00e3o de S\u00e3o Sebasti\u00e3o \u00e9 destaque no Pr\u00eamio AMVALE com iniciativa voltada \u00e0 Conserva\u00e7\u00e3o, Educa\u00e7\u00e3o e Sustentabilidade Marinha"},"content":{"rendered":"<p>A Educa\u00e7\u00e3o de S\u00e3o Sebasti\u00e3o foi reconhecida no Pr\u00eamio AMVALE de Gest\u00e3o Respons\u00e1vel 2025 na categoria ODS 14: Vida na \u00c1gua, com a iniciativa \u2018Conserva\u00e7\u00e3o, Educa\u00e7\u00e3o e Sustentabilidade Marinha\u2019, que re\u00fane um amplo conjunto de a\u00e7\u00f5es desenvolvidas pela Secretaria da Educa\u00e7\u00e3o (Seduc) junto com a Secretaria do Meio Ambiente (Semam).<\/p>\n<p>Em um munic\u00edpio cuja vida social, econ\u00f4mica e cultural est\u00e1 profundamente conectada ao mar, a Educa\u00e7\u00e3o de S\u00e3o Sebasti\u00e3o assumiu um papel fundamental na promo\u00e7\u00e3o da Cultura Oce\u00e2nica e no fortalecimento das pr\u00e1ticas pedag\u00f3gicas voltadas \u00e0 sustentabilidade. As a\u00e7\u00f5es desenvolvidas nas escolas integram conhecimento cient\u00edfico, saberes tradicionais e viv\u00eancias locais, preparando as novas gera\u00e7\u00f5es para enfrentar desafios contempor\u00e2neos como a polui\u00e7\u00e3o marinha, a degrada\u00e7\u00e3o dos ecossistemas e os efeitos das mudan\u00e7as clim\u00e1ticas.<\/p>\n<p>Entre as iniciativas implementadas, destaca-se o Dia do Cai\u00e7ara, celebrado em 15 de mar\u00e7o e inserido oficialmente no calend\u00e1rio escolar municipal. A data mobiliza escolas e creches com atividades como conta\u00e7\u00e3o de hist\u00f3rias, apresenta\u00e7\u00f5es culturais, rodas de conversa com cai\u00e7aras nativos, brincadeiras tradicionais e card\u00e1pio especial.<\/p>\n<p>A agenda ambiental tamb\u00e9m inclui a\u00e7\u00f5es cont\u00ednuas de coleta seletiva, reciclagem e limpeza de praias, promovendo a responsabilidade compartilhada pela preserva\u00e7\u00e3o dos ecossistemas marinhos. Outras atividades, como forma\u00e7\u00f5es sobre sustentabilidade para coordenadores pedag\u00f3gicos e a tradicional Semana da \u00c1gua, aprofundam conhecimentos sobre o uso consciente dos recursos h\u00eddricos e a interdepend\u00eancia entre os sistemas terrestres e oce\u00e2nicos.<\/p>\n<p>Outra a\u00e7\u00e3o de grande impacto foi a limpeza do Mangue do Colhereiro, ecossistema essencial para a purifica\u00e7\u00e3o da \u00e1gua e manuten\u00e7\u00e3o da biodiversidade. Em apenas 30 minutos de atividade, os estudantes coletaram 55,5 quilos de res\u00edduos, posteriormente triados e quantificados pela Semam. O conjunto dessas a\u00e7\u00f5es articuladas, levou S\u00e3o Sebasti\u00e3o a tornar-se o primeiro munic\u00edpio da regi\u00e3o Sudeste com 100% das escolas certificadas pelo Programa Escola Azul, iniciativa que reconhece institui\u00e7\u00f5es comprometidas com a Cultura Oce\u00e2nica e a preserva\u00e7\u00e3o dos ecossistemas marinhos.<\/p>\n<p>Para a secret\u00e1ria de Educa\u00e7\u00e3o, Marta Braz, o reconhecimento reafirma o compromisso da rede municipal com a sustentabilidade. \u201cReceber esse reconhecimento refor\u00e7a que S\u00e3o Sebasti\u00e3o trilha o caminho certo. Ser 100% Escola Azul mostra que nossa rede \u00e9 refer\u00eancia em educa\u00e7\u00e3o oce\u00e2nica e sustentabilidade marinha. \u00c9 um orgulho ver nossas escolas liderando pelo exemplo e formando estudantes comprometidos com a prote\u00e7\u00e3o da vida na \u00e1gua\u201d.<\/p>\n<p>A iniciativa \u2018Conserva\u00e7\u00e3o, Educa\u00e7\u00e3o e Sustentabilidade Marinha\u2019 foi concebida para despertar a consci\u00eancia ambiental desde a inf\u00e2ncia, fortalecer o v\u00ednculo dos estudantes com o territ\u00f3rio costeiro e incentivar o protagonismo juvenil em a\u00e7\u00f5es de preserva\u00e7\u00e3o dos recursos h\u00eddricos. Sua execu\u00e7\u00e3o envolve professores, gestores, alunos, lideran\u00e7as cai\u00e7aras, organiza\u00e7\u00f5es da sociedade civil e institui\u00e7\u00f5es cient\u00edficas, consolidando uma rede colaborativa em prol da sustentabilidade.<\/p>\n<p>O destaque no Pr\u00eamio AMVALE de Gest\u00e3o Respons\u00e1vel 2025 reafirma S\u00e3o Sebasti\u00e3o como refer\u00eancia em educa\u00e7\u00e3o ambiental e sustentabilidade marinha, fortalecendo o compromisso do munic\u00edpio com a forma\u00e7\u00e3o de cidad\u00e3os conscientes, protagonistas e comprometidos com a prote\u00e7\u00e3o da Vida na \u00c1gua e com o futuro do planeta.<\/p>\n","protected":false},"excerpt":{"rendered":"<p>A Educa\u00e7\u00e3o de S\u00e3o Sebasti\u00e3o foi reconhecida no Pr\u00eamio AMVALE de Gest\u00e3o Respons\u00e1vel 2025 na categoria ODS 14: Vida na \u00c1gua, com a iniciativa \u2018Conserva\u00e7\u00e3o, Educa\u00e7\u00e3o e Sustentabilidade Marinha\u2019, que re\u00fane um amplo conjunto de a\u00e7\u00f5es desenvolvidas pela Secretaria da Educa\u00e7\u00e3o (Seduc) junto com a Secretaria do Meio Ambiente (Semam). Em um munic\u00edpio cuja vida [&hellip;]<\/p>\n","protected":false},"author":26,"featured_media":40737,"comment_status":"open","ping_status":"open","sticky":false,"template":"","format":"standard","meta":{"footnotes":""},"categories":[19,2,13],"tags":[],"class_list":["post-40736","post","type-post","status-publish","format-standard","has-post-thumbnail","hentry","category-educacao","category-geral","category-sao-sebastiao"],"aioseo_notices":[],"_links":{"self":[{"href":"https:\/\/lrm67.com\/index.php\/wp-json\/wp\/v2\/posts\/40736","targetHints":{"allow":["GET"]}}],"collection":[{"href":"https:\/\/lrm67.com\/index.php\/wp-json\/wp\/v2\/posts"}],"about":[{"href":"https:\/\/lrm67.com\/index.php\/wp-json\/wp\/v2\/types\/post"}],"author":[{"embeddable":true,"href":"https:\/\/lrm67.com\/index.php\/wp-json\/wp\/v2\/users\/26"}],"replies":[{"embeddable":true,"href":"https:\/\/lrm67.com\/index.php\/wp-json\/wp\/v2\/comments?post=40736"}],"version-history":[{"count":1,"href":"https:\/\/lrm67.com\/index.php\/wp-json\/wp\/v2\/posts\/40736\/revisions"}],"predecessor-version":[{"id":40738,"href":"https:\/\/lrm67.com\/index.php\/wp-json\/wp\/v2\/posts\/40736\/revisions\/40738"}],"wp:featuredmedia":[{"embeddable":true,"href":"https:\/\/lrm67.com\/index.php\/wp-json\/wp\/v2\/media\/40737"}],"wp:attachment":[{"href":"https:\/\/lrm67.com\/index.php\/wp-json\/wp\/v2\/media?parent=40736"}],"wp:term":[{"taxonomy":"category","embeddable":true,"href":"https:\/\/lrm67.com\/index.php\/wp-json\/wp\/v2\/categories?post=40736"},{"taxonomy":"post_tag","embeddable":true,"href":"https:\/\/lrm67.com\/index.php\/wp-json\/wp\/v2\/tags?post=40736"}],"curies":[{"name":"wp","href":"https:\/\/api.w.org\/{rel}","templated":true}]}}