{"id":40720,"date":"2025-12-03T17:38:17","date_gmt":"2025-12-03T20:38:17","guid":{"rendered":"https:\/\/lrm67.com\/?p=40720"},"modified":"2025-12-03T17:38:17","modified_gmt":"2025-12-03T20:38:17","slug":"macc-recebe-familia-machado-para-encontro-sobre-quilombo-da-cacandoca","status":"publish","type":"post","link":"https:\/\/lrm67.com\/index.php\/2025\/12\/03\/macc-recebe-familia-machado-para-encontro-sobre-quilombo-da-cacandoca\/","title":{"rendered":"Macc recebe fam\u00edlia \u2018Machado\u2019 para encontro sobre Quilombo da Ca\u00e7andoca"},"content":{"rendered":"<p>O Museu de Arte e Cultura de Caraguatatuba (Macc) recebe no dia 6 de dezembro, s\u00e1bado, mais uma edi\u00e7\u00e3o do projeto MM MACC Museu Vivo. Nesta edi\u00e7\u00e3o, o p\u00fablico vai participar de um encontro com a fam\u00edlia Machado, cai\u00e7aras do Quilombo da Ca\u00e7andoca, de Ubatuba.<\/p>\n<p>Joviano Jos\u00e9 Machado, Maria da Concei\u00e7\u00e3o Machado estar\u00e3o \u00e0s 16h na Videoteca L\u00facio Braun para a exibi\u00e7\u00e3o do filme do filho Deco Machado, o \u201cO Brilho da Heran\u00e7a\u201d, obra foi premiada como Melhor Filme Documental no Filma Bauru (Festival de Cinema do Interior de SP) e eleito Melhor Curta-Metragem do Litoral Norte no Curta Caragu\u00e1 2025. Na sequ\u00eancia, uma roda de conversa com a fam\u00edlia sobre o territ\u00f3rio est\u00e1 prevista. A entrada \u00e9 gratuita e a classifica\u00e7\u00e3o \u00e9 livre.<\/p>\n<p>&nbsp;<\/p>\n<h2><strong>Conhe\u00e7a a Fam\u00edlia Machado<\/strong><\/h2>\n<p><strong>Deco Machado \u2013 cineasta e fot\u00f3grafo documentarista<\/strong><\/p>\n<p>Deco Machado \u00e9 um criador forjado entre o mar, a mata e a hist\u00f3ria viva da Ca\u00e7andoca. Cineasta e fot\u00f3grafo documentarista, formado em Fotografia pelo Centro Universit\u00e1rio Senac e em Produ\u00e7\u00e3o Cinematogr\u00e1fica pela Academia Internacional de Cinema (AIC), ele une t\u00e9cnica, sensibilidade e compromisso \u00e9tico para construir narrativas que emergem do territ\u00f3rio e retornam a ele com profundidade cr\u00edtica.<\/p>\n<p>Seu trabalho nasce da observa\u00e7\u00e3o atenta da vida comum, da mem\u00f3ria oral e da for\u00e7a das rela\u00e7\u00f5es comunit\u00e1rias. Deco pensa a imagem com a mesma seriedade com que pensa o territ\u00f3rio: sempre questionando, sempre desconfiando do \u00f3bvio, sempre observando as sutilezas que se escondem no cotidiano.<\/p>\n<p>Seu filme mais recente, \u201cO Brilho da Heran\u00e7a\u201d, sintetiza essa busca. A obra foi premiada como Melhor Filme Documental no Filma Bauru (Festival de Cinema do Interior de SP) e eleita Melhor Curta-Metragem do Litoral Norte no Curta Caragu\u00e1 2025. O filme j\u00e1 soma mais de 25 sele\u00e7\u00f5es em festivais no Brasil, Canad\u00e1 e Estados Unidos, consolidando a relev\u00e2ncia do trabalho e ampliando o alcance das narrativas quilombolas e cai\u00e7aras para al\u00e9m das fronteiras regionais.<\/p>\n<p><strong>Maria da Concei\u00e7\u00e3o Machado \u2013 quilombola da Ca\u00e7andoca, mestra gri\u00f4 do territ\u00f3rio, artes\u00e3 e cozinheira da tradi\u00e7\u00e3o<\/strong><\/p>\n<p>Maria da Concei\u00e7\u00e3o Machado carrega no corpo e na voz a pr\u00f3pria mem\u00f3ria da Ca\u00e7andoca. Mais que testemunha, \u00e9 guardi\u00e3 ativa do territ\u00f3rio como Mestra Gri\u00f4, conduzindo narrativas, rituais e saberes que sustentam a continuidade da comunidade. Artes\u00e3 de m\u00e3os precisas e cozinheira de fundamento ancestral, \u00e9 reconhecida por seus pratos tradicionais, que integram a Cozinha das Tradi\u00e7\u00f5es do F\u00f3rum de Comunidades Tradicionais (FCT). Ali, n\u00e3o apenas prepara alimentos; ela preserva e atualiza uma cosmologia culin\u00e1ria que atravessa gera\u00e7\u00f5es e afirma a dignidade quilombola.<\/p>\n<p>Sua for\u00e7a, no entanto, ultrapassa a arte e a comida. Maria da Concei\u00e7\u00e3o foi pilar nas discuss\u00f5es e mobiliza\u00e7\u00f5es pelo acesso \u00e0 terra na Ca\u00e7andoca, enfrentando estruturas resistentes e discursos que historicamente negaram direitos \u00e0s fam\u00edlias quilombolas. Participou de assembleias, marchas e di\u00e1logos tensos com o poder p\u00fablico, sempre conduzida por uma postura firme, cr\u00edtica e comprometida com o futuro do territ\u00f3rio.<\/p>\n<p><strong>Joviano Jos\u00e9 Machado \u2013 cai\u00e7ara de Caraguatatuba, pensador das dualidades do tempo<\/strong><\/p>\n<p>Joviano Jos\u00e9 Machado \u00e9 daqueles nomes que o territ\u00f3rio pronuncia antes mesmo que algu\u00e9m o apresente. Cai\u00e7ara natural de Caraguatatuba e morador do Quilombo da Ca\u00e7andoca h\u00e1 mais de cinquenta anos, ele se tornou parte indissoci\u00e1vel da paisagem humana e espiritual do lugar. Seu pensamento nasce do conv\u00edvio di\u00e1rio com o tempo, esse tempo que muda, que tenciona, que desafia e das dualidades que moldam a vida entre a mata e o mar.<\/p>\n<p>Mestre da criatividade intu\u00edda, da sensibilidade que brota da vida simples e da sabedoria constru\u00edda no corpo, no gesto, na conviv\u00eancia. No samba, encontra ritmo e filosofia. Na terra, encontra ra\u00edzes.\u00a0 Vive em rela\u00e7\u00e3o direta com o territ\u00f3rio, cultivando um entendimento profundo das mudan\u00e7as que moldam a Ca\u00e7andoca e seu entorno. Seu olhar cr\u00edtico n\u00e3o \u00e9 acad\u00eamico, \u00e9 existencial. Ele percebe as transforma\u00e7\u00f5es do tempo como quem l\u00ea a maresia no ar ou o movimento de um peixe na \u00e1gua, com naturalidade, precis\u00e3o e um sil\u00eancio atento. Um sujeito que n\u00e3o se descreve: se vive. E, vivendo, ensina.<\/p>\n<p>O Macc est\u00e1 localizado na Pra\u00e7a Dr. C\u00e2ndido Motta, 72, no Centro de Caraguatatuba.<\/p>\n<p>&nbsp;<\/p>\n<pre>Foto: Fundacc<\/pre>\n","protected":false},"excerpt":{"rendered":"<p>O Museu de Arte e Cultura de Caraguatatuba (Macc) recebe no dia 6 de dezembro, s\u00e1bado, mais uma edi\u00e7\u00e3o do projeto MM MACC Museu Vivo. Nesta edi\u00e7\u00e3o, o p\u00fablico vai participar de um encontro com a fam\u00edlia Machado, cai\u00e7aras do Quilombo da Ca\u00e7andoca, de Ubatuba. Joviano Jos\u00e9 Machado, Maria da Concei\u00e7\u00e3o Machado estar\u00e3o \u00e0s 16h [&hellip;]<\/p>\n","protected":false},"author":26,"featured_media":40721,"comment_status":"open","ping_status":"open","sticky":false,"template":"","format":"standard","meta":{"footnotes":""},"categories":[8,30,12],"tags":[430,17,227,132,377],"class_list":["post-40720","post","type-post","status-publish","format-standard","has-post-thumbnail","hentry","category-caraguatatuba","category-cultura","category-eventos","tag-arte","tag-caraguatatuba","tag-cultura","tag-eventos","tag-museu-de-arte-e-cultura-de-caraguatatuba"],"aioseo_notices":[],"_links":{"self":[{"href":"https:\/\/lrm67.com\/index.php\/wp-json\/wp\/v2\/posts\/40720","targetHints":{"allow":["GET"]}}],"collection":[{"href":"https:\/\/lrm67.com\/index.php\/wp-json\/wp\/v2\/posts"}],"about":[{"href":"https:\/\/lrm67.com\/index.php\/wp-json\/wp\/v2\/types\/post"}],"author":[{"embeddable":true,"href":"https:\/\/lrm67.com\/index.php\/wp-json\/wp\/v2\/users\/26"}],"replies":[{"embeddable":true,"href":"https:\/\/lrm67.com\/index.php\/wp-json\/wp\/v2\/comments?post=40720"}],"version-history":[{"count":1,"href":"https:\/\/lrm67.com\/index.php\/wp-json\/wp\/v2\/posts\/40720\/revisions"}],"predecessor-version":[{"id":40722,"href":"https:\/\/lrm67.com\/index.php\/wp-json\/wp\/v2\/posts\/40720\/revisions\/40722"}],"wp:featuredmedia":[{"embeddable":true,"href":"https:\/\/lrm67.com\/index.php\/wp-json\/wp\/v2\/media\/40721"}],"wp:attachment":[{"href":"https:\/\/lrm67.com\/index.php\/wp-json\/wp\/v2\/media?parent=40720"}],"wp:term":[{"taxonomy":"category","embeddable":true,"href":"https:\/\/lrm67.com\/index.php\/wp-json\/wp\/v2\/categories?post=40720"},{"taxonomy":"post_tag","embeddable":true,"href":"https:\/\/lrm67.com\/index.php\/wp-json\/wp\/v2\/tags?post=40720"}],"curies":[{"name":"wp","href":"https:\/\/api.w.org\/{rel}","templated":true}]}}